{"id":257814,"date":"2021-01-18T14:37:21","date_gmt":"2021-01-18T17:37:21","guid":{"rendered":"https:\/\/www.cnbb.org.br\/?p=257814"},"modified":"2021-01-18T14:41:39","modified_gmt":"2021-01-18T17:41:39","slug":"comissao-ofereceu-aos-catequistas-conteudos-e-momentos-de-formacao-em-2020","status":"publish","type":"post","link":"https:\/\/www.cnbb.org.br\/comissao-ofereceu-aos-catequistas-conteudos-e-momentos-de-formacao-em-2020\/","title":{"rendered":"Comiss\u00e3o ofereceu aos catequistas conte\u00fados e momentos de forma\u00e7\u00e3o em 2020"},"content":{"rendered":"<p style=\"text-align: justify;\">A Comiss\u00e3o Episcopal Pastoral para Anima\u00e7\u00e3o B\u00edblico-Catequ\u00e9tica da Confer\u00eancia Nacional dos Bispos do Brasil (CNBB) esteve em 2020, dentro do esp\u00edrito do plano de Pastoral de Conjunto, promovendo a a\u00e7\u00e3o catequ\u00e9tica, o aprofundamento doutrinal e a reflex\u00e3o teol\u00f3gica.<\/p>\n<p>Confira, abaixo, alguma a\u00e7\u00f5es realizadas:<\/p>\n<h5 style=\"text-align: justify;\"><strong>Especializa\u00e7\u00e3o em Pedagogia Catequ\u00e9tica<\/strong><\/h5>\n<p style=\"text-align: justify;\">A Comiss\u00e3o com o apoio da Coordena\u00e7\u00e3o de P\u00f3s-Gradua\u00e7\u00e3o <em>Lato Sensu,<\/em> em conv\u00eanio com a Diocese de Goi\u00e1s, oferece o curso de Especializa\u00e7\u00e3o em Pedagogia Catequ\u00e9tica, com o intuito de formar especialistas para todas as regi\u00f5es do Brasil. O curso, ministrado h\u00e1 mais de 15 anos, \u00e9 voltado para catequistas, presb\u00edteros e religiosos na \u00e1rea da catequese.<\/p>\n<p style=\"text-align: justify;\">Com os objetivos de incentivar a pesquisa e a produ\u00e7\u00e3o catequ\u00e9tica, fortalecer a caminhada da catequese e capacitar e qualificar catequistas, coordenadores e assessores, o curso ocorre sempre em m\u00f3dulos de aulas presenciais, em janeiro e julho, com dez dias intensivos de aula. Desta vez, realizado de 07 a 15 de janeiro, houve o terceiro m\u00f3dulo da 13\u00aa turma.<\/p>\n<p style=\"text-align: justify;\">Durante o per\u00edodo, os alunos tiveram aulas de Mistagogia com dom Eug\u00eanio Rixen; Introdu\u00e7\u00e3o ao Segundo Testamento: B\u00edblia II e Metodologia da Pesquisa Cient\u00edfica com o professor Hebert Vieira; Inicia\u00e7\u00e3o \u00e0 Vida Crist\u00e3 com o assessor nacional da Comiss\u00e3o para a Anima\u00e7\u00e3o B\u00edblico-Catequ\u00e9tica, padre J\u00e2nison de S\u00e1 Santos, e Introdu\u00e7\u00e3o ao Primeiro Testamento: B\u00edblia I com a irm\u00e3 Maria Aparecida Barboza.<\/p>\n<p><img decoding=\"async\" loading=\"lazy\" class=\"wp-image-36373 alignright\" src=\"https:\/\/www.cnbb.org.br\/wp-content\/uploads\/2020\/03\/Especializa\u00e7\u00e3o-em-Catequese-Goi\u00e1s-scaled.jpg\" alt=\"\" width=\"475\" height=\"633\" srcset=\"https:\/\/www.cnbb.org.br\/wp-content\/uploads\/2020\/03\/Especializa\u00e7\u00e3o-em-Catequese-Goi\u00e1s-scaled.jpg 810w, https:\/\/www.cnbb.org.br\/wp-content\/uploads\/2020\/03\/Especializa\u00e7\u00e3o-em-Catequese-Goi\u00e1s-225x300.jpg 225w, https:\/\/www.cnbb.org.br\/wp-content\/uploads\/2020\/03\/Especializa\u00e7\u00e3o-em-Catequese-Goi\u00e1s-768x1024.jpg 768w, https:\/\/www.cnbb.org.br\/wp-content\/uploads\/2020\/03\/Especializa\u00e7\u00e3o-em-Catequese-Goi\u00e1s-1152x1536.jpg 1152w, https:\/\/www.cnbb.org.br\/wp-content\/uploads\/2020\/03\/Especializa\u00e7\u00e3o-em-Catequese-Goi\u00e1s-1536x2048.jpg 1536w, https:\/\/www.cnbb.org.br\/wp-content\/uploads\/2020\/03\/Especializa\u00e7\u00e3o-em-Catequese-Goi\u00e1s-500x667.jpg 500w\" sizes=\"(max-width: 475px) 100vw, 475px\" \/><\/p>\n<p style=\"text-align: justify;\">O curso promove a articula\u00e7\u00e3o e a organiza\u00e7\u00e3o da catequese em todos os n\u00edveis, al\u00e9m de dinamizar a miss\u00e3o evangelizadora da Igreja. \u201c<em>Durante todos esses anos fomos melhorando a programa\u00e7\u00e3o, nos adequando, nos adaptando \u00e0s grandes e novas orienta\u00e7\u00f5es da catequese no Brasil, principalmente na linha da Inicia\u00e7\u00e3o \u00e0 Vida Crist\u00e3<\/em>\u201d, aponta dom Eug\u00eanio Rixen.<\/p>\n<p style=\"text-align: justify;\">Padre J\u00e2nison de S\u00e1 Santos, assessor da Comiss\u00e3o para a Anima\u00e7\u00e3o B\u00edblico-Catequ\u00e9tica da CNBB, que ministrou uma aula sobre \u201cInicia\u00e7\u00e3o \u00e0 Vida Crist\u00e3\u201d no curso, fez quest\u00e3o de enfatizar que as Diretrizes Gerais da A\u00e7\u00e3o Evangelizadora da Igreja no Brasil (2019-2023) coloca a Inicia\u00e7\u00e3o \u00e0 Vida Crist\u00e3 como um dos pilares fundamentais. \u201cA Inicia\u00e7\u00e3o \u00e0 Vida Crist\u00e3 \u00e9 a transforma\u00e7\u00e3o radical do crist\u00e3o para participa\u00e7\u00e3o no mist\u00e9rio pascal de Cristo, realizado com a media\u00e7\u00e3o da Palavra que leva a f\u00e9, mediante os sacramentos do Batismo, da Confirma\u00e7\u00e3o e da Eucaristia\u201d, disse.<\/p>\n<p style=\"text-align: justify;\">O assessor explicou aos alunos sobre a hist\u00f3ria da Inicia\u00e7\u00e3o \u00e0 Vida Crist\u00e3 a partir dos primeiros s\u00e9culos da Igreja at\u00e9 os dias atuais, com \u00eanfase no per\u00edodo p\u00f3s Conciliar e nos Documentos Eclesiais. \u201cA partir da\u00ed fomos delineando a import\u00e2ncia da Inicia\u00e7\u00e3o \u00e0 Vida Crist\u00e3 na Igreja, na forma\u00e7\u00e3o. Vimos tamb\u00e9m como deve ser feita a Inicia\u00e7\u00e3o \u00e0 Vida Crist\u00e3 em nossas par\u00f3quias e comunidades\u201d, acrescentou.<\/p>\n<h5 style=\"text-align: justify;\"><strong>6\u00aa Semana Catequ\u00e9tica <\/strong><\/h5>\n<p style=\"text-align: justify;\">Padre J\u00e2nison de S\u00e1 Santos, assessor da Comiss\u00e3o Episcopal Pastoral para a Anima\u00e7\u00e3o B\u00edblico-Catequ\u00e9tica da CNBB, conduziu as reflex\u00f5es das duas principais confer\u00eancias da 6\u00aa Semana Catequ\u00e9tica, da Escola de Pastoral Catequ\u00e9tica da arquidiocese de Fortaleza. A iniciativa integra a comemora\u00e7\u00e3o do jubileu da Escola e foi realizada de 10 a 14 de fevereiro, com o tema \u201cCatequese de Inicia\u00e7\u00e3o \u00e0 Vida Crist\u00e3: Formadora de Disc\u00edpulos-Mission\u00e1rios em Comunidade\u201d.<\/p>\n<p style=\"text-align: justify;\"><img decoding=\"async\" loading=\"lazy\" class=\" wp-image-36791 alignleft\" src=\"https:\/\/www.cnbb.org.br\/wp-content\/uploads\/2020\/03\/20200210_195324-scaled.jpg\" alt=\"\" width=\"292\" height=\"389\" srcset=\"https:\/\/www.cnbb.org.br\/wp-content\/uploads\/2020\/03\/20200210_195324-scaled.jpg 810w, https:\/\/www.cnbb.org.br\/wp-content\/uploads\/2020\/03\/20200210_195324-225x300.jpg 225w, https:\/\/www.cnbb.org.br\/wp-content\/uploads\/2020\/03\/20200210_195324-768x1024.jpg 768w, https:\/\/www.cnbb.org.br\/wp-content\/uploads\/2020\/03\/20200210_195324-1152x1536.jpg 1152w, https:\/\/www.cnbb.org.br\/wp-content\/uploads\/2020\/03\/20200210_195324-1536x2048.jpg 1536w, https:\/\/www.cnbb.org.br\/wp-content\/uploads\/2020\/03\/20200210_195324-500x667.jpg 500w, https:\/\/www.cnbb.org.br\/wp-content\/uploads\/2020\/03\/20200210_195324-scaled-360x480.jpg 360w\" sizes=\"(max-width: 292px) 100vw, 292px\" \/>As confer\u00eancias t\u00eam as tem\u00e1ticas \u201cA Catequese a Servi\u00e7o da Inicia\u00e7\u00e3o \u00e0 Vida Crist\u00e3\u201d e \u201cDisc\u00edpulos-Mission\u00e1rios em Comunidade\u201d. \u201c<em>Est\u00e1 sendo muito interessante a forma\u00e7\u00e3o,\u00a0a participa\u00e7\u00e3o dos catequistas.\u00a0Este \u00e9 um\u00a0momento fundamental para a forma\u00e7\u00e3o, para o crescimento da f\u00e9 do catequista, educador na f\u00e9. Aqui temos muitos catequistas preparados, bem formados,\u00a0participantes efetivamente das escolas catequ\u00e9ticas\u201d<\/em>, disse.<\/p>\n<p style=\"text-align: justify;\">Elenir\u00a0Pereira, uma das coordenadoras da Escola de Pastoral Catequ\u00e9tica, disse que a\u00a0ESPAC vem acompanhando todas\u00a0as exig\u00eancias e a nova realidade da Igreja\u00a0e\u00a0das Diretrizes Gerais da A\u00e7\u00e3o Evangelizadora da Igreja (DGAE). \u201c<em>Oferecer uma forma\u00e7\u00e3o sistem\u00e1tica integral em todas as dimens\u00f5es\u00a0necess\u00e1rias para a forma\u00e7\u00e3o dos catequistas \u00e9 a nossa miss\u00e3o<\/em>\u201d, enfatizou.<\/p>\n<p style=\"text-align: justify;\">Ao longo da semana,\u00a0os\u00a0230 Catequistas\u00a0inscritos\u00a0fizeram\u00a0parte de\u00a0dois grupos de reflex\u00e3o\u00a0que\u00a0abordaram\u00a0temas espec\u00edficos\u00a0da Inicia\u00e7\u00e3o \u00e0 Vida Crist\u00e3.\u00a0Foram\u00a0seis\u00a0grupos de reflex\u00e3o com\u00a0 os seguintes temas:\u00a0O Minist\u00e9rio do Introdutor e o An\u00fancio\u00a0Querigm\u00e1tico;\u00a0Roteiro Inici\u00e1tico com Pais e Padrinhos;\u00a0Ilumina\u00e7\u00e3o-Purifica\u00e7\u00e3o \u00e0 Luz de Mc 10, 46-52;\u00a0A Dimens\u00e3o\u00a0Mistag\u00f3gica\u00a0da Inicia\u00e7\u00e3o \u00e0 Vida Crist\u00e3;\u00a0\u00a0Dimens\u00e3o Mission\u00e1ria da Inicia\u00e7\u00e3o \u00e0 Vida Crist\u00e3;\u00a0A Palavra de Deus na Inicia\u00e7\u00e3o \u00e0 Vida Crist\u00e3.<\/p>\n<p style=\"text-align: justify;\">A proposta\u00a0foi\u00a0fortalecer a catequese de Inicia\u00e7\u00e3o \u00e0 Vida Crist\u00e3 com inspira\u00e7\u00e3o\u00a0catecumenal, tendo em vista o an\u00fancio e o testemunho do Evangelho em comunidade, na constru\u00e7\u00e3o do Reino de Deus.\u00a0\u201cEsperamos\u00a0que essa\u00a06\u00aa Semana Catequ\u00e9tica anime os catequistas a seguirem firmes na miss\u00e3o de educar na f\u00e9 e fazer da catequese um caminho para o discipulado.\u00a0Que a Escola de Pastoral Catequ\u00e9tica \u2013 ESPAC se fortale\u00e7a a cada dia para prosseguir, enfrentando os desafios e\u00a0abrindo Caminhos para uma Catequese Mission\u00e1ria e\u00a0comprometida com a Evangeliza\u00e7\u00e3o,\u00a0na Igreja e na sociedade\u201d, afirmou a equipe organizadora.<\/p>\n<h5 style=\"text-align: justify;\"><strong>Itiner\u00e1rio Catequ\u00e9tico\u00a0<\/strong><\/h5>\n<p style=\"text-align: justify;\">A equipe de elabora\u00e7\u00e3o do itiner\u00e1rio catequ\u00e9tico \u201cInicia\u00e7\u00e3o \u00e0 Vida Crist\u00e3 \u2013 um processo de inspira\u00e7\u00e3o catecumenal\u201d esteve reunida na sede da Confer\u00eancia Nacional dos Bispos do Brasil (CNBB), em Bras\u00edlia (DF), com o objetivo de atualizar e revisar o texto. O itiner\u00e1rio foi feito em 2014 para a Pastoral B\u00edblico-Catequ\u00e9tica. O trabalho durou tr\u00eas anos e reuniu pessoas com forma\u00e7\u00e3o e pr\u00e1tica na \u00e1rea b\u00edblico-catequ\u00e9tica e envolveu os bispos referenciais e as coordena\u00e7\u00f5es regionais das Comiss\u00f5es para a Anima\u00e7\u00e3o B\u00edblico-Catequ\u00e9tica.<br \/>\n<img decoding=\"async\" loading=\"lazy\" class=\" wp-image-36961 alignright\" src=\"https:\/\/www.cnbb.org.br\/wp-content\/uploads\/2020\/03\/49595515048_04e0fc7001_b.jpg\" alt=\"\" width=\"424\" height=\"238\" srcset=\"https:\/\/www.cnbb.org.br\/wp-content\/uploads\/2020\/03\/49595515048_04e0fc7001_b.jpg 1024w, https:\/\/www.cnbb.org.br\/wp-content\/uploads\/2020\/03\/49595515048_04e0fc7001_b-300x168.jpg 300w, https:\/\/www.cnbb.org.br\/wp-content\/uploads\/2020\/03\/49595515048_04e0fc7001_b-768x431.jpg 768w, https:\/\/www.cnbb.org.br\/wp-content\/uploads\/2020\/03\/49595515048_04e0fc7001_b-500x281.jpg 500w\" sizes=\"(max-width: 424px) 100vw, 424px\" \/><\/p>\n<p style=\"text-align: justify;\">Trata-se de um itiner\u00e1rio que apresenta orienta\u00e7\u00f5es para um caminho poss\u00edvel a ser feito em todas as realidades do territ\u00f3rio nacional, bem como oferece indica\u00e7\u00f5es que possibilitem a concretiza\u00e7\u00e3o de uma verdadeira Inicia\u00e7\u00e3o \u00e0 Vida Crist\u00e3. \u201c\u00c9 um texto muito importante que norteou a produ\u00e7\u00e3o dos materiais, subs\u00eddios de catequese nas dioceses e nas diferentes regi\u00f5es\u201d, afirma o assessor nacional da Comiss\u00e3o para a Anima\u00e7\u00e3o B\u00edblico-Catequ\u00e9tica da CNBB, padre J\u00e2nison de S\u00e1.<\/p>\n<p style=\"text-align: justify;\">A proposta de revisar o texto\u00a0surgiu com a necessidade de estar em sintonia com as atuais Diretrizes Gerais da A\u00e7\u00e3o Evangelizadora da Igreja no Brasil (DGAE) e com os objetivos do\u00a0Documento 107 da CNBB que trata sobre a \u201cInicia\u00e7\u00e3o \u00e0 Vida Crist\u00e3: itiner\u00e1rio para formar disc\u00edpulos mission\u00e1rios\u201d, aprovado na\u00a055\u00aa Assembleia Geral da CNBB.\u00a0\u201cA partir disso,\u00a0n\u00f3s convocamos a equipe que elaborou o texto em 2014 para esta revis\u00e3o e atualiza\u00e7\u00e3o\u201d, explicou o padre\u00a0J\u00e2nison.<\/p>\n<h5 style=\"text-align: justify;\"><strong>Encontro com coordenadores e referenciais da Anima\u00e7\u00e3o B\u00edblico-Catequ\u00e9tica<\/strong><\/h5>\n<p style=\"text-align: justify;\">Na quinta-feira, dia 05, no Centro Cultural Mission\u00e1rio (CCM), em Bras\u00edlia (DF), aconteceu a reuni\u00e3o da Comiss\u00e3o com os bispos referenciais e coordenadores da Anima\u00e7\u00e3o B\u00edblico-Catequ\u00e9tica dos regionais da entidade.<\/p>\n<p style=\"text-align: justify;\">Segundo o assessor nacional da Comiss\u00e3o, padre J\u00e2nison de S\u00e1, o encontro ocorre anualmente e \u00e9 uma oportunidade que os regionais tem de se esfor\u00e7arem junto \u00e0s dioceses para colocarem em pr\u00e1tica os projetos de evangeliza\u00e7\u00e3o e catequese que s\u00e3o discutidos em \u00e2mbito nacional.<\/p>\n<p style=\"text-align: justify;\"><img decoding=\"async\" loading=\"lazy\" class=\" wp-image-234659 alignleft\" src=\"https:\/\/www.cnbb.org.br\/wp-content\/uploads\/2020\/03\/db8b7394-6166-42ea-acef-493a71e54433-1.jpg\" alt=\"\" width=\"383\" height=\"294\" srcset=\"https:\/\/www.cnbb.org.br\/wp-content\/uploads\/2020\/03\/db8b7394-6166-42ea-acef-493a71e54433-1.jpg 726w, https:\/\/www.cnbb.org.br\/wp-content\/uploads\/2020\/03\/db8b7394-6166-42ea-acef-493a71e54433-1-300x231.jpg 300w, https:\/\/www.cnbb.org.br\/wp-content\/uploads\/2020\/03\/db8b7394-6166-42ea-acef-493a71e54433-1-500x384.jpg 500w\" sizes=\"(max-width: 383px) 100vw, 383px\" \/>Padre J\u00e2nison tamb\u00e9m afirmou que o momento foi importante para partilhar experi\u00eancias. \u201cEles nos enriquecem com o trabalho realizado, com as experi\u00eancias vividas em cada realidade, em cada regi\u00e3o pastoral e, ao mesmo tempo, refletimos, discutimos, estudamos e tomamos decis\u00f5es para trabalharmos durante o ano\u201d, contou.<\/p>\n<p style=\"text-align: justify;\">Na programa\u00e7\u00e3o, os participantes tiveram contato com temas diversificados, como \u00e9 o caso do \u201cMinist\u00e9rio do Catequista\u201d, que contar\u00e1 com a colabora\u00e7\u00e3o do padre M\u00e1rcio Martins Rosa, coordenador da Comiss\u00e3o para a Anima\u00e7\u00e3o B\u00edblico-Catequ\u00e9tica do regional sul 4 da CNBB.<\/p>\n<p style=\"text-align: justify;\">As experi\u00eancias de f\u00e9 das novas gera\u00e7\u00f5es bem como os desafios, limites e possibilidades tamb\u00e9m foi um dos assuntos abordados no encontro. Os participantes puderam assistir a um v\u00eddeo do jornalista e doutor em ci\u00eancias da comunica\u00e7\u00e3o, Mois\u00e9s Sbardelotto, sobre b\u00edblia e catequese na cultura digital e a uma palestra com a assessora de Comunica\u00e7\u00e3o da CNBB, Manuela Castro, sobre as possibilidades de comunica\u00e7\u00e3o no mundo da f\u00e9 hoje.<\/p>\n<blockquote>\n<p style=\"text-align: justify;\">\u201cAqui vamos olhar os desafios que se apresentam na realidade em que vivemos. Como tornar a Palavra de Deus o centro inspirador e, ao mesmo tempo, a grande refer\u00eancia da nossa evangeliza\u00e7\u00e3o. Tudo isso requer novos paradigmas. Se faltar profundidade nessa reflex\u00e3o \u00e9 grande o risco de superficialidade em tudo o mais o que se fizer\u201d, afirmou o presidente da Comiss\u00e3o para a Anima\u00e7\u00e3o B\u00edblico-Catequ\u00e9tica, dom Jos\u00e9 Ant\u00f4nio Peruzzo.<\/p>\n<\/blockquote>\n<p style=\"text-align: justify;\">O encontro que segue at\u00e9 o pr\u00f3ximo s\u00e1bado, dia 07, contou ainda com uma s\u00e9rie de outros assuntos, encaminhamentos e avalia\u00e7\u00f5es. Os regionais tamb\u00e9m ter\u00e3o espa\u00e7o para partilhar suas conquistas e dificuldades. A Maria Erivan Ferreira da Silva, coordenadora da Comiss\u00e3o para a Anima\u00e7\u00e3o B\u00edblico-Catequ\u00e9tica do regional Nordeste 1 da CNBB, disse que vai compartilhar a dificuldade que o regional tem pela rotatividade de catequistas. \u201cFalta gente para a miss\u00e3o, \u00e9 uma urg\u00eancia que temos: a de formar novos catequistas. E tamb\u00e9m a sustentabilidade da catequese. S\u00e3o preocupa\u00e7\u00f5es que vem ao longo do tempo e que trazemos aqui para partilhar no encontro\u201d, contou.<\/p>\n<h5 style=\"text-align: justify;\"><strong>M\u00eas da B\u00edblia 2021\u00a0<\/strong><\/h5>\n<p style=\"text-align: justify;\">Aconteceu entre os dias 07 e 08 de mar\u00e7o, no Centro Cultural Mission\u00e1rio\u00a0(CCM),\u00a0em Bras\u00edlia (DF),\u00a0a reuni\u00e3o do Grupo de Reflex\u00e3o B\u00edblico\u2013Catequ\u00e9tica\u00a0(GREBICAT). Dom Jos\u00e9\u00a0Antonio\u00a0Peruzzo, presidente da Comiss\u00e3o para a Anima\u00e7\u00e3o B\u00edblico-Catequ\u00e9tica da Confer\u00eancia Nacional dos Bispos do Brasil (CNBB)\u00a0pronunciou as palavras iniciais, valorizando a riqueza do grupo que conta com membros veteranos, bem como acolheu iniciantes.\u00a0A nova composi\u00e7\u00e3o do grupo levou em conta a diversidade e o campo de atua\u00e7\u00e3o: homens e mulheres, leigos e leigas, religiosas e presb\u00edteros, alguns mais ligados ao estudo da Sagrada Escritura, outros da Catequese.<\/p>\n<p style=\"text-align: justify;\">O primeiro tema da reuni\u00e3o contou com a colabora\u00e7\u00e3o do professor Joel Ant\u00f4nio Ferreira (PUC Goi\u00e1s), convidado para elaborar o texto\u2013base do m\u00eas da B\u00edblia de 2021. O tema do M\u00eas da B\u00edblia 2021 ser\u00e1 \u201cCarta de S\u00e3o Paulo aos G\u00c1LATAS\u201d e o lema \u201cPois todos v\u00f3s sois UM s\u00f3 em Cristo Jesus\u201d (Gl 3,28d). O lema prov\u00e9m do Hino Batismal da carta paulina que, por sua vez, d\u00e1 as chaves para a abertura das portas de toda a ep\u00edstola, que traz temas importantes como a igualdade e a liberdade em Cristo Jesus.<\/p>\n<p><img decoding=\"async\" loading=\"lazy\" class=\"aligncenter size-full wp-image-234769\" src=\"https:\/\/www.cnbb.org.br\/wp-content\/uploads\/2020\/03\/Grebicat-2.jpg\" alt=\"\" width=\"742\" height=\"484\" srcset=\"https:\/\/www.cnbb.org.br\/wp-content\/uploads\/2020\/03\/Grebicat-2.jpg 742w, https:\/\/www.cnbb.org.br\/wp-content\/uploads\/2020\/03\/Grebicat-2-300x196.jpg 300w, https:\/\/www.cnbb.org.br\/wp-content\/uploads\/2020\/03\/Grebicat-2-500x326.jpg 500w\" sizes=\"(max-width: 742px) 100vw, 742px\" \/><\/p>\n<p style=\"text-align: justify;\">Ao longo da apresenta\u00e7\u00e3o do texto, os participantes deram suas contribui\u00e7\u00f5es para enriquec\u00ea-lo e para bem adapt\u00e1-lo as realidades da base.\u00a0Ainda no primeiro dia de encontro, o professor Cl\u00e1udio\u00a0Vianney\u00a0Malzoni\u00a0trabalhou o tema B\u00edblia como literatura numa perspectiva narrativa. O assessor resgatou a import\u00e2ncia da B\u00edblia como obra liter\u00e1ria, em sua beleza. Al\u00e9m disso, destacou a import\u00e2ncia das Sagradas Escrituras para a cultura ocidental.\u00a0Malzoni\u00a0insistiu que \u00e9 preciso ser educado para uma sensibilidade que seja capaz de fazer uma interpreta\u00e7\u00e3o profunda do texto sagrado. O di\u00e1logo do grupo trouxe contribui\u00e7\u00f5es que seguiram apontando a import\u00e2ncia deste tema para a evangeliza\u00e7\u00e3o.<\/p>\n<p style=\"text-align: justify;\">No segundo dia de encontro,\u00a0padre\u00a0Abimar\u00a0Morais abordou o tema Unidade Sacramental, partindo de alguns desafios.\u00a0De acordo com ele, urge a recupera\u00e7\u00e3o do nexo entre sacramentos e vida, bem como o resgate da unidade entre os sacramentos da inicia\u00e7\u00e3o crist\u00e3.\u00a0\u201cO tema \u00e9 desafiador, porque h\u00e1 indicativos que apontam n\u00e3o somente para uma compreens\u00e3o unit\u00e1ria, mas tamb\u00e9m para uma nova configura\u00e7\u00e3o na ordem dos sacramentos. Tal revis\u00e3o cria resist\u00eancias. Por outro lado, a abordagem \u00e9 oportuna, pois o Brasil est\u00e1 em processo de inser\u00e7\u00e3o dentro de uma mentalidade inici\u00e1tica que visa \u00e0 forma\u00e7\u00e3o de disc\u00edpulos mission\u00e1rios\u201d, disse.<\/p>\n<p style=\"text-align: justify;\">Diante desta reflex\u00e3o,\u00a0os integrantes puderam discutir sobre os\u00a0desafios\u00a0da atualidade:\u00a0integrar a pastoral do Batismo infantil ao projeto de inspira\u00e7\u00e3o\u00a0catecumenal\u00a0e repensar a catequese do Crisma. As discuss\u00f5es do grupo tamb\u00e9m trouxeram a quest\u00e3o importante da sequ\u00eancia dos sacramentos: o Batismo como a porta de entrada, complementado pela Confirma\u00e7\u00e3o, sendo a Eucaristia o \u00faltimo sacramento a ser recebido, conforme j\u00e1 fora indicado pelo papa Bento XVI na\u00a0Sacramentum\u00a0Caritatis.<\/p>\n<p style=\"text-align: justify;\">J\u00e1 o\u00a0presb\u00edtero e a inicia\u00e7\u00e3o crist\u00e3\u00a0foi\u00a0o tema trabalhado pelo\u00a0padre\u00a0Eduardo Calandro. O ponto de partida da reflex\u00e3o \u00e9 o desafio de fazer com que os presb\u00edteros estejam alinhados com a nova mentalidade de inicia\u00e7\u00e3o.\u00a0\u201cSe se deseja avan\u00e7ar pastoralmente, a conscientiza\u00e7\u00e3o dos presb\u00edteros sobre sua responsabilidade \u00e9 fundamental. A IVC est\u00e1 alicer\u00e7ada na tr\u00edade\u00a0catequista-presb\u00edtero-comunidade, podendo contribuir muito na concretiza\u00e7\u00e3o da pastoral org\u00e2nica\u201d, afirmou o padre. O grupo discutiu caminhos para ajudar na conscientiza\u00e7\u00e3o dos presb\u00edteros, em especial dos p\u00e1rocos, sobre a sua import\u00e2ncia dentro dos novos processos de inicia\u00e7\u00e3o.<\/p>\n<p style=\"text-align: justify;\">O \u00faltimo tema foi motivado pela\u00a0irm\u00e3\u00a0Sueli Cruz, que tratou do an\u00fancio\u00a0querigm\u00e1tico\u00a0hoje: perspectivas e desafios.\u00a0Irm\u00e3\u00a0Sueli insistiu que o primeiro an\u00fancio deve estar constru\u00eddo a partir da encarna\u00e7\u00e3o, vida, morte e ressurrei\u00e7\u00e3o. Destacou\u00a0ainda que, muitas vezes, insiste-se em um Cristo sem cruz, uma esp\u00e9cie de encontro anest\u00e9sico e intimista, o que\u00a0de acordo com ela,\u00a0\u00e9 perigoso para a catequese a servi\u00e7o da inicia\u00e7\u00e3o \u00e0 vida crist\u00e3.\u00a0\u201cMuito se tem falado sobre a import\u00e2ncia do\u00a0querigma\u00a0dentro do processo inici\u00e1tico, mas \u00e9 preciso faz\u00ea-lo sem empobrecer o mist\u00e9rio de Cristo e sem perder os pr\u00f3prios valores evang\u00e9licos\u201d, disse.<\/p>\n<p style=\"text-align: justify;\">No final do encontro,\u00a0padre\u00a0J\u00e2nison\u00a0de S\u00e1, assessor nacional da Comiss\u00e3o para a Anima\u00e7\u00e3o B\u00edblico-Catequ\u00e9tica da CNBB,\u00a0conduziu a avalia\u00e7\u00e3o do encontro. O grupo do GREBICAT se manifestou feliz com a sua reestrutura\u00e7\u00e3o e com a rica partilha acontecida. \u201cOs integrantes\u00a0seguem\u00a0animados com a miss\u00e3o que se descortina, dispostos\u00a0a dar indicativos de reflex\u00e3o que ajudem a Igreja do Brasil no caminho rumo a uma catequese \u00e0 servi\u00e7o da inicia\u00e7\u00e3o \u00e0 vida crist\u00e3\u201d, finalizou.<\/p>\n<h5 style=\"text-align: justify;\"><strong>\u2018Novo Diret\u00f3rio para a Catequese\u2019<\/strong><\/h5>\n<p style=\"text-align: justify;\">Na quinta-feira, 25 de junho, \u00e0s 15h, a Comiss\u00e3o apresentou em uma live o \u201cNovo Diret\u00f3rio para a Catequese\u201d nas redes sociais (@cnbbnacional), que foi lan\u00e7ado pelo Vaticano.<\/p>\n<p style=\"text-align: justify;\">Para conversar sobre o texto, os assessores da comiss\u00e3o, padre J\u00e2nison de S\u00e1 e a irm\u00e3 Izabel Patuzzo, convidaram o arcebispo de Belo Horizonte e presidente da Confer\u00eancia Nacional dos Bispos do Brasil (CNBB), dom Walmor Oliveira de Azevedo, o bispo auxiliar do Rio de Janeiro e secret\u00e1rio-geral da CNBB, dom Joel Portella Amado, e o arcebispo de Curitiba (PR) e presidente da Comiss\u00e3o Episcopal Pastoral para Anima\u00e7\u00e3o B\u00edblico-catequ\u00e9tica, dom Jos\u00e9 Ant\u00f4nio Peruzzo.<\/p>\n<p style=\"text-align: justify;\"><img decoding=\"async\" loading=\"lazy\" class=\" wp-image-242707 alignleft\" src=\"https:\/\/www.cnbb.org.br\/wp-content\/uploads\/2020\/07\/Diret\u00f3rio-para-a-catequese.jpg\" alt=\"\" width=\"449\" height=\"343\" srcset=\"https:\/\/www.cnbb.org.br\/wp-content\/uploads\/2020\/07\/Diret\u00f3rio-para-a-catequese.jpg 535w, https:\/\/www.cnbb.org.br\/wp-content\/uploads\/2020\/07\/Diret\u00f3rio-para-a-catequese-300x229.jpg 300w, https:\/\/www.cnbb.org.br\/wp-content\/uploads\/2020\/07\/Diret\u00f3rio-para-a-catequese-500x382.jpg 500w\" sizes=\"(max-width: 449px) 100vw, 449px\" \/>O documento \u00e9 redigido pelo Conselho Pontif\u00edcio para a Promo\u00e7\u00e3o da Nova Evangeliza\u00e7\u00e3o (CPPNE). De acordo com o Vaticano, a publica\u00e7\u00e3o de um Diret\u00f3rio para a Catequese representa um acontecimento feliz para a vida da Igreja.<\/p>\n<p style=\"text-align: justify;\">\u201cCom efeito, pode constituir um desafio positivo para todos os que se dedicam ao grande empenho da catequese, uma vez que permite experimentar a din\u00e2mica do movimento catequ\u00e9tico que sempre teve uma presen\u00e7a significativa na vida da comunidade crist\u00e3. O Diret\u00f3rio para Catequese \u00e9 um documento da Santa S\u00e9 dispon\u00edvel a toda a Igreja\u201d, destaca o texto.<\/p>\n<p style=\"text-align: justify;\">Na live, dom Walmor destacou que a Inicia\u00e7\u00e3o Crist\u00e3 \u00e9 um ouro do caminho evangelizador e mission\u00e1rio da Igreja. \u201c\u00c9 um ouro que tem a centralidade da Palavra Santa de Deus. \u00c9 a Doutrina de nossa f\u00e9. Um ouro que precisa ser bem cuidado para um novo tempo no nosso caminho\u201d, disse.<\/p>\n<p style=\"text-align: justify;\">O arcebispo afirmou que a Confer\u00eancia est\u00e1 comprometida com o dom de receber o Diret\u00f3rio para a Catequese. \u201cQueremos abrir os nossos cora\u00e7\u00f5es para um documento pontif\u00edcio que nos aponta caminhos, fecunda nosso comprometimento para a catequese de Inicia\u00e7\u00e3o \u00e0 Vida Crist\u00e3\u201d, disse.<\/p>\n<p style=\"text-align: justify;\">J\u00e1 dom Peruzzo, presidente da Comiss\u00e3o para a Anima\u00e7\u00e3o B\u00edblico-Catequ\u00e9tica da CNBB, comentou o quanto o texto \u00e9 denso de lucidez para falar da \u201cpot\u00eancia evangelizadora que a inicia\u00e7\u00e3o \u00e0 vida crist\u00e3 confere \u00e0 catequese\u201d.<\/p>\n<p style=\"text-align: justify;\">O secret\u00e1rio-geral da CNBB, dom Joel Portella, garantiu que o Diret\u00f3rio vem se somar ao atual esfor\u00e7o da Igreja para dialogar com homens e mulheres dos tempos atuais e de todas as idades.<\/p>\n<p style=\"text-align: justify;\">O Diret\u00f3rio est\u00e1 dispon\u00edvel para compra no site da Editora da CNBB, a Edi\u00e7\u00f5es CNBB.<\/p>\n<h5 style=\"text-align: justify;\"><strong>M\u00eas da B\u00edblia 2020 <\/strong><\/h5>\n<p style=\"text-align: justify;\">Em 2020, a Igreja no Brasil comemora o M\u00eas da B\u00edblia, em sintonia com a Comiss\u00e3o Episcopal Pastoral para a Anima\u00e7\u00e3o B\u00edblico-Catequ\u00e9tica da Confer\u00eancia Nacional dos Bispos do Brasil (CNBB), fundamentando-se no livro do Deuteron\u00f4mio, com o lema \u201cAbre tua m\u00e3o para o teu irm\u00e3o\u201d (Dt 15,11). \u00c9 um livro rico em reflex\u00f5es morais e \u00e9ticas, com leis para regular as rela\u00e7\u00f5es com Deus e com o pr\u00f3ximo. Destaca-se no Deuteron\u00f4mio a preocupa\u00e7\u00e3o de promover a justi\u00e7a, a solidariedade com os pobres, o \u00f3rf\u00e3o, a vi\u00fava e o estrangeiro. S\u00e3o leis humanit\u00e1rias encontradas tamb\u00e9m no C\u00f3digo da Alian\u00e7a (Ex 20-23).<\/p>\n<p style=\"text-align: justify;\">E o Texto-Base para o M\u00eas da B\u00edblia deste ano, segundo o arcebispo de Curitiba, dom Jos\u00e9 Ant\u00f4nio Peruzzo, quer oferecer ao leitor atual a experi\u00eancia de f\u00e9 daqueles que primeiramente acederam ao que Deus queria revelar de si mesmo. \u201cSeus autores querem aproximar os leitores de hoje dos protagonistas de ontem. \u00c9 como se os de outrora e os de agora se reunissem para conversar sobre aquele Deus que se revelou, que se deixou conhecer\u201d, afirma o presidente da Comiss\u00e3o para a Anima\u00e7\u00e3o B\u00edblico-Catequ\u00e9tica da Confer\u00eancia Nacional dos Bispos do Brasil (CNBB).<\/p>\n<p style=\"text-align: justify;\"><img decoding=\"async\" loading=\"lazy\" class=\"size-full wp-image-241688 alignright\" src=\"https:\/\/www.cnbb.org.br\/wp-content\/uploads\/2020\/07\/Sem-t\u00edtulo-1.jpg\" alt=\"\" width=\"427\" height=\"406\" srcset=\"https:\/\/www.cnbb.org.br\/wp-content\/uploads\/2020\/07\/Sem-t\u00edtulo-1.jpg 427w, https:\/\/www.cnbb.org.br\/wp-content\/uploads\/2020\/07\/Sem-t\u00edtulo-1-300x285.jpg 300w\" sizes=\"(max-width: 427px) 100vw, 427px\" \/><\/p>\n<p style=\"text-align: justify;\">Elaborado por um grupo de professores especializados, o texto-base do M\u00eas da B\u00edblia foi\u00a0<a href=\"https:\/\/www.edicoescnbb.com.br\/produto\/mes-da-biblia-2020-texto-base-71494\" target=\"_blank\" rel=\"noopener\">publicado recentemente pela Editora da CNBB, a Edi\u00e7\u00f5es CNBB<\/a>. \u00c9 um instrumento para que as comunidades possam estudar e interpretar o livro e possam atualizar a Palavra de Deus para o contexto vivido. \u201cGostaria de convidar, motivar as lideran\u00e7as para que estudem o texto-base, tenham contato com o texto para que em setembro possa-se realizar melhor os encontros b\u00edblicos\u201d, exorta padre J\u00e2nison de S\u00e1, assessor da Comiss\u00e3o para a Anima\u00e7\u00e3o B\u00edblico Catequ\u00e9tica da CNBB.<\/p>\n<p style=\"text-align: justify;\">O texto-base, al\u00e9m de apresentar o contexto e os objetivos do livro, traz informa\u00e7\u00f5es sobre as caracter\u00edsticas itiner\u00e1rias e vocabul\u00e1rio, al\u00e9m de sua import\u00e2ncia teol\u00f3gica. \u201c\u00c9 um livro extramente importante porque ele se apresenta como uma orienta\u00e7\u00e3o para a comunidade israelita e tamb\u00e9m para n\u00f3s. Teve uma grande influ\u00eancia no Antigo Testamento. Foi reelaborado, atualizado por v\u00e1rias vezes por ser extremamente importante\u201d, explica irm\u00e3 Izabel Patuzzo, assessora da Comiss\u00e3o para a Anima\u00e7\u00e3o B\u00edblico-Catequ\u00e9tica da CNBB.<\/p>\n<p style=\"text-align: justify;\"><strong>Encontros B\u00edblicos &#8211; <\/strong>Al\u00e9m do texto-base, h\u00e1 o subs\u00eddio para os encontros b\u00edblicos. Neste ano, foram preparados cinco encontros na metodologia da Leitura Orante, que garante uma pedagogia interativa e mistag\u00f3gica. Ao final, h\u00e1 ainda sugest\u00f5es de cantos que podem ser utilizados nos diversos momentos. \u201cQue cada fam\u00edlia possa adquirir o seu livreto dos encontros para faz\u00ea-los em casa, pois s\u00e3o muito importantes para que as fam\u00edlias possam continuar-se alimentando da palavra de Deus e neste ano conhecendo melhor o livro do Deuteron\u00f4mio, que \u00e9 um livro importante do Antigo Testamento\u201d, afirma padre J\u00e2nison.<\/p>\n<p style=\"text-align: justify;\">Os subs\u00eddios est\u00e3o a venda no site da Edi\u00e7\u00f5es CNBB. Acesse-os (<a href=\"https:\/\/www.edicoescnbb.com.br\/produto\/mes-da-biblia-2020-texto-base-71494\" target=\"_blank\" rel=\"noopener\">aqui<\/a>).<\/p>\n<p style=\"text-align: justify;\"><strong>Como se preparar para o M\u00eas da B\u00edblia 2020? &#8211;\u00a0 <\/strong>A Edi\u00e7\u00f5es CNBB realizou no dia 27 de agosto,\u00a0 uma live cujo t\u00edtulo foi \u201cPrepara\u00e7\u00e3o para o M\u00eas da B\u00edblia\u201d.\u00a0 O objetivo da forma\u00e7\u00e3o, segundo o mediador da live, padre J\u00e2nison de S\u00e1, assessor da Comiss\u00e3o Episcopal Pastoral para a Anima\u00e7\u00e3o B\u00edblico-Catequ\u00e9tica da Confer\u00eancia Nacional dos Bispos do Brasil (CNBB), foi conhecer melhor o tema do m\u00eas da B\u00edblia 2020 (setembro), o livro que ser\u00e1 objeto de estudo este ano e import\u00e2ncia do m\u00eas da B\u00edblia para a Igreja no Brasil. Este ano, 2020, a Igreja no Brasil comemora o M\u00eas da B\u00edblia fundamentando-se no livro do Deuteron\u00f4mio, com o lema \u201c<em>Abre tua m\u00e3o para o teu irm\u00e3o<\/em>\u201d (Dt 15,11).<\/p>\n<p style=\"text-align: justify;\">Participou da live como convidado o bispo de Luzi\u00e2nia (GO), dom Waldemar Passini. Ele tamb\u00e9m \u00e9 presidente do regional Centro-Oeste da CNBB, membro da Comiss\u00e3o B\u00edblico-Catequ\u00e9tica da CNBB e mestre em ci\u00eancias b\u00edblicas. Outros convidados foram o frei Ildo Perondi, doutor em Teologia B\u00edblica e professor de B\u00edblia na Pontif\u00edcia Universidade Cat\u00f3lica (PUC) do Paran\u00e1 e a assessora da Comiss\u00e3o B\u00edblico-Catequ\u00e9tica da CNBB, irm\u00e3 Izabel Patuzzo.<\/p>\n<p style=\"text-align: justify;\"><strong>Estudo sobre o livro de Deuteron\u00f4mio<\/strong> &#8211; Em uma live realizada pela Edi\u00e7\u00f5es CNBB dia 27 de agosto, em prepara\u00e7\u00e3o ao M\u00eas da B\u00edblia, o bispo de Luzi\u00e2nia (GO), dom Waldemar Passini e membro da Comiss\u00e3o B\u00edblico-Catequ\u00e9tica da Confer\u00eancia Nacional dos Bispos do Brasil (CNBB), retomou a hist\u00f3ria e a origem do m\u00eas no Brasil e apresentou as orienta\u00e7\u00f5es da Comiss\u00e3o B\u00edblico Catequ\u00e9tica da CNBB para este ano levando-se em conta o contexto do novo Coronav\u00edrus.<\/p>\n<p style=\"text-align: justify;\"><strong>Orienta\u00e7\u00f5es pastorais no contexto da pandemia &#8211;<\/strong> O bispo de Luzi\u00e2nia, que tamb\u00e9m \u00e9 mestre em ci\u00eancias b\u00edblicas, disse que a Igreja no Brasil e a Comiss\u00e3o B\u00edblico-Catequ\u00e9tica da CNBB est\u00e3o num tempo de adapta\u00e7\u00e3o. \u201cEstamos acompanhando os dramas e as trag\u00e9dias das pessoas e de seus familiares e tamb\u00e9m de coisas que afetam a vida de nossas comunidades, cidades, pa\u00eds e mundo\u201d, disse.<\/p>\n<p style=\"text-align: justify;\">Dom Waldemar disse que a Igreja, por ser encarnada nas diferentes realidades, n\u00e3o pode ficar alheia ao avan\u00e7o do novo Coronav\u00edrus. Contudo, o bispo de Luzi\u00e2nia disse que isto n\u00e3o significa que ela deve permanecer parada e se ausentar da reflex\u00e3o, da ora\u00e7\u00e3o e dos encontros. Ele refor\u00e7ou, por outro lado, que s\u00e3o necess\u00e1rias adapta\u00e7\u00f5es. \u201cEsse ano, diante desta realidade, imagino que o lugar da ora\u00e7\u00e3o e reflex\u00e3o da fam\u00edlia j\u00e1 conquistou espa\u00e7o. Para o M\u00eas da B\u00edblia a prioridade deve ser \u00e0 Palavra de Deus\u201d, disse.<\/p>\n<p style=\"text-align: justify;\">A sugest\u00e3o da Comiss\u00e3o para a Anima\u00e7\u00e3o B\u00edblico-Catequ\u00e9tica da CNBB \u00e9 que a ora\u00e7\u00e3o, a reflex\u00e3o e os estudos sejam feitos em fam\u00edlia sobre o Livro do Deuteron\u00f4mio, tendo o cuidado de adaptar a reflex\u00e3o \u00e0s diferentes idades. O material tamb\u00e9m, como sugest\u00e3o da Comiss\u00e3o da CNBB, poder\u00e1 ser estudado em grupos de conviv\u00eancia que tenham uma espiritualidade b\u00edblica (amigos, colegas de trabalho, c\u00edrculos b\u00edblicos, entre outros). Uma outra sugest\u00e3o \u00e9 fazer encontros \u00e0 dist\u00e2ncia pelas plataformas que permitem reuni\u00f5es online. Encontros, como este, sugeriu dom Waldemar, podem ser organizados pelas comunidades e par\u00f3quias.<\/p>\n<p style=\"text-align: justify;\">Como m\u00e9todo, dom Waldemar deu duas orienta\u00e7\u00f5es: a) se ater \u00e0 leitura cont\u00ednua do texto proposto, o que ajuda a entender o contexto no qual est\u00e1 inserida a hist\u00f3ria e a ora\u00e7\u00e3o com o mesmo. Uma op\u00e7\u00e3o, aponta, \u00e9 fazer a leitura orante com os textos b\u00edblicos sugeridos. Momentos importantes, refor\u00e7ou dom Waldemar, s\u00e3o as celebra\u00e7\u00f5es da Palavra e as homilias, onde os ministros leigos e ordenados poder\u00e3o aprofundar a Palavra de Deus.<\/p>\n<h5 style=\"text-align: justify;\"><strong>Dia do Catequista<\/strong><\/h5>\n<p style=\"text-align: justify;\">Por ocasi\u00e3o do Dia do Catequista, celebrado em 30 de agosto, o presidente da Comiss\u00e3o para a Anima\u00e7\u00e3o B\u00edblico-Catequ\u00e9tica da Confer\u00eancia Nacional dos Bispos do Brasil (CNBB), dom Jos\u00e9 Ant\u00f4nio Peruzzo, gravou um v\u00eddeo falando de sua alegria em se integrar a eles.<\/p>\n<p style=\"text-align: justify;\">Dom Peruzzo afirma que os catequistas s\u00e3o \u201cmuitos por esse Brasil afora\u201d e que em diversos contextos e situa\u00e7\u00f5es s\u00e3o eles sozinhos os respons\u00e1veis por evangelizar.<\/p>\n<blockquote>\n<p style=\"text-align: justify;\">\u201cEu gostaria em nome da CNBB de ir at\u00e9 voc\u00ea e lhe dar um grande abra\u00e7o de gratid\u00e3o porque foram muitas as horas dedicadas, os esfor\u00e7os, as vezes at\u00e9 dist\u00e2ncias percorridas, cansa\u00e7os, l\u00e1grimas; mas quanta satisfa\u00e7\u00e3o e quanta paz interior que, voc\u00ea, por causa do Seu Senhor Jesus Cristo dedicou as melhores possibilidades dos seus afetos e das suas capacidades para falar de Jesus Cristo e apresent\u00e1-lo aos catequizandos\u201d, disse.<\/p>\n<\/blockquote>\n<p style=\"text-align: justify;\">Por fim, dom Peruzzo salientou que o Senhor nunca deixa vencer em generosidade e ir\u00e1 retribuir a todos os catequistas em linguagem de paz, de serenidade e de sabedoria. \u201cNunca esque\u00e7a que o Senhor ser\u00e1 sempre grato pelos seus gestos (\u2026). \u00c9 voca\u00e7\u00e3o que voc\u00ea acolheu, \u00e9 miss\u00e3o que assume, \u00e9 encanto que oferece, \u00e9 paix\u00e3o que comunica, \u00e9 sentido para os seus catequizandos. Que Deus lhe aben\u00e7oe e o Esp\u00edrito Santo o acompanhe\u201d, finaliza dom Peruzzo.<\/p>\n<h5><strong>Semin\u00e1rio Nacional da Anima\u00e7\u00e3o B\u00edblia da Pastoral<\/strong><\/h5>\n<p style=\"text-align: justify;\">A Comiss\u00e3o realizou de forma online o Semin\u00e1rio Nacional da Anima\u00e7\u00e3o B\u00edblica da Pastoral, de 8 a 10 de outubro, com o lema <strong>\u201cA Palavra de Deus crescia, e o n\u00famero dos disc\u00edpulos se multiplicava consideravelmente\u201d (At 6,7).<\/strong><\/p>\n<p style=\"text-align: justify;\"><img decoding=\"async\" loading=\"lazy\" class=\" wp-image-250310 alignleft\" src=\"https:\/\/www.cnbb.org.br\/wp-content\/uploads\/2020\/10\/Destaque-4.png\" alt=\"\" width=\"462\" height=\"244\" srcset=\"https:\/\/www.cnbb.org.br\/wp-content\/uploads\/2020\/10\/Destaque-4.png 1920w, https:\/\/www.cnbb.org.br\/wp-content\/uploads\/2020\/10\/Destaque-4-300x159.png 300w, https:\/\/www.cnbb.org.br\/wp-content\/uploads\/2020\/10\/Destaque-4-1024x541.png 1024w, https:\/\/www.cnbb.org.br\/wp-content\/uploads\/2020\/10\/Destaque-4-768x406.png 768w, https:\/\/www.cnbb.org.br\/wp-content\/uploads\/2020\/10\/Destaque-4-1536x812.png 1536w, https:\/\/www.cnbb.org.br\/wp-content\/uploads\/2020\/10\/Destaque-4-2048x1083.png 2048w, https:\/\/www.cnbb.org.br\/wp-content\/uploads\/2020\/10\/Destaque-4-500x264.png 500w\" sizes=\"(max-width: 462px) 100vw, 462px\" \/>Padre J\u00e2nison de S\u00e1, assessor da Comiss\u00e3o, explica que a iniciativa quer convidar as coordena\u00e7\u00f5es de pastorais, movimentos e grupos a assumirem a anima\u00e7\u00e3o b\u00edblica da pastoral colocando no centro a Palavra de Deus. \u201cA Anima\u00e7\u00e3o B\u00edblica n\u00e3o \u00e9 somente para a catequese, mas para todas as pastorais e movimentos animarem de fato a B\u00edblia\u201d, diz.<\/p>\n<p style=\"text-align: justify;\">O Semin\u00e1rio ainda de acordo com padre J\u00e2nison \u00e9 uma tentativa de promover a reflex\u00e3o e motivar para uma pr\u00e1tica a anima\u00e7\u00e3o b\u00edblica de toda a pastoral. \u201cO Brasil j\u00e1 fez uma longa caminhada, mas precisamos fortalecer sempre mais esta centralidade da Palavra de Deus em toda a a\u00e7\u00e3o evangelizadora e pastoral da nossa igreja\u201d, completou.<\/p>\n<p style=\"text-align: justify;\">A iniciativa de cunho nacional tamb\u00e9m vai ao encontro do que diz a Exorta\u00e7\u00e3o Apost\u00f3lica Verbum Domini, do papa Bento XVI, quando no n\u00famero 73 afirma que\u00a0<em>\u201co S\u00ednodo convidou a um esfor\u00e7o pastoral particular para que a Palavra de Deus apare\u00e7a em lugar central na vida da igreja recomendando que se incremente a pastoral b\u00edblica; n\u00e3o em justa posi\u00e7\u00e3o com outras formas de pastoral, mas como anima\u00e7\u00e3o b\u00edblica da pastoral inteira\u201d.<\/em><\/p>\n<p style=\"text-align: justify;\"><strong>Programa\u00e7\u00e3o &#8211; <\/strong>No dia 8 de outubro, \u00e0s 20h, dom Jacinto Bergmann fez uma mem\u00f3ria apresentando todo o hist\u00f3rico da anima\u00e7\u00e3o b\u00edblica na vida da pastoral. J\u00e1 a irm\u00e3 Maria Aparecida Barboza vai apresentar o tema da anima\u00e7\u00e3o b\u00edblica da pastoral nas novas Diretrizes Gerais da A\u00e7\u00e3o Evangelizadora da Igreja no Brasil (DGAE). Dom Jos\u00e9 Ant\u00f4nio Peruzzo far\u00e1 uma reflex\u00e3o sobre a Par\u00e1bola do semeador (Mt 13, 1-9).<\/p>\n<p style=\"text-align: justify;\">No dia 9, \u00e0s 20h, dom Armando Bucciol fez uma reflex\u00e3o sobre o texto onde Jesus convida os disc\u00edpulos de Ema\u00fas (Lc 24, 13,35). Tamb\u00e9m o professor Mathias Grenzer far\u00e1 uma apresenta\u00e7\u00e3o sobre a Palavra de Deus na Igreja \u00e0 luz da Exorta\u00e7\u00e3o Apost\u00f3lica Verbum Domini. J\u00e1 Mariana Ven\u00e2ncio falar\u00e1 sobre a Anima\u00e7\u00e3o B\u00edblica da Pastoral e Forma\u00e7\u00e3o B\u00edblica do Laicato.<\/p>\n<p style=\"text-align: justify;\">No dia 10, tamb\u00e9m \u00e0s 20h, o texto inspirador ser\u00e1 o (Lc 4,14-22) foi refletido por dom Waldemar Passini Dalbello. O padre D\u00e9cio Walker dar\u00e1 algumas orienta\u00e7\u00f5es para a Anima\u00e7\u00e3o B\u00edblica da Pastoral e a irm\u00e3 Izabel Patuzzo, assessora da Comiss\u00e3o, dar\u00e1 algumas dicas sobre como implantar a Anima\u00e7\u00e3o B\u00edblica da Pastoral.<\/p>\n<p style=\"text-align: justify;\">O semin\u00e1rio p\u00f4de ser acompanhado nas redes sociais da CNBB (<a href=\"https:\/\/www.youtube.com\/c\/CNBBNacional\/featured\" target=\"_blank\" rel=\"noopener\">@cnbbnacional<\/a>) e na da Catequese do Brasil (<a href=\"https:\/\/www.youtube.com\/channel\/UCb7DpcqBoCAH-q4sm_iikrQ\" target=\"_blank\" rel=\"noopener\">@catequesedobrasil<\/a>).<\/p>\n<p style=\"text-align: justify;\">\n","protected":false},"excerpt":{"rendered":"<p>A Comiss\u00e3o Episcopal Pastoral para Anima\u00e7\u00e3o B\u00edblico-Catequ\u00e9tica da Confer\u00eancia Nacional dos Bispos do Brasil (CNBB) esteve em 2020, dentro do esp\u00edrito do plano de Pastoral de Conjunto, promovendo a a\u00e7\u00e3o catequ\u00e9tica, o aprofundamento doutrinal e a reflex\u00e3o teol\u00f3gica<\/p>\n","protected":false},"author":83,"featured_media":234647,"comment_status":"open","ping_status":"open","sticky":false,"template":"","format":"standard","meta":{"site-sidebar-layout":"default","site-content-layout":"default","ast-global-header-display":"","ast-banner-title-visibility":"","ast-main-header-display":"","ast-hfb-above-header-display":"","ast-hfb-below-header-display":"","ast-hfb-mobile-header-display":"","site-post-title":"","ast-breadcrumbs-content":"","ast-featured-img":"","footer-sml-layout":"","theme-transparent-header-meta":"default","adv-header-id-meta":"","stick-header-meta":"","header-above-stick-meta":"","header-main-stick-meta":"","header-below-stick-meta":""},"categories":[800,50],"tags":[3311,1881,1850],"acf":[],"_links":{"self":[{"href":"https:\/\/www.cnbb.org.br\/cnbb-app\/wp\/v2\/posts\/257814"}],"collection":[{"href":"https:\/\/www.cnbb.org.br\/cnbb-app\/wp\/v2\/posts"}],"about":[{"href":"https:\/\/www.cnbb.org.br\/cnbb-app\/wp\/v2\/types\/post"}],"author":[{"embeddable":true,"href":"https:\/\/www.cnbb.org.br\/cnbb-app\/wp\/v2\/users\/83"}],"replies":[{"embeddable":true,"href":"https:\/\/www.cnbb.org.br\/cnbb-app\/wp\/v2\/comments?post=257814"}],"version-history":[{"count":0,"href":"https:\/\/www.cnbb.org.br\/cnbb-app\/wp\/v2\/posts\/257814\/revisions"}],"wp:featuredmedia":[{"embeddable":true,"href":"https:\/\/www.cnbb.org.br\/cnbb-app\/wp\/v2\/media\/234647"}],"wp:attachment":[{"href":"https:\/\/www.cnbb.org.br\/cnbb-app\/wp\/v2\/media?parent=257814"}],"wp:term":[{"taxonomy":"category","embeddable":true,"href":"https:\/\/www.cnbb.org.br\/cnbb-app\/wp\/v2\/categories?post=257814"},{"taxonomy":"post_tag","embeddable":true,"href":"https:\/\/www.cnbb.org.br\/cnbb-app\/wp\/v2\/tags?post=257814"}],"curies":[{"name":"wp","href":"https:\/\/api.w.org\/{rel}","templated":true}]}}