{"id":257850,"date":"2021-01-18T16:40:36","date_gmt":"2021-01-18T19:40:36","guid":{"rendered":"https:\/\/www.cnbb.org.br\/?p=257850"},"modified":"2021-01-19T11:55:08","modified_gmt":"2021-01-19T14:55:08","slug":"a-cultura-do-cuidado","status":"publish","type":"post","link":"https:\/\/www.cnbb.org.br\/a-cultura-do-cuidado\/","title":{"rendered":"A cultura do cuidado"},"content":{"rendered":"<p style=\"text-align: right;\"><strong>Cardeal Sergio da Rocha<\/strong><br \/>\n<strong>Arcebispo de Salvador (BA)<\/p>\n<p><\/strong><\/p>\n<p style=\"text-align: justify;\">No contexto da pandemia, \u201cpara erradicar a cultura da indiferen\u00e7a, do descarte e do conflito, que hoje muitas vezes parece prevalecer\u201d, o Papa Francisco prop\u00f5e a \u201ccultura do cuidado\u201d como caminho para a paz.\u00a0 Por ocasi\u00e3o do Dia Mundial da Paz, em 1\u00ba de janeiro, ele divulgou uma bel\u00edssima mensagem intitulada \u201cA cultura do cuidado como percurso de paz\u201d, abordando os diversos aspectos do \u201ccuidar\u201d. Afirma Francisco que \u201ca cultura do cuidado, enquanto compromisso comum, solid\u00e1rio e participativo para proteger e promover a dignidade e o bem de todos, enquanto disposi\u00e7\u00e3o a interessar-se, a prestar aten\u00e7\u00e3o, disposi\u00e7\u00e3o \u00e0 compaix\u00e3o, \u00e0 reconcilia\u00e7\u00e3o e \u00e0 cura, ao respeito m\u00fatuo e ao acolhimento rec\u00edproco, constitui uma via privilegiada para a constru\u00e7\u00e3o da paz\u201d. \u00a0Estas palavras adquirem especial import\u00e2ncia num mundo especialmente necessitado de reconcilia\u00e7\u00e3o, de justi\u00e7a e de paz.<\/p>\n<p style=\"text-align: justify;\">Francisco expressa a dolorosa constata\u00e7\u00e3o de que \u201cao lado de numerosos testemunhos de caridade e solidariedade, infelizmente ganham novo impulso v\u00e1rias formas de nacionalismo, racismo, xenofobia e tamb\u00e9m guerras e conflitos que semeiam morte e destrui\u00e7\u00e3o\u201d. Neste contexto, agravado pela pandemia, torna-se ainda mais necess\u00e1ria a constru\u00e7\u00e3o da fraternidade e da paz, atrav\u00e9s do cuidar \u201cuns dos outros e da cria\u00e7\u00e3o\u201d. A \u201ccultura do cuidado\u201d tem sido proposta por Francisco em v\u00e1rios pronunciamentos e iniciativas, aparecendo, de modo especial, na sua enc\u00edclica <em>Laudado Si,<\/em> sobre o \u201ccuidado da casa comum\u201d.<\/p>\n<p style=\"text-align: justify;\">Ele se solidariza com os que mais sofrem e reconhece, com gratid\u00e3o, as pessoas que se colocaram a servi\u00e7o dos doentes para aliviar os seus sofrimentos e salvar suas vidas. Ao mesmo tempo, o Papa renovou \u201co apelo aos respons\u00e1veis pol\u00edticos e ao setor privado para que tomem as medidas adequadas a garantir o acesso \u00e0s vacinas contra a Covid-19 e \u00e0s tecnologias essenciais necess\u00e1rias para dar assist\u00eancia aos doentes e a todos aqueles que s\u00e3o mais pobres e mais fr\u00e1geis\u201d.<\/p>\n<p style=\"text-align: justify;\">No triste cen\u00e1rio da pandemia, que se agrava em diferentes pa\u00edses e nas diversas regi\u00f5es do nosso pa\u00eds, \u00e9 necess\u00e1rio redobrar o empenho para super\u00e1-la, atrav\u00e9s da \u201ccultura do cuidado\u201d. N\u00e3o podemos desanimar, nem desistir de observar as medidas de sa\u00fade p\u00fablica para evitar cont\u00e1gios e preservar a vida e a sa\u00fade. \u00c9 indispens\u00e1vel o esfor\u00e7o de cada um, pois a falta de responsabilidade de uns pode custar a vida de outros. As ren\u00fancias e sacrif\u00edcios que fazemos para evitar a dissemina\u00e7\u00e3o do v\u00edrus s\u00e3o gestos de amor e consequ\u00eancia da f\u00e9 em Deus. Contudo, o papel dos governantes \u00e9 de extrema import\u00e2ncia, para garantir a assist\u00eancia aos doentes e aos pobres e para assegurar a vacina para todos, motivando e criando condi\u00e7\u00f5es para a vacina\u00e7\u00e3o nas diferentes localidades do pa\u00eds. Assim, estaremos percorrendo caminho de vida e de paz.<\/p>\n<p>&nbsp;<\/p>\n","protected":false},"excerpt":{"rendered":"<p>Cardeal Sergio da Rocha Arcebispo de Salvador (BA) No contexto da pandemia, \u201cpara erradicar a cultura da indiferen\u00e7a, do descarte e do conflito, que hoje muitas vezes parece prevalecer\u201d, o Papa Francisco prop\u00f5e a \u201ccultura do cuidado\u201d como caminho para a paz.\u00a0 Por ocasi\u00e3o do Dia Mundial da Paz, em 1\u00ba de janeiro, ele divulgou &hellip;<\/p>\n<p class=\"read-more\"> <a class=\"\" href=\"https:\/\/www.cnbb.org.br\/a-cultura-do-cuidado\/\"> <span class=\"screen-reader-text\">A cultura do cuidado<\/span> Leia mais &raquo;<\/a><\/p>\n","protected":false},"author":78,"featured_media":0,"comment_status":"open","ping_status":"open","sticky":false,"template":"","format":"standard","meta":{"site-sidebar-layout":"default","site-content-layout":"default","ast-global-header-display":"","ast-banner-title-visibility":"","ast-main-header-display":"","ast-hfb-above-header-display":"","ast-hfb-below-header-display":"","ast-hfb-mobile-header-display":"","site-post-title":"","ast-breadcrumbs-content":"","ast-featured-img":"","footer-sml-layout":"","theme-transparent-header-meta":"default","adv-header-id-meta":"","stick-header-meta":"","header-above-stick-meta":"","header-main-stick-meta":"","header-below-stick-meta":""},"categories":[758,1837],"tags":[],"acf":[],"_links":{"self":[{"href":"https:\/\/www.cnbb.org.br\/cnbb-app\/wp\/v2\/posts\/257850"}],"collection":[{"href":"https:\/\/www.cnbb.org.br\/cnbb-app\/wp\/v2\/posts"}],"about":[{"href":"https:\/\/www.cnbb.org.br\/cnbb-app\/wp\/v2\/types\/post"}],"author":[{"embeddable":true,"href":"https:\/\/www.cnbb.org.br\/cnbb-app\/wp\/v2\/users\/78"}],"replies":[{"embeddable":true,"href":"https:\/\/www.cnbb.org.br\/cnbb-app\/wp\/v2\/comments?post=257850"}],"version-history":[{"count":0,"href":"https:\/\/www.cnbb.org.br\/cnbb-app\/wp\/v2\/posts\/257850\/revisions"}],"wp:attachment":[{"href":"https:\/\/www.cnbb.org.br\/cnbb-app\/wp\/v2\/media?parent=257850"}],"wp:term":[{"taxonomy":"category","embeddable":true,"href":"https:\/\/www.cnbb.org.br\/cnbb-app\/wp\/v2\/categories?post=257850"},{"taxonomy":"post_tag","embeddable":true,"href":"https:\/\/www.cnbb.org.br\/cnbb-app\/wp\/v2\/tags?post=257850"}],"curies":[{"name":"wp","href":"https:\/\/api.w.org\/{rel}","templated":true}]}}