{"id":257861,"date":"2021-01-19T10:13:27","date_gmt":"2021-01-19T13:13:27","guid":{"rendered":"https:\/\/www.cnbb.org.br\/?p=257861"},"modified":"2021-01-19T10:17:11","modified_gmt":"2021-01-19T13:17:11","slug":"fratelli-tutti-01","status":"publish","type":"post","link":"https:\/\/www.cnbb.org.br\/fratelli-tutti-01\/","title":{"rendered":"Fratelli Tutti &#8211; 01"},"content":{"rendered":"<p style=\"text-align: right;\"><strong>Dom Alo\u00edsio Alberto Dilli <\/strong><br \/>\n<strong>Bispo de Santa Cruz do Sul (RS)<\/strong><\/p>\n<p><em>\u00a0<\/em><\/p>\n<p style=\"text-align: justify;\">Caros diocesanos. Em 03 de outubro de 2020, o Papa Francisco emitiu nova Carta Enc\u00edclica, chamada <em>Fratelli Tutti<\/em> (FT) \u2013 <em>Todos Irm\u00e3os<\/em>. Seu objetivo \u00e9 refletir sobre a fraternidade e a amizade social aberta, que permite reconhecer, valorizar e amar todas as pessoas, independentemente da sua proximidade f\u00edsica. \u00c9 o esp\u00edrito da fraternidade universal, de uma sociedade fraterna, pregada e vivida por S\u00e3o Francisco. Por isso, o documento foi assinado ao lado do t\u00famulo do Santo de Assis. O Pont\u00edfice parte do princ\u00edpio que Deus criou todos os seres humanos iguais nos direitos, nos deveres e na dignidade, e os chamou a conviver entre si como irm\u00e3os, alimentando o novo sonho de fraternidade universal e amizade social que n\u00e3o se limita a palavras. A recente experi\u00eancia do Covid-19 evidenciou como a humanidade \u00e9 incapaz de agir em conjunto, apesar de estar superconectada: \u201c<em>A conex\u00e3o digital n\u00e3o basta para lan\u00e7ar pontes, n\u00e3o \u00e9 capaz de unir a humanidade<\/em>\u201d (FT 43).<\/p>\n<p style=\"text-align: justify;\">O <em>primeiro cap\u00edtulo<\/em> aborda as sombras de um mundo fechado, que dificulta a fraternidade universal, onde a sociedade cada vez mais globalizada torna-nos vizinhos, mas n\u00e3o nos faz irm\u00e3os<a name=\"_ftnref9\"><\/a>. Estamos mais sozinhos do que nunca neste mundo massificado, que privilegia os interesses individuais e debilita a dimens\u00e3o comunit\u00e1ria da exist\u00eancia. Vivemos um mundo que esvazia a consci\u00eancia hist\u00f3rica e prega um individualismo sem conte\u00fado, que n\u00e3o quer permitir a constru\u00e7\u00e3o de um \u2018<em>n\u00f3s<\/em>\u2019, favorecendo uma cultura vazia, fixada no imediato e sem um projeto comum. Dessa forma, aumenta a riqueza, mas sem equidade, e assim nascem novas pobrezas que resultam no descarte, n\u00e3o apenas com os alimentos ou os bens sup\u00e9rfluos, mas com os pr\u00f3prios seres humanos. Os direitos humanos n\u00e3o s\u00e3o suficientemente iguais para todos. O Papa afirma que diante de tantos desafios h\u00e1 um inaceit\u00e1vel sil\u00eancio internacional, com caracter\u00edsticas de uma indiferen\u00e7a acomodada, fria e globalizada. E adverte: \u201c<em>O isolamento e o fechamento em n\u00f3s mesmos ou nos pr\u00f3prios interesses nunca ser\u00e3o o caminho para voltar a dar esperan\u00e7a e realizar uma renova\u00e7\u00e3o, mas \u00e9 a proximidade, a cultura do encontro. O isolamento, n\u00e3o; a proximidade, sim. Cultura do confronto, n\u00e3o; cultura do encontro, sim<\/em>\u201d (FT 30). Urge, portanto, repensar os nossos estilos de vida, as nossas rela\u00e7\u00f5es, a organiza\u00e7\u00e3o das nossas sociedades e sobretudo o sentido da nossa exist\u00eancia.<\/p>\n<p style=\"text-align: justify;\">A Carta-Enc\u00edclica <em>Fratelli Tutti<\/em> ainda faz uma advert\u00eancia muito forte em rela\u00e7\u00e3o aos gigantescos interesses econ\u00f4micos que operam no mundo digital, muitas vezes com agressividade social e em circuitos fechados que facilitam a divulga\u00e7\u00e3o de informa\u00e7\u00f5es e not\u00edcias falsas, fomentando preconceitos e \u00f3dios: \u201c<em>Os fanatismos, que induzem a destruir os outros, s\u00e3o protagonizados tamb\u00e9m por pessoas religiosas, sem excluir os crist\u00e3os, que podem fazer parte de redes de viol\u00eancia verbal atrav\u00e9s da internet e v\u00e1rios f\u00f3runs ou espa\u00e7os de interc\u00e2mbio digital<\/em>\u201d (FT 46).<\/p>\n<p style=\"text-align: justify;\">O Papa Francisco, apesar de todos os problemas apontados, termina o primeiro cap\u00edtulo, fazendo um apelo \u00e0 esperan\u00e7a: \u201c<em>Convido \u00e0 esperan\u00e7a que nos fala duma realidade que est\u00e1 enraizada no mais fundo do ser humano, independentemente das circunst\u00e2ncias concretas e dos condicionamentos hist\u00f3ricos em que vive. Fala-nos duma sede, duma aspira\u00e7\u00e3o, dum anseio de plenitude, de vida bem-sucedida, de querer agarrar o que \u00e9 grande, o que enche o cora\u00e7\u00e3o e eleva o esp\u00edrito para coisas grandes, como a verdade, a bondade e a beleza, a justi\u00e7a e o amor<\/em>&#8230;<em> Caminhemos na esperan\u00e7a<\/em>\u201d (FT 55).<\/p>\n<p>&nbsp;<\/p>\n<p>&nbsp;<\/p>\n","protected":false},"excerpt":{"rendered":"<p>Dom Alo\u00edsio Alberto Dilli Bispo de Santa Cruz do Sul (RS) \u00a0 Caros diocesanos. Em 03 de outubro de 2020, o Papa Francisco emitiu nova Carta Enc\u00edclica, chamada Fratelli Tutti (FT) \u2013 Todos Irm\u00e3os. Seu objetivo \u00e9 refletir sobre a fraternidade e a amizade social aberta, que permite reconhecer, valorizar e amar todas as pessoas, &hellip;<\/p>\n<p class=\"read-more\"> <a class=\"\" href=\"https:\/\/www.cnbb.org.br\/fratelli-tutti-01\/\"> <span class=\"screen-reader-text\">Fratelli Tutti &#8211; 01<\/span> Leia mais &raquo;<\/a><\/p>\n","protected":false},"author":33,"featured_media":0,"comment_status":"open","ping_status":"open","sticky":false,"template":"","format":"standard","meta":{"site-sidebar-layout":"default","site-content-layout":"default","ast-global-header-display":"","ast-banner-title-visibility":"","ast-main-header-display":"","ast-hfb-above-header-display":"","ast-hfb-below-header-display":"","ast-hfb-mobile-header-display":"","site-post-title":"","ast-breadcrumbs-content":"","ast-featured-img":"","footer-sml-layout":"","theme-transparent-header-meta":"default","adv-header-id-meta":"","stick-header-meta":"","header-above-stick-meta":"","header-main-stick-meta":"","header-below-stick-meta":""},"categories":[758],"tags":[],"acf":[],"_links":{"self":[{"href":"https:\/\/www.cnbb.org.br\/cnbb-app\/wp\/v2\/posts\/257861"}],"collection":[{"href":"https:\/\/www.cnbb.org.br\/cnbb-app\/wp\/v2\/posts"}],"about":[{"href":"https:\/\/www.cnbb.org.br\/cnbb-app\/wp\/v2\/types\/post"}],"author":[{"embeddable":true,"href":"https:\/\/www.cnbb.org.br\/cnbb-app\/wp\/v2\/users\/33"}],"replies":[{"embeddable":true,"href":"https:\/\/www.cnbb.org.br\/cnbb-app\/wp\/v2\/comments?post=257861"}],"version-history":[{"count":0,"href":"https:\/\/www.cnbb.org.br\/cnbb-app\/wp\/v2\/posts\/257861\/revisions"}],"wp:attachment":[{"href":"https:\/\/www.cnbb.org.br\/cnbb-app\/wp\/v2\/media?parent=257861"}],"wp:term":[{"taxonomy":"category","embeddable":true,"href":"https:\/\/www.cnbb.org.br\/cnbb-app\/wp\/v2\/categories?post=257861"},{"taxonomy":"post_tag","embeddable":true,"href":"https:\/\/www.cnbb.org.br\/cnbb-app\/wp\/v2\/tags?post=257861"}],"curies":[{"name":"wp","href":"https:\/\/api.w.org\/{rel}","templated":true}]}}