{"id":257863,"date":"2021-01-19T10:19:12","date_gmt":"2021-01-19T13:19:12","guid":{"rendered":"https:\/\/www.cnbb.org.br\/?p=257863"},"modified":"2021-01-19T10:22:23","modified_gmt":"2021-01-19T13:22:23","slug":"13o-dia-da-trezena-de-sao-sebastiao","status":"publish","type":"post","link":"https:\/\/www.cnbb.org.br\/13o-dia-da-trezena-de-sao-sebastiao\/","title":{"rendered":"13\u00ba dia da Trezena de S\u00e3o Sebasti\u00e3o"},"content":{"rendered":"<p style=\"text-align: right;\"><strong>Cardeal Orani Jo\u00e3o Tempesta<br \/>\n<\/strong><strong>Arcebispo do Rio de Janeiro (RJ)<\/strong><\/p>\n<p style=\"text-align: justify;\"><strong>\u00a0<\/strong><\/p>\n<p style=\"text-align: justify;\">Irm\u00e3os e irm\u00e3s chegamos ao 13\u00ba dia da trezena em honra ao nosso glorioso padroeiro S\u00e3o Sebasti\u00e3o. Ao chegar a esse \u00faltimo dia da trezena, queremos agradecer a Deus por termos conseguido chegar at\u00e9 aqui e confiando na intercess\u00e3o dele por cada um de n\u00f3s. Que S\u00e3o Sebasti\u00e3o revigore em n\u00f3s a esperan\u00e7a e reacenda em n\u00f3s a f\u00e9.<\/p>\n<p style=\"text-align: justify;\">Com certeza conseguimos uma gra\u00e7a muito especial com a realiza\u00e7\u00e3o da trezena por intercess\u00e3o de S\u00e3o Sebasti\u00e3o. No \u00faltimo Domingo, dia 17 de Janeiro, foi aprovada pela Anvisa duas vacinas para a imuniza\u00e7\u00e3o do corona v\u00edrus, sendo que ontem, no Cristo Redentor foram imunizadas, sob a prote\u00e7\u00e3o de S\u00e3o Sebasti\u00e3o, duas cariocas. Pedimos muito durante a trezena a cura para a pandemia e que n\u00e3o tiv\u00e9ssemos mais tantas mortes por conta da doen\u00e7a e eis que um grande passo foi dado e a imuniza\u00e7\u00e3o come\u00e7ou nesta segunda feira dia 18 de janeiro, iniciando pelos profissionais de sa\u00fade e esperamos que em breve chegue a toda popula\u00e7\u00e3o.<\/p>\n<p style=\"text-align: justify;\">Isso que aconteceu foi mais uma gra\u00e7a que S\u00e3o Sebasti\u00e3o nos concedeu nos \u00faltimos dias da trezena, provando que ele nunca nos desampara e sempre fortalece a nossa esperan\u00e7a. Que possamos estar preparados para viver esse novo normal e que o nosso padroeiro continue intercedendo por n\u00f3s e nos auxiliando nas outras gra\u00e7as que necessitamos, particularmente, nos protegendo contra a peste, a fome e a guerra.<\/p>\n<p style=\"text-align: justify;\">O subtema da trezena nesse dia \u00e9 justamente o tema central da trezena que \u00e9: \u201c<em>S\u00e3o Sebasti\u00e3o mensageiro da esperan\u00e7a\u201d, <\/em>ou seja, devemos ter sempre esperan\u00e7a nos dias dif\u00edceis. Temos que trazer no cora\u00e7\u00e3o a certeza de que os dias dif\u00edceis n\u00e3o durar\u00e3o para sempre, eles passam e os dias alegres vir\u00e3o. Para isso temos que ter f\u00e9 e acreditar, Deus n\u00e3o nos d\u00e1 uma cruz maior do que a que podemos carregar, mas temos que carregar a cruz do dia a dia. E para cada dia basta a sua preocupa\u00e7\u00e3o. Cabe a n\u00f3s rezarmos e confiarmos que dias melhores vir\u00e3o.<\/p>\n<p style=\"text-align: justify;\">O ano passado foi um ano dif\u00edcil para muitas pessoas, devido a pandemia da Covid-19 muitos perderam emprego, muitos tiveram dificuldades de comprar alimentos e sustentar a sua fam\u00edlia. Muitas pessoas passaram por momentos dif\u00edceis perdendo entes queridos e tendo muitos outros doentes. Mas, esse momento gra\u00e7as a Deus est\u00e1 passando, devemos pensar que o pior j\u00e1 passou, os dias ruins j\u00e1 passaram e devemos acreditar que dias melhores est\u00e3o chegando, sobretudo com a imuniza\u00e7\u00e3o que est\u00e1 por vir, temos que estar preparados para viver o novo normal. E assim como S\u00e3o Sebasti\u00e3o sermos \u201cmensageiros da esperan\u00e7a\u201d.<\/p>\n<p style=\"text-align: justify;\">O crist\u00e3o cat\u00f3lico \u00e9 aquele que traz em si a esperan\u00e7a, pois Jesus Ressuscitou, venceu a morte, nos deu uma nova esperan\u00e7a na vida eterna. O nosso santo padroeiro testemunhou essa esperan\u00e7a animando e encorajando os crist\u00e3os que eram perseguidos e condenados pelo imperador. Muitos crist\u00e3os, por\u00e9m, renegaram a sua f\u00e9 e muitos outros se refugiaram em lugares afastados, mas ele permaneceu com a sua comunidade, auxiliando o bispo de Roma, o Papa Fabiano.<\/p>\n<p style=\"text-align: justify;\">S\u00e3o Sebasti\u00e3o como sabemos era um soldado do imp\u00e9rio Romano, mas com seu testemunho falava de Jesus Cristo aos perseguidos e condenados. Devido a sua dedica\u00e7\u00e3o e seu empenho em falar de Cristo aos crist\u00e3os, o Papa Fabiano lhe concedeu o t\u00edtulo de subdi\u00e1cono, tornando-se um dos ministros da Igreja.<\/p>\n<p style=\"text-align: justify;\">A esperan\u00e7a nos conduz a novos ideais que faz com que a vida se torne mais bela e digna, por meio da esperan\u00e7a abrimos novos horizontes e n\u00e3o ficamos parados, estagnados no tempo. N\u00e3o podemos ficar apenas lamentando e vendo a dor e o sofrimento tomar conta do nosso \u00edntimo, mas temos que tentar buscar o novo, continuar os nossos trabalhos di\u00e1rios e acreditar que a esperan\u00e7a vem de Deus, e por meio dela alimentamos a nossa f\u00e9.<\/p>\n<p style=\"text-align: justify;\">A esperan\u00e7a \u00e9 uma virtude crist\u00e3 e essa deve acompanhar a nossa vida, ter esperan\u00e7a na vida eterna, na ressurrei\u00e7\u00e3o dos mortos e esperan\u00e7a de que o mundo seja um lugar melhor para se viver. N\u00e3o deixemos que os dias \u201cmaus\u201d tire de n\u00f3s a esperan\u00e7a em dias \u201cbons\u201d, pois os dias \u201cmaus\u201d existem, porque mais adiante teremos mais dias \u201cbons\u201d para comemorar. Caminhemos sempre na esperan\u00e7a, uma prova dessa esperan\u00e7a que vem de Deus foi a aprova\u00e7\u00e3o da vacina contra o \u201ccorona v\u00edrus\u201d que tivemos agora. \u00c9 a esperan\u00e7a em dias melhores que se abre.<\/p>\n<p style=\"text-align: justify;\">Rezemos pedindo a prote\u00e7\u00e3o de nosso padroeiro \u2013 <em>Ora\u00e7\u00e3o: \u00d3 querido S\u00e3o Sebasti\u00e3o, que unistes vossos sofrimentos aos de Cristo e que, mesmo diante das persegui\u00e7\u00f5es, das ofensas, das injusti\u00e7as e dos golpes de viol\u00eancia, conservastes vossa fidelidade e vosso amor a Jesus, sede o farol a iluminar nossos passos e a estrela a conduzir nosso caminho pelas estradas do bem e da verdade. Am\u00e9m.<\/em><\/p>\n<p style=\"text-align: justify;\">Nosso agradecimento a toda a equipe da guarda de S\u00e3o Sebasti\u00e3o que caminhou conosco nestes 13 dias. A\u00e7\u00e3o de gra\u00e7as por todos os lugares aonde a imagem de nosso padroeiro peregrinou como b\u00ean\u00e7\u00e3o de Deus. Que todos os que colaboraram com esta Trezena sintam-se abra\u00e7ados por mim e que Deus os aben\u00e7oe!<\/p>\n<p style=\"text-align: justify;\">Portanto, meus irm\u00e3os e irm\u00e3s que S\u00e3o Sebasti\u00e3o nos ajude a trilhar o caminho da esperan\u00e7a e da f\u00e9 e nossa vida seja um farol de luz a todos que encontrarmos, que n\u00e3o sejamos escurid\u00e3o para ningu\u00e9m, mas testemunhas da esperan\u00e7a, da f\u00e9 e do amor. Que nunca falte em n\u00f3s a esperan\u00e7a para ajudar a animar os desanimados e aqueles que se encontram em afli\u00e7\u00e3o.<\/p>\n<p style=\"text-align: justify;\">Celebremos com alegria a nossa festa do padroeiro amanh\u00e3 dia 20, um pouco diferente este ano, devindo a pandemia. Mas no ano que vem se Deus quiser faremos uma grande festa ao nosso padroeiro, tudo se encaminha para isso. Acompanhe as celebra\u00e7\u00f5es desse ano por meio das redes sociais, TV e r\u00e1dio e pe\u00e7amos que S\u00e3o Sebasti\u00e3o olhe por cada um de n\u00f3s e por nossa cidade do Rio de Janeiro. Haver\u00e1 a carreata em honra de S\u00e3o Sebasti\u00e3o. Amanh\u00e3 n\u00e3o \u00e9 simplesmente um feriado, mas dia de nos unirmos em prece e pedir por nossa cidade do Rio de Janeiro.<\/p>\n<p style=\"text-align: justify;\">S\u00e3o Sebasti\u00e3o, rogai por n\u00f3s.<\/p>\n<p>&nbsp;<\/p>\n<p>&nbsp;<\/p>\n","protected":false},"excerpt":{"rendered":"<p>Cardeal Orani Jo\u00e3o Tempesta Arcebispo do Rio de Janeiro (RJ) \u00a0 Irm\u00e3os e irm\u00e3s chegamos ao 13\u00ba dia da trezena em honra ao nosso glorioso padroeiro S\u00e3o Sebasti\u00e3o. Ao chegar a esse \u00faltimo dia da trezena, queremos agradecer a Deus por termos conseguido chegar at\u00e9 aqui e confiando na intercess\u00e3o dele por cada um de &hellip;<\/p>\n<p class=\"read-more\"> <a class=\"\" href=\"https:\/\/www.cnbb.org.br\/13o-dia-da-trezena-de-sao-sebastiao\/\"> <span class=\"screen-reader-text\">13\u00ba dia da Trezena de S\u00e3o Sebasti\u00e3o<\/span> Leia mais &raquo;<\/a><\/p>\n","protected":false},"author":31,"featured_media":0,"comment_status":"open","ping_status":"open","sticky":false,"template":"","format":"standard","meta":{"site-sidebar-layout":"default","site-content-layout":"default","ast-global-header-display":"","ast-banner-title-visibility":"","ast-main-header-display":"","ast-hfb-above-header-display":"","ast-hfb-below-header-display":"","ast-hfb-mobile-header-display":"","site-post-title":"","ast-breadcrumbs-content":"","ast-featured-img":"","footer-sml-layout":"","theme-transparent-header-meta":"default","adv-header-id-meta":"","stick-header-meta":"","header-above-stick-meta":"","header-main-stick-meta":"","header-below-stick-meta":""},"categories":[758],"tags":[],"acf":[],"_links":{"self":[{"href":"https:\/\/www.cnbb.org.br\/cnbb-app\/wp\/v2\/posts\/257863"}],"collection":[{"href":"https:\/\/www.cnbb.org.br\/cnbb-app\/wp\/v2\/posts"}],"about":[{"href":"https:\/\/www.cnbb.org.br\/cnbb-app\/wp\/v2\/types\/post"}],"author":[{"embeddable":true,"href":"https:\/\/www.cnbb.org.br\/cnbb-app\/wp\/v2\/users\/31"}],"replies":[{"embeddable":true,"href":"https:\/\/www.cnbb.org.br\/cnbb-app\/wp\/v2\/comments?post=257863"}],"version-history":[{"count":0,"href":"https:\/\/www.cnbb.org.br\/cnbb-app\/wp\/v2\/posts\/257863\/revisions"}],"wp:attachment":[{"href":"https:\/\/www.cnbb.org.br\/cnbb-app\/wp\/v2\/media?parent=257863"}],"wp:term":[{"taxonomy":"category","embeddable":true,"href":"https:\/\/www.cnbb.org.br\/cnbb-app\/wp\/v2\/categories?post=257863"},{"taxonomy":"post_tag","embeddable":true,"href":"https:\/\/www.cnbb.org.br\/cnbb-app\/wp\/v2\/tags?post=257863"}],"curies":[{"name":"wp","href":"https:\/\/api.w.org\/{rel}","templated":true}]}}