{"id":257900,"date":"2021-01-19T15:52:14","date_gmt":"2021-01-19T18:52:14","guid":{"rendered":"https:\/\/www.cnbb.org.br\/?p=257900"},"modified":"2021-01-20T08:49:15","modified_gmt":"2021-01-20T11:49:15","slug":"nesta-quarta-feira-20-de-janeiro-igreja-celebra-memoria-de-sao-sebastiao-martir-da-fe","status":"publish","type":"post","link":"https:\/\/www.cnbb.org.br\/nesta-quarta-feira-20-de-janeiro-igreja-celebra-memoria-de-sao-sebastiao-martir-da-fe\/","title":{"rendered":"Nesta quarta-feira, 20 de janeiro, Igreja celebra mem\u00f3ria de S\u00e3o Sebasti\u00e3o, m\u00e1rtir da f\u00e9"},"content":{"rendered":"<p style=\"text-align: justify;\">O m\u00eas de Janeiro \u00e9 marcado por datas significativas na vida devocional do povo de Deus, com as festas dos padroeiros. Estes santos correspondem a grandes modelos de vida, devo\u00e7\u00e3o, coragem e arrebatam multid\u00f5es para vivenciarem uma experi\u00eancia de fortalecimento da f\u00e9 e do amor. No Brasil, neste tempo, \u00e9 forte a devo\u00e7\u00e3o \u00e0 figura singular do m\u00e1rtir S\u00e3o Sebasti\u00e3o, celebrado nesta quarta-feira, 20 de Janeiro, invocado como protetor contra os maiores males que podem assolar a exist\u00eancia humana: a peste, a fome e a guerra<\/p>\n<p style=\"text-align: justify;\">O cardeal Orani Tempesta, arcebispo da arquidiocese do Rio de Janeiro, Igreja cujo padroeiro \u00e9 S\u00e3o Sebasti\u00e3o, fez mem\u00f3ria deste santo na 13\u00aa trezena dedicada ao m\u00e1rtir: &#8220;Sabemos que era um soldado do imp\u00e9rio Romano, mas com seu testemunho falava de Jesus Cristo aos perseguidos e condenados. Devido a sua dedica\u00e7\u00e3o e seu empenho em falar de Cristo aos crist\u00e3os, o Papa Fabiano lhe concedeu o t\u00edtulo de subdi\u00e1cono, tornando-se um dos ministros da Igreja&#8221;, disse.<\/p>\n<p style=\"text-align: justify;\">Nascido em Narbonne, no s\u00e9culo III, filho de uma fam\u00edlia nobre, chegou a ser capit\u00e3o da Guarda do Pal\u00e1cio Imperial em Roma.\u00a0 Recebeu o\u00a0<a href=\"https:\/\/www.acidigital.com\/catecismo\/batismo.htm\" target=\"_blank\" rel=\"noopener\">batismo<\/a>\u00a0e sempre zelou por ele em sua vida e tamb\u00e9m na dos seus irm\u00e3os.\u00a0 Era respeitado por todos e apreciado pelo imperador, que desconhecia sua qualidade de crist\u00e3o. Cumpria a disciplina militar, mas n\u00e3o participava dos sacrif\u00edcios idol\u00e1tricos.<\/p>\n<h3>Glorioso mart\u00edrio em nome da f\u00e9<\/h3>\n<p style=\"text-align: justify;\">Como bom crist\u00e3o, exercitava o apostolado entre seus companheiros, visitava e alentava os crist\u00e3os presos por causa de Cristo.\u00a0Diz-se que um dia foi a um m\u00e1rtir que se sentia desencorajado diante das l\u00e1grimas de sua fam\u00edlia. O santo o encorajou a ficar firme e dar a sua vida por Jesus Cristo. Desta forma, o homem p\u00f4de dar testemunho do glorioso mart\u00edrio.<\/p>\n<figure id=\"attachment_257902\" aria-describedby=\"caption-attachment-257902\" style=\"width: 393px\" class=\"wp-caption alignleft\"><img decoding=\"async\" loading=\"lazy\" class=\"wp-image-257902\" src=\"https:\/\/www.cnbb.org.br\/wp-content\/uploads\/2021\/01\/S\u00e3o-Sebasti\u00e3o-1-566x1024.jpg\" alt=\"\" width=\"393\" height=\"711\" srcset=\"https:\/\/www.cnbb.org.br\/wp-content\/uploads\/2021\/01\/S\u00e3o-Sebasti\u00e3o-1-566x1024.jpg 566w, https:\/\/www.cnbb.org.br\/wp-content\/uploads\/2021\/01\/S\u00e3o-Sebasti\u00e3o-1-166x300.jpg 166w, https:\/\/www.cnbb.org.br\/wp-content\/uploads\/2021\/01\/S\u00e3o-Sebasti\u00e3o-1-768x1390.jpg 768w, https:\/\/www.cnbb.org.br\/wp-content\/uploads\/2021\/01\/S\u00e3o-Sebasti\u00e3o-1-500x905.jpg 500w, https:\/\/www.cnbb.org.br\/wp-content\/uploads\/2021\/01\/S\u00e3o-Sebasti\u00e3o-1.jpg 597w\" sizes=\"(max-width: 393px) 100vw, 393px\" \/><figcaption id=\"caption-attachment-257902\" class=\"wp-caption-text\">O quadro de Andrea Mantegna (1431-1506), Mart\u00edrio de S\u00e3o Sebasti\u00e3o c. 1480m, encontra-se no museu do Louvre, em Paris.<\/figcaption><\/figure>\n<p style=\"text-align: justify;\">At\u00e9 que, em certa ocasi\u00e3o, foi denunciado ao imperador, que o obrigou a escolher entre ser seu soldado ou seguir Jesus Cristo.\u00a0O santo respondeu dizendo que iria continuar a ser um seguidor de Cristo at\u00e9 o fim e foi condenado \u00e0 morte por flechadas.<\/p>\n<p style=\"text-align: justify;\">Os soldados, ent\u00e3o, o levaram ao est\u00e1dio, despiram-no, amarraram-no a um poste e lan\u00e7aram sobre ele uma chuva de flechas, dando-o por morto.<\/p>\n<p style=\"text-align: justify;\">Mas, seus amigos perceberam que ele ainda estava vivo. Uma mulher, esposa de um m\u00e1rtir, levou-o para sua casa, onde o manteve escondido. Ela cuidou dele at\u00e9 que ficou restabelecido.\u00a0Com a sa\u00fade recuperada, apresentou-se novamente diante do imperador, repreendendo-o por perseguir os crist\u00e3os.<\/p>\n<p style=\"text-align: justify;\">O imperador, ent\u00e3o, mandou que fosse a\u00e7oitado e, desta vez, Sebasti\u00e3o n\u00e3o resistiu e acabou morrendo, por volta do ano 300.<\/p>\n<p style=\"text-align: justify;\">Seu corpo foi jogado ao lama\u00e7al, mas os crist\u00e3os o recolheram e o enterraram na Via \u00c1pia, na c\u00e9lebre catacumba que leva o nome de S\u00e3o Sebasti\u00e3o, local venerado pelos crist\u00e3os desde os tempos antigos.<\/p>\n<p style=\"text-align: justify;\">Em Roma, foi constru\u00edda a bas\u00edlica em sua honra. Durante s\u00e9culos, o santo foi invocado como patrono contra a peste e contra os inimigos da religi\u00e3o<\/p>\n<p style=\"text-align: justify;\"><strong>Ora\u00e7\u00e3o de S\u00e3o Sebasti\u00e3o:<\/strong><\/p>\n<p style=\"text-align: justify;\"><em><span style=\"font-size: 17.6px; text-align: justify;\">Glorioso m\u00e1rtir S\u00e3o Sebasti\u00e3o, soldado de Cristo e exemplo de crist\u00e3o, hoje vimos pedir a vossa intercess\u00e3o junto ao trono do Senhor Jesus, nosso Salvador, por Quem destes a vida. V\u00f3s que vivestes a f\u00e9 e perseverastes at\u00e9 o fim, pedi a Jesus por n\u00f3s para que sejamos testemunhas do amor de Deus. V\u00f3s que esperastes com firmeza nas palavras de Jesus, pedi-Lhe por n\u00f3s, para que aumente a nossa esperan\u00e7a na ressurrei\u00e7\u00e3o. V\u00f3s que vivestes a caridade para com os irm\u00e3os, pedi a Jesus para que aumente o nosso amor para com todos. Enfim, glorioso m\u00e1rtir S\u00e3o Sebasti\u00e3o, protegei-nos contra a peste, a fome e a guerra; defendei as nossas planta\u00e7\u00f5es e os nossos rebanhos, que s\u00e3o dons de Deus para o nosso bem e para o bem de todos. E defendei-nos do pecado, que \u00e9 o maior de todos os males. Assim seja.<\/span><\/em><\/p>\n","protected":false},"excerpt":{"rendered":"<p>Segundo o cardeal Orani Tempesta, arcebispo da arquidiocese do Rio de Janeiro, Igreja cujo padroeiro \u00e9 S\u00e3o Sebasti\u00e3o, o santo era um soldado do imp\u00e9rio Romano, mas com seu testemunho falava de Jesus Cristo aos perseguidos e condenados. &#8220;Devido a sua dedica\u00e7\u00e3o e seu empenho em falar de Cristo aos crist\u00e3os, o Papa Fabiano lhe concedeu o t\u00edtulo de subdi\u00e1cono, tornando-se um dos ministros da Igreja&#8221;, disse<\/p>\n","protected":false},"author":83,"featured_media":257901,"comment_status":"open","ping_status":"open","sticky":false,"template":"","format":"standard","meta":{"site-sidebar-layout":"default","site-content-layout":"default","ast-global-header-display":"","ast-banner-title-visibility":"","ast-main-header-display":"","ast-hfb-above-header-display":"","ast-hfb-below-header-display":"","ast-hfb-mobile-header-display":"","site-post-title":"","ast-breadcrumbs-content":"","ast-featured-img":"","footer-sml-layout":"","theme-transparent-header-meta":"default","adv-header-id-meta":"","stick-header-meta":"","header-above-stick-meta":"","header-main-stick-meta":"","header-below-stick-meta":""},"categories":[50,841],"tags":[3323,3322],"acf":[],"_links":{"self":[{"href":"https:\/\/www.cnbb.org.br\/cnbb-app\/wp\/v2\/posts\/257900"}],"collection":[{"href":"https:\/\/www.cnbb.org.br\/cnbb-app\/wp\/v2\/posts"}],"about":[{"href":"https:\/\/www.cnbb.org.br\/cnbb-app\/wp\/v2\/types\/post"}],"author":[{"embeddable":true,"href":"https:\/\/www.cnbb.org.br\/cnbb-app\/wp\/v2\/users\/83"}],"replies":[{"embeddable":true,"href":"https:\/\/www.cnbb.org.br\/cnbb-app\/wp\/v2\/comments?post=257900"}],"version-history":[{"count":0,"href":"https:\/\/www.cnbb.org.br\/cnbb-app\/wp\/v2\/posts\/257900\/revisions"}],"wp:featuredmedia":[{"embeddable":true,"href":"https:\/\/www.cnbb.org.br\/cnbb-app\/wp\/v2\/media\/257901"}],"wp:attachment":[{"href":"https:\/\/www.cnbb.org.br\/cnbb-app\/wp\/v2\/media?parent=257900"}],"wp:term":[{"taxonomy":"category","embeddable":true,"href":"https:\/\/www.cnbb.org.br\/cnbb-app\/wp\/v2\/categories?post=257900"},{"taxonomy":"post_tag","embeddable":true,"href":"https:\/\/www.cnbb.org.br\/cnbb-app\/wp\/v2\/tags?post=257900"}],"curies":[{"name":"wp","href":"https:\/\/api.w.org\/{rel}","templated":true}]}}