{"id":25811,"date":"2009-06-05T00:00:00","date_gmt":"2009-06-05T03:00:00","guid":{"rendered":"https:\/\/www.cnbb.org.br\/decisoes-do-episcopado-gaucho\/"},"modified":"2009-06-05T00:00:00","modified_gmt":"2009-06-05T03:00:00","slug":"decisoes-do-episcopado-gaucho","status":"publish","type":"post","link":"https:\/\/www.cnbb.org.br\/decisoes-do-episcopado-gaucho\/","title":{"rendered":"Decis\u00f5es do episcopado ga\u00facho"},"content":{"rendered":"<p style=\"text-align: justify\">Reunidos em Porto Alegre (na Vila Bet\u00e2nia), dia 03 de junho \u00faltimo, os Bispos cat\u00f3licos do Rio Grande do Sul trataram dos seguintes temas:<\/p>\n<p><!--more--><\/p>\n<div style=\"text-align: justify\">\n<ol>\n<li>Visita ad limina: Cada cinco anos os Bispos cat\u00f3licos fazem uma visita de trabalho ao Papa e aos principais Dicast\u00e9rios (Congrega\u00e7\u00f5es) da Santa S\u00e9. Os Bispos ga\u00fachos s\u00e3o esperados em Roma na data de 27 de novembro a 10 de dezembro de 2009. Em parte estaremos com os\u00a0 Bispos de Santa Catarina.<\/li>\n<li>As Romarias da Terra e do Trabalhador: As duas Romarias fazem parte do compromisso comum da Igreja Cat\u00f3lica do Estado ga\u00facho. \u00c9 tempo de avalia\u00e7\u00e3o. A Decis\u00e3o final ser\u00e1 tomada na pr\u00f3xima Assembl\u00e9ia Regional de Evangeliza\u00e7\u00e3o. H\u00e1 uma sugest\u00e3o de integrar as duas romarias numa s\u00f3. Seria a Romaria do Povo de Deus ou Romaria das Comunidades. Outra sugest\u00e3o realizaria uma Romaria estadual por ano alternadamente: um ano a Romaria da Terra, outro ano a Romaria do Trabalhador.<\/li>\n<li>Para revitalizar as pastorais sociais solicitou-se a cria\u00e7\u00e3o de um Fundo Estadual de Solidariedade. As Dioceses passam 10% da Campanha da Fraternidade para o Fundo Estadual. Em princ\u00edpio o pedido foi aprovado. Permanece o repasse de 40% para o Fundo Nacional de Solidariedade.<\/li>\n<li>Ano Sacerdotal: A fim de comemorar os 150 anos do Cura d\u2019Ars, o papa Bento XVI proclamou um Ano Sacerdotal. Na Diocese de Santa Cruz do Sul teremos dia 19 de junho pr\u00f3ximo, em Santa Clara do Sul, o Encontro Regional do Apostolado da Ora\u00e7\u00e3o. \u00d3tima ocasi\u00e3o para a abertura do Ano Sacerdotal. Aos presb\u00edteros vai o convite de renova\u00e7\u00e3o pessoal e ao povo o pedido de ora\u00e7\u00e3o pelos padres.<\/li>\n<li>Miss\u00e3o Continental: No Dia das Miss\u00f5es \u2013 18 de outubro pr\u00f3ximo \u2013 os Bispos lan\u00e7am na respectiva Catedral o projeto de Miss\u00e3o Continental, como solicitado pela Confer\u00eancia de Aparecida.<\/li>\n<li>Mestrado de Teologia na PUC: A Dire\u00e7\u00e3o da Faculdade de Teologia da PUC comunicou que haver\u00e1 uma parada a fim de se rever o quadro de professores e eventual filia\u00e7\u00e3o \u00e0 universidade Lateranense de Roma.<\/li>\n<li>Local da Teologia: Est\u00e1 em estudos a passagem para o \u201cCampus\u201d de Viam\u00e3o do curso de teologia, que atualmente se realiza na PUC-centro.<\/li>\n<\/ol>\n<\/div>\n<p style=\"text-align: justify\">Deus aben\u00e7oe nossas decis\u00f5es!<\/p>\n<h4 style=\"text-align: right\">Dom Alo\u00edsio Sin\u00e9sio Bohn<\/h4>\n","protected":false},"excerpt":{"rendered":"<p>Reunidos em Porto Alegre (na Vila Bet\u00e2nia), dia 03 de junho \u00faltimo, os Bispos cat\u00f3licos do Rio Grande do Sul trataram dos seguintes temas:<\/p>\n","protected":false},"author":83,"featured_media":0,"comment_status":"open","ping_status":"open","sticky":false,"template":"","format":"standard","meta":{"site-sidebar-layout":"default","site-content-layout":"default","ast-global-header-display":"","ast-banner-title-visibility":"","ast-main-header-display":"","ast-hfb-above-header-display":"","ast-hfb-below-header-display":"","ast-hfb-mobile-header-display":"","site-post-title":"","ast-breadcrumbs-content":"","ast-featured-img":"","footer-sml-layout":"","theme-transparent-header-meta":"","adv-header-id-meta":"","stick-header-meta":"","header-above-stick-meta":"","header-main-stick-meta":"","header-below-stick-meta":""},"categories":[769,790],"tags":[],"acf":[],"_links":{"self":[{"href":"https:\/\/www.cnbb.org.br\/cnbb-app\/wp\/v2\/posts\/25811"}],"collection":[{"href":"https:\/\/www.cnbb.org.br\/cnbb-app\/wp\/v2\/posts"}],"about":[{"href":"https:\/\/www.cnbb.org.br\/cnbb-app\/wp\/v2\/types\/post"}],"author":[{"embeddable":true,"href":"https:\/\/www.cnbb.org.br\/cnbb-app\/wp\/v2\/users\/83"}],"replies":[{"embeddable":true,"href":"https:\/\/www.cnbb.org.br\/cnbb-app\/wp\/v2\/comments?post=25811"}],"version-history":[{"count":0,"href":"https:\/\/www.cnbb.org.br\/cnbb-app\/wp\/v2\/posts\/25811\/revisions"}],"wp:attachment":[{"href":"https:\/\/www.cnbb.org.br\/cnbb-app\/wp\/v2\/media?parent=25811"}],"wp:term":[{"taxonomy":"category","embeddable":true,"href":"https:\/\/www.cnbb.org.br\/cnbb-app\/wp\/v2\/categories?post=25811"},{"taxonomy":"post_tag","embeddable":true,"href":"https:\/\/www.cnbb.org.br\/cnbb-app\/wp\/v2\/tags?post=25811"}],"curies":[{"name":"wp","href":"https:\/\/api.w.org\/{rel}","templated":true}]}}