{"id":258162,"date":"2021-01-26T14:38:10","date_gmt":"2021-01-26T17:38:10","guid":{"rendered":"https:\/\/www.cnbb.org.br\/?p=258162"},"modified":"2021-01-26T15:03:50","modified_gmt":"2021-01-26T18:03:50","slug":"perspectivas-pastorais-em-2021-a-igreja-deve-desenvolver-uma-acao-pastoral-especial-a-favor-dos-idosos-doentes-deprimidos-e-enlutados","status":"publish","type":"post","link":"https:\/\/www.cnbb.org.br\/perspectivas-pastorais-em-2021-a-igreja-deve-desenvolver-uma-acao-pastoral-especial-a-favor-dos-idosos-doentes-deprimidos-e-enlutados\/","title":{"rendered":"Perspectivas pastorais: &#8220;Em 2021, a Igreja deve desenvolver uma a\u00e7\u00e3o especial a favor dos idosos, doentes, deprimidos e enlutados&#8221;"},"content":{"rendered":"<p style=\"text-align: justify;\">Para o bispo de Roraima, segundo vice-presidente da Confer\u00eancia Nacional dos Bispos do Brasil (CNBB) e presidente da C\u00e1ritas Brasileira, dom M\u00e1rio Ant\u00f4nio da Silva, a Igreja no Brasil tem entre suas tarefas centrais , em 2021, colaborar para a supera\u00e7\u00e3o da pandemia do novo Coronav\u00edrus. Dom M\u00e1rio Ant\u00f4nio esteve \u00e0 frente, junto \u00e0 C\u00e1ritas Brasileira, da maior a\u00e7\u00e3o caritativa da Igreja no pa\u00eds nos \u00faltimos anos: a a\u00e7\u00e3o emergencial <strong><a href=\"https:\/\/www.cnbb.org.br\/retrospectiva-2020-um-ano-que-a-solidariedade-pulsou-no-coracao-da-igreja-no-brasil-com-a-acao-emergencial-e-tempo-de-cuidar\/\">\u00c9 Tempo de\u00a0 Cuidar<\/a><\/strong> e tamb\u00e9m do projeto<strong>\u00a0<a href=\"http:\/\/projeto Caminhos de Solidariedade: Brasil &amp; Venezuela\">Caminhos de Solidariedade: Brasil &amp; Venezuela <\/a><\/strong>\u00a0a\u00e7\u00e3o da Igreja de acolhida dos migrantes \u00a0que chegam o Brasil pela fronteira com o Estado de Roraima.<\/p>\n<p style=\"text-align: justify;\">Na entrevista a seguir, que conclui a s\u00e9rie que o portal da CNBB realizou com a presid\u00eancia da entidade, ele fala sobre a import\u00e2ncia da Igreja manter-se solid\u00e1ria, num contexto de crise, incluindo a promo\u00e7\u00e3o e a integra\u00e7\u00e3o dos migrantes e refugiados. Inspirado nas Enc\u00edclicas do Papa Francisco, dom M\u00e1rio afirma a necessidade da Igreja, neste tempo de pandemia, ser uma Igreja em sa\u00edda com renovada a\u00e7\u00e3o pastoral, envolvendo-se com os problemas e lutas do povo brasileiro. &#8220;Uma Igreja samaritana e profeta, com especial aten\u00e7\u00e3o aos idosos, doentes, deprimidos e enlutados&#8221;, disse. Acompanhe, a seguir, a \u00edntegra da entrevista.<\/p>\n<p style=\"text-align: justify;\"><em><strong>1 &#8211; A a\u00e7\u00e3o emergencial &#8220;\u00c9 Tempo de Cuidar&#8221;, segundo o secret\u00e1rio-geral da CNBB, \u00e9 uma a\u00e7\u00e3o aberta ao futuro. O assessor da C\u00e1ritas Brasileira, Fernando Zamban, a classificou como a maior a\u00e7\u00e3o de solidariedade da hist\u00f3ria recente da Igreja no pa\u00eds. Quais s\u00e3o as perspectivas para a a\u00e7\u00e3o caritativa da Igreja no Brasil em 2021? E para esta a\u00e7\u00e3o emergencial?<\/strong><\/em><\/p>\n<p style=\"text-align: justify;\">A a\u00e7\u00e3o solid\u00e1ria emergencial \u00c9 Tempo de Cuidar vem prestando uma importante solidariedade e aux\u00edlio neste tempo de pandemia. Foi lan\u00e7ada, em 2020, no Domingo de P\u00e1scoa, e continua neste ano de 2021. Sabemos que a solidariedade aconteceu al\u00e9m dos n\u00fameros, pois a a\u00e7\u00e3o beneficiou pessoas concretas em suas m\u00faltiplas necessidades.<\/p>\n<p style=\"text-align: justify;\">Esta a\u00e7\u00e3o, num contexto como o da pandemia, foi e continuar\u00e1 sendo uma verdadeira p\u00e1gina viva do Evangelho. As perspectivas em 2021 para a a\u00e7\u00e3o caritativa da Igreja no Brasil e para a a\u00e7\u00e3o solid\u00e1ria emergencial s\u00e3o de continuidade, abrindo caminhos novos para a\u00e7\u00f5es de sustentabilidade e a promo\u00e7\u00e3o integral das pessoas necessitadas.<\/p>\n<p style=\"text-align: justify;\"><em><strong>2 \u2013 Em um ano de dificuldades, em decorr\u00eancia da pandemia, muitas pessoas ser\u00e3o for\u00e7adas a migrar em busca de melhor condi\u00e7\u00f5es de vida. Quais s\u00e3o os cuidados que a Igreja no Brasil precisa ter com os migrantes e refugiados?<\/strong><\/em><\/p>\n<p style=\"text-align: justify;\">A Igreja reconhece o direito de migrar. Diante da realidade da migra\u00e7\u00e3o, no Brasil e no mundo, algumas a\u00e7\u00f5es s\u00e3o necess\u00e1rias, em favor dos migrantes e refugiados. Cuidar destas pessoas \u00e9 um desafio pastoral ao qual somos chamados a responder hoje. Quatro verbos, apontados pelo Papa Francisco no Dia Mundial do Refugiado e do Migrante em 2018, iluminam as respostas a estes desafios: acolher, proteger, promover e integrar.<\/p>\n<p style=\"text-align: justify;\">Em 2020, no mesmo dia dos migrantes e refugiados, em 27 de setembro, o Papa Francisco acrescentou a estes quatro verbos outros seis pares de verbos que traduzem a\u00e7\u00f5es concretas e interligadas numa rela\u00e7\u00e3o de causa e efeito. Os verbos, a seguir, s\u00e3o pistas e indica\u00e7\u00f5es para as a\u00e7\u00f5es pastorais da Igreja em favor dos migrantes e refugiados, reconhecendo o protagonismo destes nossos irm\u00e3os e irm\u00e3s.<\/p>\n<p style=\"text-align: justify;\">\u00c9 preciso conhecer para compreender; aproximar-se para servir; escutar para reconciliar-se; para crescer \u00e9 necess\u00e1rio partilhar; \u00e9 preciso co-envolver para promover; e colaborar para construir. Nossa tarefa \u00e9 conjugar os verbos indicados pelo Papa Francisco no modo indicativo e no tempo presente para que se produza frutos na caridade. Especialmente dos migrantes e refugiados. Que os cuidados pastorais da Igreja no Brasil e no mundo sejam realmente uma porta aberta para integra\u00e7\u00e3o, onde todos encontrem vida e dignidade em abund\u00e2ncia.<\/p>\n<p><em><strong>3 \u2013 Este ano, ainda no contexto de supera\u00e7\u00e3o da pandemia e tamb\u00e9m avan\u00e7ado para o p\u00f3s-pandemia, qual deve ser a postura da Igreja no Brasil?<\/strong><\/em><\/p>\n<p style=\"text-align: justify;\">Conclu\u00edmos o ano de 2020 e n\u00e3o vencemos o novo Coronav\u00edrus. Em 2021, temos a tarefa de superar esta pandemia. A Igreja tem uma miss\u00e3o importante neste cen\u00e1rio: ser uma Igreja em sa\u00edda para as periferias, como indica o Papa Francisco em suas Enc\u00edclicas <a href=\"http:\/\/www.vatican.va\/content\/francesco\/pt\/apost_exhortations\/documents\/papa-francesco_esortazione-ap_20131124_evangelii-gaudium.html\" target=\"_blank\" rel=\"noopener\">Envangelii Gaudium<\/a>, na <a href=\"http:\/\/www.vatican.va\/content\/francesco\/pt\/encyclicals\/documents\/papa-francesco_20150524_enciclica-laudato-si.html\" target=\"_blank\" rel=\"noopener\">Laudato Si\u2019<\/a> e na <a href=\"http:\/\/www.vatican.va\/content\/francesco\/pt\/encyclicals\/documents\/papa-francesco_20150524_enciclica-laudato-si.html\" target=\"_blank\" rel=\"noopener\">Fratteli Tutti<\/a>. Ser uma Igreja em sa\u00edda com renovada a\u00e7\u00e3o pastoral, envolvendo-se com os problemas e lutas do povo brasileiro; Uma Igreja samaritana e profeta e, com especial aten\u00e7\u00e3o aos idosos, doentes, deprimidos e enlutados.<\/p>\n<p style=\"text-align: justify;\">\u00c9 necess\u00e1rio que a Igreja d\u00ea import\u00e2ncia fundamental \u00e0s pequenas comunidades eclesiais mission\u00e1rias fazendo com que, de fato, sejam casas da Palavra, do P\u00e3o e da caridade. Tudo isto vai permitir que a Igreja viva e transmita a esperan\u00e7a com ternura e com proximidade sendo capaz de despertar a alegria nas pessoas.<\/p>\n<p style=\"text-align: justify;\">Vemos tamb\u00e9m a necessidade, neste ano de 2021, que a Igreja seja a Igreja da solidariedade atenta \u00e0s causas dos pobres, promovendo a justi\u00e7a e o cuidado com concreto, incluindo a Casa Comum. \u00c9 necess\u00e1rio tamb\u00e9m ser a Igreja da fraternidade que se preocupa com as pessoas em suas situa\u00e7\u00f5es concretas, no seu dia a dia e com a sua hist\u00f3ria real, promovendo a paz e a caridade. \u00c9 importante tamb\u00e9m a Igreja, neste cen\u00e1rio de pandemia, continuar sua a\u00e7\u00e3o Evangelizadora e mission\u00e1ria, uma Igreja das bem aventuran\u00e7as do Reino de Deus. Na postura, deve ser parecida com Jesus Cristo que tinha, em sua prega\u00e7\u00e3o, o Reino de Deus como central. Para Jesus, os pobres, e rostos mais amea\u00e7ados, s\u00e3o o centro do Reino de Deus. A Igreja no Brasil deve se manter firme na ora\u00e7\u00e3o e no compromisso como mais pobres se quiser ser fiel a Deus.<\/p>\n","protected":false},"excerpt":{"rendered":"<p>Para o bispo de Roraima, segundo vice-presidente da Confer\u00eancia Nacional dos Bispos do Brasil (CNBB) e presidente da C\u00e1ritas Brasileira, dom M\u00e1rio Ant\u00f4nio da Silva, a Igreja no Brasil tem entre suas tarefas centrais , em 2021, colaborar para a supera\u00e7\u00e3o da pandemia do novo Coronav\u00edrus. Dom M\u00e1rio Ant\u00f4nio esteve \u00e0 frente, junto \u00e0 C\u00e1ritas &hellip;<\/p>\n<p class=\"read-more\"> <a class=\"\" href=\"https:\/\/www.cnbb.org.br\/perspectivas-pastorais-em-2021-a-igreja-deve-desenvolver-uma-acao-pastoral-especial-a-favor-dos-idosos-doentes-deprimidos-e-enlutados\/\"> <span class=\"screen-reader-text\">Perspectivas pastorais: &#8220;Em 2021, a Igreja deve desenvolver uma a\u00e7\u00e3o especial a favor dos idosos, doentes, deprimidos e enlutados&#8221;<\/span> Leia mais &raquo;<\/a><\/p>\n","protected":false},"author":83,"featured_media":258163,"comment_status":"open","ping_status":"open","sticky":false,"template":"","format":"standard","meta":{"site-sidebar-layout":"default","site-content-layout":"default","ast-global-header-display":"","ast-banner-title-visibility":"","ast-main-header-display":"","ast-hfb-above-header-display":"","ast-hfb-below-header-display":"","ast-hfb-mobile-header-display":"","site-post-title":"","ast-breadcrumbs-content":"","ast-featured-img":"","footer-sml-layout":"","theme-transparent-header-meta":"default","adv-header-id-meta":"","stick-header-meta":"","header-above-stick-meta":"","header-main-stick-meta":"","header-below-stick-meta":""},"categories":[1841,797],"tags":[2017,3348],"acf":[],"_links":{"self":[{"href":"https:\/\/www.cnbb.org.br\/cnbb-app\/wp\/v2\/posts\/258162"}],"collection":[{"href":"https:\/\/www.cnbb.org.br\/cnbb-app\/wp\/v2\/posts"}],"about":[{"href":"https:\/\/www.cnbb.org.br\/cnbb-app\/wp\/v2\/types\/post"}],"author":[{"embeddable":true,"href":"https:\/\/www.cnbb.org.br\/cnbb-app\/wp\/v2\/users\/83"}],"replies":[{"embeddable":true,"href":"https:\/\/www.cnbb.org.br\/cnbb-app\/wp\/v2\/comments?post=258162"}],"version-history":[{"count":0,"href":"https:\/\/www.cnbb.org.br\/cnbb-app\/wp\/v2\/posts\/258162\/revisions"}],"wp:featuredmedia":[{"embeddable":true,"href":"https:\/\/www.cnbb.org.br\/cnbb-app\/wp\/v2\/media\/258163"}],"wp:attachment":[{"href":"https:\/\/www.cnbb.org.br\/cnbb-app\/wp\/v2\/media?parent=258162"}],"wp:term":[{"taxonomy":"category","embeddable":true,"href":"https:\/\/www.cnbb.org.br\/cnbb-app\/wp\/v2\/categories?post=258162"},{"taxonomy":"post_tag","embeddable":true,"href":"https:\/\/www.cnbb.org.br\/cnbb-app\/wp\/v2\/tags?post=258162"}],"curies":[{"name":"wp","href":"https:\/\/api.w.org\/{rel}","templated":true}]}}