{"id":25819,"date":"2008-12-05T00:00:00","date_gmt":"2008-12-05T02:00:00","guid":{"rendered":"https:\/\/www.cnbb.org.br\/bispos-gauchos-reunidos-1\/"},"modified":"2008-12-05T00:00:00","modified_gmt":"2008-12-05T02:00:00","slug":"bispos-gauchos-reunidos-1","status":"publish","type":"post","link":"https:\/\/www.cnbb.org.br\/bispos-gauchos-reunidos-1\/","title":{"rendered":"Bispos ga\u00fachos reunidos"},"content":{"rendered":"<p style=\"text-align: justify\">Os Bispos das 18 Dioceses Cat\u00f3licas do Rio Grande do Sul, al\u00e9m dos Bispos auxiliares de Porto Alegre e de v\u00e1rios Bispos em\u00e9ritos, estivemos reunidos por tr\u00eas dias no Semin\u00e1rio Apost\u00f3lico Nossa Senhora do Caravaggio, em Farroupilha. Tivemos a alegria da presen\u00e7a de Dom Paulo Moretto, Bispo de Caxias do Sul, em franca recupera\u00e7\u00e3o de sa\u00fade. O encontro teve o objetivo de conviv\u00eancia fraterna, de ora\u00e7\u00e3o e de medita\u00e7\u00e3o da Palavra de Deus e de discernimento pastoral.<\/p>\n<p><!--more--><\/p>\n<p style=\"text-align: justify\">Especial cuidado mereceu a evangeliza\u00e7\u00e3o da juventude. Entre as iniciativas se real\u00e7a o Setor Jovem no Estado, buscando a coopera\u00e7\u00e3o das v\u00e1rias iniciativas de evangeliza\u00e7\u00e3o da juventude. Cada experi\u00eancia preserva sua identidade. Assim os v\u00e1rios carismas s\u00e3o valorizados, a servi\u00e7o da evangeliza\u00e7\u00e3o da juventude.<\/p>\n<p style=\"text-align: justify\">Tivemos tamb\u00e9m um di\u00e1logo com os representantes dos v\u00e1rios Institutos Superiores e Faculdades de Forma\u00e7\u00e3o do Rio Grande do Sul. Houve consenso quanto \u00e0 urg\u00eancia da capacita\u00e7\u00e3o de lideran\u00e7as leigas para o protagonismo das grandes quest\u00f5es da humanidade. Os bispos deram tamb\u00e9m sugest\u00f5es para a forma\u00e7\u00e3o sacerdotal e candidatos \u00e0 vida religiosa.<\/p>\n<p style=\"text-align: justify\">Ouve partilha sobre o andamento das v\u00e1rias pastorais organizadas. Alguns Bispos referenciais, dada a presen\u00e7a dos Bispos novos, puderam aliviar suas agendas. Foi confirmada a Romaria da Terra sobre as \u00e1guas, em Sapucaia do Sul, dia 24 de mar\u00e7o de 2009.<\/p>\n<p style=\"text-align: justify\">Confirmada tamb\u00e9m a Romaria do Trabalhador, em Gravata\u00ed, dia 1\u00ba de maio de 2009. Foi reafirmada a realiza\u00e7\u00e3o da Missa, como ora\u00e7\u00e3o central das romarias, embora haja significativa participa\u00e7\u00e3o de fi\u00e9is de outras confiss\u00f5es crist\u00e3s nas romarias. Mesmo assim h\u00e1 espa\u00e7o para a express\u00e3o ecum\u00eanica, que \u00e9 desejada.<\/p>\n<p style=\"text-align: justify\">Analisou-se a situa\u00e7\u00e3o em Santa Catarina. Fomos informados de que, felizmente, h\u00e1 abund\u00e2ncia de alimentos e roupas. Al\u00e9m de recomendar a coopera\u00e7\u00e3o financeira atrav\u00e9s das contas j\u00e1 divulgadas, decidimos dialogar com o episcopado catarinense, em data ulterior, para acertar o apoio solid\u00e1rio da Igreja ga\u00facha.<\/p>\n<p style=\"text-align: justify\">Grande aten\u00e7\u00e3o mereceu a dimens\u00e3o mission\u00e1ria, com realce da Amaz\u00f4nia e de Mo\u00e7ambique.<\/p>\n<p style=\"text-align: justify\">Pedimos \u00e0 Diocese de Frederico Westphalen para realizar anualmente uma peregrina\u00e7\u00e3o dos coroinhas ao santu\u00e1rio do beato Ad\u00edlio e de Pe. Manuel.<\/p>\n<p style=\"text-align: justify\">Desta vez reservamos bastante tempo para a leitura orante da Palavra de Deus. Assim quisemos preparar nosso cora\u00e7\u00e3o para a vinda do Filho de Deus no Natal.<\/p>\n<h4 style=\"text-align: right\">Dom Alo\u00edsio Sin\u00e9sio Bohn<\/h4>\n","protected":false},"excerpt":{"rendered":"<p>Os Bispos das 18 Dioceses Cat\u00f3licas do Rio Grande do Sul, al\u00e9m dos Bispos auxiliares de Porto Alegre e de v\u00e1rios Bispos em\u00e9ritos, estivemos reunidos por tr\u00eas dias no Semin\u00e1rio Apost\u00f3lico Nossa Senhora do Caravaggio, em Farroupilha. Tivemos a alegria da presen\u00e7a de Dom Paulo Moretto, Bispo de Caxias do Sul, em franca recupera\u00e7\u00e3o de &hellip;<\/p>\n<p class=\"read-more\"> <a class=\"\" href=\"https:\/\/www.cnbb.org.br\/bispos-gauchos-reunidos-1\/\"> <span class=\"screen-reader-text\">Bispos ga\u00fachos reunidos<\/span> Leia mais &raquo;<\/a><\/p>\n","protected":false},"author":83,"featured_media":0,"comment_status":"open","ping_status":"open","sticky":false,"template":"","format":"standard","meta":{"site-sidebar-layout":"default","site-content-layout":"default","ast-global-header-display":"","ast-banner-title-visibility":"","ast-main-header-display":"","ast-hfb-above-header-display":"","ast-hfb-below-header-display":"","ast-hfb-mobile-header-display":"","site-post-title":"","ast-breadcrumbs-content":"","ast-featured-img":"","footer-sml-layout":"","theme-transparent-header-meta":"","adv-header-id-meta":"","stick-header-meta":"","header-above-stick-meta":"","header-main-stick-meta":"","header-below-stick-meta":""},"categories":[769,790],"tags":[],"acf":[],"_links":{"self":[{"href":"https:\/\/www.cnbb.org.br\/cnbb-app\/wp\/v2\/posts\/25819"}],"collection":[{"href":"https:\/\/www.cnbb.org.br\/cnbb-app\/wp\/v2\/posts"}],"about":[{"href":"https:\/\/www.cnbb.org.br\/cnbb-app\/wp\/v2\/types\/post"}],"author":[{"embeddable":true,"href":"https:\/\/www.cnbb.org.br\/cnbb-app\/wp\/v2\/users\/83"}],"replies":[{"embeddable":true,"href":"https:\/\/www.cnbb.org.br\/cnbb-app\/wp\/v2\/comments?post=25819"}],"version-history":[{"count":0,"href":"https:\/\/www.cnbb.org.br\/cnbb-app\/wp\/v2\/posts\/25819\/revisions"}],"wp:attachment":[{"href":"https:\/\/www.cnbb.org.br\/cnbb-app\/wp\/v2\/media?parent=25819"}],"wp:term":[{"taxonomy":"category","embeddable":true,"href":"https:\/\/www.cnbb.org.br\/cnbb-app\/wp\/v2\/categories?post=25819"},{"taxonomy":"post_tag","embeddable":true,"href":"https:\/\/www.cnbb.org.br\/cnbb-app\/wp\/v2\/tags?post=25819"}],"curies":[{"name":"wp","href":"https:\/\/api.w.org\/{rel}","templated":true}]}}