{"id":258312,"date":"2021-01-29T10:55:45","date_gmt":"2021-01-29T13:55:45","guid":{"rendered":"https:\/\/www.cnbb.org.br\/?p=258312"},"modified":"2021-01-29T15:51:54","modified_gmt":"2021-01-29T18:51:54","slug":"comissao-para-a-liturgia-divulga-orientacoes-para-a-bencao-das-velas-no-dia-de-sao-bras","status":"publish","type":"post","link":"https:\/\/www.cnbb.org.br\/comissao-para-a-liturgia-divulga-orientacoes-para-a-bencao-das-velas-no-dia-de-sao-bras\/","title":{"rendered":"Comiss\u00e3o para a Liturgia divulga orienta\u00e7\u00f5es para a b\u00ean\u00e7\u00e3o das Velas no dia de S\u00e3o Br\u00e1s"},"content":{"rendered":"<p>A Comiss\u00e3o Episcopal Pastoral para a Liturgia da Confer\u00eancia Nacional dos Bispos do Brasil (CNBB) divulgou uma carta com orienta\u00e7\u00f5es para a b\u00ean\u00e7\u00e3o da sa\u00fade na Mem\u00f3ria Lit\u00fargica de S\u00e3o Br\u00e1s deste ano. Celebrada no dia 3 de fevereiro, a mem\u00f3ria do santo invocado contra os males da garganta conta com a tradicional <span style=\"font-size: 16px;\">b\u00ean\u00e7\u00e3o das velas que tocam os pesco\u00e7os dos fi\u00e9is.\u00a0 Por conta dos cuidados sanit\u00e1rios em decorr\u00eancia da pandemia do novo coronav\u00edrus, o gesto ocorrer\u00e1 de forma diferente.<\/span><\/p>\n<p>As orienta\u00e7\u00f5es s\u00e3o inspiradas na Nota da Congrega\u00e7\u00e3o para o Culto Divino e a Disciplina dos Sacramentos, de 12 de janeiro de 2021, <a href=\"https:\/\/www.cnbb.org.br\/em-tempo-de-pandemia-vaticano-muda-o-rito-de-imposicao-das-cinzas-no-inicio-da-quaresma\/\">a respeito da Quarta-feira de Cinzas<\/a>.<\/p>\n<p>A &#8220;b\u00ean\u00e7\u00e3o da garganta&#8221;, como \u00e9 conhecida, dever\u00e1 ser mantida, mas sob certos cuidados, destaca a Comiss\u00e3o para a Liturgia da CNBB. No documento, h\u00e1 as orienta\u00e7\u00f5es de cuidados sanit\u00e1rios e o texto da ora\u00e7\u00e3o de B\u00ean\u00e7\u00e3o das Velas.<\/p>\n<p>Assim, a &#8220;b\u00ean\u00e7\u00e3o da garganta&#8221; ser\u00e1 realizada da seguinte forma, sem tocar o pesco\u00e7o das pessoas com a vela:<\/p>\n<ul>\n<li><span style=\"font-size: 16px;\">Terminada a homilia, procede-se \u00e0 B\u00ean\u00e7\u00e3o de duas grandes Velas, unidas por uma fita vermelha. Ap\u00f3s a ora\u00e7\u00e3o de B\u00ean\u00e7\u00e3o (conforme texto dispon\u00edvel no documento abaixo) e de aspergir as velas sem nada dizer, quem preside, convida as pessoas a se ajoelharem (respeitando aquelas que n\u00e3o puderem realizar esse gesto).<\/span><\/li>\n<li>Pode-se cantar o refr\u00e3o: <em>Eu vim para que todos tenham vida, que todos tenham vida plenamente.<\/em><\/li>\n<li>Em seguida, quem preside ergue as velas em forma de cruz (ou cruzadas), unidas por uma fita vermelha, em dire\u00e7\u00e3o \u00e0 Assembleia, e diz uma \u00fanica vez a ora\u00e7\u00e3o: \u201c<em>Pela intercess\u00e3o de S\u00e3o Br\u00e1s, Bispo e M\u00e1rtir, Deus vos livre dos males da garganta e de qualquer outra doen\u00e7a. Em nome do Pai e do Filho e do Esp\u00edrito Santo<\/em>\u201d. E a Assembleia responde: \u201c<em>Am\u00e9m<\/em>.\u201d<\/li>\n<li>Este ano, portanto, n\u00e3o ser\u00e1 realizado o gesto de tocar o pesco\u00e7o das pessoas com as velas para a b\u00ean\u00e7\u00e3o.<\/li>\n<\/ul>\n<p>O documento com orienta\u00e7\u00f5es \u00e9 assinado pelo bispo de Paranagu\u00e1 (PR) e presidente da Comiss\u00e3o Episcopal Pastoral para a Liturgia da CNBB, dom Edmar Peron. Confira abaixo:<\/p>\n<div class=\"iframely-embed\">\n<div class=\"iframely-responsive\" style=\"height: 140px; padding-bottom: 0;\"><a href=\"https:\/\/www.cnbb.org.br\/bencao-da-saude-na-memoria-liturgica-de-sao-bras-2021\/\" data-iframely-url=\"\/\/cdn.iframe.ly\/9on1N2r?maxheight=750\"><\/a><\/div>\n<\/div>\n<p><script async src=\"\/\/cdn.iframe.ly\/embed.js\" charset=\"utf-8\"><\/script><\/p>\n<p>&nbsp;<\/p>\n<p>&nbsp;<\/p>\n","protected":false},"excerpt":{"rendered":"<p>Celebrada no dia 3 de fevereiro, a mem\u00f3ria do santo invocado contra os males da garganta conta com a tradicional b\u00ean\u00e7\u00e3o das velas que tocam os pesco\u00e7os dos fi\u00e9is.\u00a0 Por conta dos cuidados sanit\u00e1rios em decorr\u00eancia da pandemia do novo coronav\u00edrus, o gesto ocorrer\u00e1 de forma diferente<\/p>\n","protected":false},"author":83,"featured_media":258314,"comment_status":"open","ping_status":"open","sticky":false,"template":"","format":"standard","meta":{"site-sidebar-layout":"default","site-content-layout":"default","ast-global-header-display":"","ast-banner-title-visibility":"","ast-main-header-display":"","ast-hfb-above-header-display":"","ast-hfb-below-header-display":"","ast-hfb-mobile-header-display":"","site-post-title":"","ast-breadcrumbs-content":"","ast-featured-img":"","footer-sml-layout":"","theme-transparent-header-meta":"default","adv-header-id-meta":"","stick-header-meta":"","header-above-stick-meta":"","header-main-stick-meta":"","header-below-stick-meta":""},"categories":[50,859],"tags":[1878,1855,3099,3353],"acf":[],"_links":{"self":[{"href":"https:\/\/www.cnbb.org.br\/cnbb-app\/wp\/v2\/posts\/258312"}],"collection":[{"href":"https:\/\/www.cnbb.org.br\/cnbb-app\/wp\/v2\/posts"}],"about":[{"href":"https:\/\/www.cnbb.org.br\/cnbb-app\/wp\/v2\/types\/post"}],"author":[{"embeddable":true,"href":"https:\/\/www.cnbb.org.br\/cnbb-app\/wp\/v2\/users\/83"}],"replies":[{"embeddable":true,"href":"https:\/\/www.cnbb.org.br\/cnbb-app\/wp\/v2\/comments?post=258312"}],"version-history":[{"count":0,"href":"https:\/\/www.cnbb.org.br\/cnbb-app\/wp\/v2\/posts\/258312\/revisions"}],"wp:featuredmedia":[{"embeddable":true,"href":"https:\/\/www.cnbb.org.br\/cnbb-app\/wp\/v2\/media\/258314"}],"wp:attachment":[{"href":"https:\/\/www.cnbb.org.br\/cnbb-app\/wp\/v2\/media?parent=258312"}],"wp:term":[{"taxonomy":"category","embeddable":true,"href":"https:\/\/www.cnbb.org.br\/cnbb-app\/wp\/v2\/categories?post=258312"},{"taxonomy":"post_tag","embeddable":true,"href":"https:\/\/www.cnbb.org.br\/cnbb-app\/wp\/v2\/tags?post=258312"}],"curies":[{"name":"wp","href":"https:\/\/api.w.org\/{rel}","templated":true}]}}