{"id":258323,"date":"2021-01-29T11:32:37","date_gmt":"2021-01-29T14:32:37","guid":{"rendered":"https:\/\/www.cnbb.org.br\/?p=258323"},"modified":"2021-01-29T11:33:23","modified_gmt":"2021-01-29T14:33:23","slug":"fundamentalismo","status":"publish","type":"post","link":"https:\/\/www.cnbb.org.br\/fundamentalismo\/","title":{"rendered":"Fundamentalismo"},"content":{"rendered":"<p style=\"text-align: right;\"><strong>Dom Lindomar Rocha<\/strong><br \/>\n<strong>Bispo de S\u00e3o Lu\u00eds de Montes Belos (GO)<\/strong><\/p>\n<p style=\"text-align: justify;\">\n<p style=\"text-align: justify;\">O fundamentalismo \u00e9 corrosivo para a coopera\u00e7\u00e3o social e dano permanente para uni\u00e3o dos povos.<\/p>\n<p style=\"text-align: justify;\">Basicamente, o fundamentalismo tem in\u00edcio em uma ideia que se estreita at\u00e9 se tornar autorreferenciada!<\/p>\n<p style=\"text-align: justify;\">Quando uma ideia referenda-se a si mesma \u00e9 semelhante \u00e0quele palestrante que se cita corriqueiramente na formula\u00e7\u00e3o: \u201ccomo eu costumo dizer\u201d! essa afirma\u00e7\u00e3o n\u00e3o acrescenta nada de valor ao discurso, apenas comprova que o orador costuma dizer a mesma coisa sempre, mas soa aos ouvidos de quem diz como uma contribui\u00e7\u00e3o de valor.<\/p>\n<p style=\"text-align: justify;\">A deia que se referencia apenas em si mesma torna-se ideologia. Ela \u00e9 <em>autofundante<\/em>, e n\u00e3o tendo elementos exteriores que corroborem as suas cren\u00e7as se desdobra em perip\u00e9cias para se sustentar e parecer v\u00e1lida.<\/p>\n<p style=\"text-align: justify;\">A este ponto todos os meios s\u00e3o utilizados para dar validade \u00e0 ideia, a come\u00e7ar pelas lutas jur\u00eddicas, pol\u00edticas, etc.<\/p>\n<p style=\"text-align: justify;\">As ideias tratadas deste modo costumam ser muito atraentes, gra\u00e7as a sua simplicidade e facilidade de compreens\u00e3o.<\/p>\n<p style=\"text-align: justify;\">\u00c9 muito f\u00e1cil pensar que os problemas do mundo est\u00e3o postos sobre um \u00fanico pedestal; \u00e9 atraente saber precisamente onde fincar a bandeira e declarar vit\u00f3ria, embora esta vit\u00f3ria nunca chegue.<\/p>\n<p style=\"text-align: justify;\">A ideologia ainda n\u00e3o \u00e9 fundamentalismo. Ela \u00e9 mais uma estreiteza de ideias que afunila o caminho numa s\u00f3 dire\u00e7\u00e3o. Entretanto, todo fundamentalismo come\u00e7a com uma ideologia.<\/p>\n<p style=\"text-align: justify;\">Como as ideologias n\u00e3o possuem limites partid\u00e1rios podem ser liberais, conservadoras e, tudo o mais, que possa existir entre esses dois extremos; as ideias podem se tornar fundamento de qualquer classe de pensamento, basta que o indiv\u00edduo ou grupo de indiv\u00edduos se coloquem de acordo, equivocadamente, de que o seu problema ou a sua solu\u00e7\u00e3o esteja \u00e0 base, como fundamento, de tudo mais o que h\u00e1.<\/p>\n<p style=\"text-align: justify;\">Como vimos acima, nenhuma ideia corresponde ao todo da realidade, raz\u00e3o pela qual toda ideologia \u00e9 improdutiva. O fundamentalismo \u00e9, ent\u00e3o, o recrudescimento desta ideia, que n\u00e3o tendo fundamento s\u00f3lido, por n\u00e3o estar relacionada com o todo da realidade, tenta se impor com o uso de todo tipo de for\u00e7a, que ao limite se degenera em viol\u00eancia e caos.<\/p>\n<p style=\"text-align: justify;\">O fundamentalismo reduz o mundo a um \u00fanico ponto. O estreitamento da vis\u00e3o \u00e9 inevit\u00e1vel, e todos que n\u00e3o compartilham este mesmo ponto de vista s\u00e3o considerados inimigos.<\/p>\n<p style=\"text-align: justify;\">O fundamentalismo subverte o ensinamento de Jesus quando diz: \u201cquem n\u00e3o \u00e9 contra n\u00f3s est\u00e1 a nosso favor\u201d (Mc 9,40), e ver contra ele todos que n\u00e3o abarcam inteiramente a estreiteza do seu fundamento.<\/p>\n<p style=\"text-align: justify;\">Por mais estranho que pare\u00e7a, o nosso tempo parece prop\u00edcia a todo tipo de fundamentalismo, j\u00e1 que, verdade se diga, n\u00e3o \u00e9 f\u00e1cil ajustar o racioc\u00ednio e aprumar constantemente os objetivos num mundo onde a complexidade exige um esfor\u00e7o herc\u00faleo da intelig\u00eancia e da f\u00e9.<\/p>\n<p style=\"text-align: justify;\">Agarrado a coisas importantes mas, que nem de longe, servem como fundamento, o fundamentalismo amplia a import\u00e2ncia desta mesma coisa at\u00e9 n\u00e3o admitir nada mais fora dela. O n\u00fameros de ideias que pleiteiam este status \u00e9 excessivo neste tempo e exige um aprimoramento meticuloso da pr\u00f3pria intelig\u00eancia da f\u00e9 para n\u00e3o estreitar os horizontes deixados pelo divino Mestre, Jesus.<\/p>\n","protected":false},"excerpt":{"rendered":"<p>Dom Lindomar Rocha Bispo de S\u00e3o Lu\u00eds de Montes Belos (GO) O fundamentalismo \u00e9 corrosivo para a coopera\u00e7\u00e3o social e dano permanente para uni\u00e3o dos povos. Basicamente, o fundamentalismo tem in\u00edcio em uma ideia que se estreita at\u00e9 se tornar autorreferenciada! Quando uma ideia referenda-se a si mesma \u00e9 semelhante \u00e0quele palestrante que se cita &hellip;<\/p>\n<p class=\"read-more\"> <a class=\"\" href=\"https:\/\/www.cnbb.org.br\/fundamentalismo\/\"> <span class=\"screen-reader-text\">Fundamentalismo<\/span> Leia mais &raquo;<\/a><\/p>\n","protected":false},"author":112,"featured_media":0,"comment_status":"open","ping_status":"open","sticky":false,"template":"","format":"standard","meta":{"site-sidebar-layout":"default","site-content-layout":"default","ast-global-header-display":"","ast-banner-title-visibility":"","ast-main-header-display":"","ast-hfb-above-header-display":"","ast-hfb-below-header-display":"","ast-hfb-mobile-header-display":"","site-post-title":"","ast-breadcrumbs-content":"","ast-featured-img":"","footer-sml-layout":"","theme-transparent-header-meta":"default","adv-header-id-meta":"","stick-header-meta":"","header-above-stick-meta":"","header-main-stick-meta":"","header-below-stick-meta":""},"categories":[758],"tags":[],"acf":[],"_links":{"self":[{"href":"https:\/\/www.cnbb.org.br\/cnbb-app\/wp\/v2\/posts\/258323"}],"collection":[{"href":"https:\/\/www.cnbb.org.br\/cnbb-app\/wp\/v2\/posts"}],"about":[{"href":"https:\/\/www.cnbb.org.br\/cnbb-app\/wp\/v2\/types\/post"}],"author":[{"embeddable":true,"href":"https:\/\/www.cnbb.org.br\/cnbb-app\/wp\/v2\/users\/112"}],"replies":[{"embeddable":true,"href":"https:\/\/www.cnbb.org.br\/cnbb-app\/wp\/v2\/comments?post=258323"}],"version-history":[{"count":0,"href":"https:\/\/www.cnbb.org.br\/cnbb-app\/wp\/v2\/posts\/258323\/revisions"}],"wp:attachment":[{"href":"https:\/\/www.cnbb.org.br\/cnbb-app\/wp\/v2\/media?parent=258323"}],"wp:term":[{"taxonomy":"category","embeddable":true,"href":"https:\/\/www.cnbb.org.br\/cnbb-app\/wp\/v2\/categories?post=258323"},{"taxonomy":"post_tag","embeddable":true,"href":"https:\/\/www.cnbb.org.br\/cnbb-app\/wp\/v2\/tags?post=258323"}],"curies":[{"name":"wp","href":"https:\/\/api.w.org\/{rel}","templated":true}]}}