{"id":258435,"date":"2021-02-02T11:08:35","date_gmt":"2021-02-02T14:08:35","guid":{"rendered":"https:\/\/www.cnbb.org.br\/?p=258435"},"modified":"2021-02-03T11:43:49","modified_gmt":"2021-02-03T14:43:49","slug":"igreja-no-brasil-fortalece-campanha-pela-vacinacao-contra-covid-19-e-apoio-ao-amazonas-e-manaus","status":"publish","type":"post","link":"https:\/\/www.cnbb.org.br\/igreja-no-brasil-fortalece-campanha-pela-vacinacao-contra-covid-19-e-apoio-ao-amazonas-e-manaus\/","title":{"rendered":"Igreja no Brasil fortalece campanha pela vacina\u00e7\u00e3o contra Covid-19 e apoio ao Amazonas e Manaus"},"content":{"rendered":"<p style=\"text-align: justify;\">A Pascom Brasil (Pastoral da Comunica\u00e7\u00e3o) e a assessoria de Comunica\u00e7\u00e3o da Confer\u00eancia Nacional dos Bispos do Brasil (CNBB) divulgaram nesta ter\u00e7a-feira, 2 de fevereiro, um v\u00eddeo gravado com integrantes da presid\u00eancia da CNBB promovendo o apoio e a ades\u00e3o \u00e0 campanha de imuniza\u00e7\u00e3o contra a Covid-19 em curso no Brasil. Com 30 segundos, o v\u00eddeo, que ser\u00e1 divulgado no intervalos da programa\u00e7\u00e3o das emissoras e canais de inspira\u00e7\u00e3o cat\u00f3licos do Brasil, tem o mote: &#8220;Quando chegar a sua vez, vacine-se!&#8221;.<\/p>\n<p style=\"text-align: justify;\">No v\u00eddeo, o bispo auxiliar do Rio de Janeiro e secret\u00e1rio-geral da CNBB, dom Joel Portella Amado, o arcebispo de Porto Alegre (RS) e primeiro vice-presidente da entidade, dom Jaime Spengler, e o bispo de Roraima (RR) e\u00a0 segundo vice-presidente, dom M\u00e1rio Ant\u00f4nio da Silva, engrossam a fila dos que apoiam e celebram a ci\u00eancia e a produ\u00e7\u00e3o de vacinas para a imuniza\u00e7\u00e3o como forma de enfrentar o novo Coronav\u00edrus.<\/p>\n<p><strong>Confira aqui o v\u00eddeo em apoio \u00e0 vacina\u00e7\u00e3o:<\/strong><\/p>\n<div class=\"ast-oembed-container\" style=\"height: 100%;\">\n<div style=\"max-width: 1333px;\">\n<div style=\"left: 0; width: 100%; height: 0; position: relative; padding-bottom: 56.25%;\"><iframe title=\"Abrace a Vacina\" src=\"https:\/\/www.youtube.com\/embed\/uxnX6c6LInM?rel=0\" style=\"border: 0; top: 0; left: 0; width: 100%; height: 100%; position: absolute;\" allowfullscreen scrolling=\"no\" allow=\"encrypted-media; accelerometer; clipboard-write; gyroscope; picture-in-picture\"><\/iframe><\/div>\n<\/div>\n<\/div>\n<p>&nbsp;<\/p>\n<h3>Solidariedade a Manaus e ao estados do Norte<\/h3>\n<p style=\"text-align: justify;\">No domingo, 31 de janeiro, chegaram a Manaus 20 concentradores de oxig\u00eanio e 50 BIPAPs. Diante disso, dom Leonardo Steiner, agradeceu \u201ca generosidade de tantas pessoas, especialmente a generosidade do Papa Francisco\u201d. Segundo o arcebispo de Manaus, os equipamentos recebidos ser\u00e3o enviados para o interior do Estado do Amazonas; \u201cestamos vendo junto aos irm\u00e3os das nossas dioceses onde houver mais necessidade\u201d. Dom Leonardo afirmou que \u201cassim, estamos devagarinho, tentando ajudar gra\u00e7as \u00e0 solidariedade e o amor de tantos irm\u00e3os\u201d.<\/p>\n<p style=\"text-align: justify;\">No m\u00eas de janeiro, faleceram no estado do Amazonas, v\u00edtimas da Covid-19, oficialmente, 2.832 pessoas. Essa realidade levou dom Edson Damian a dizer que \u201ca situa\u00e7\u00e3o da pandemia, aqui no Estado do Amazonas, continua dram\u00e1tica e incontrol\u00e1vel\u201d. No dia 15 de janeiro, o Regional Norte 1 da CNBB (Confer\u00eancia Nacional dos Bispos do Brasil), lan\u00e7ou a campanha, \u201cAmazonas e Roraima contam com sua solidariedade\u201d, que tem despertado a solidariedade de muita gente, no Brasil e no exterior.<\/p>\n<p style=\"text-align: justify;\">O presidente do Regional Norte 1 da CNBB agradeceu de cora\u00e7\u00e3o, \u201cas contribui\u00e7\u00f5es generosas que vieram do Papa Francisco, das dioceses, das congrega\u00e7\u00f5es, e de muitas pessoas do Brasil e do exterior\u201d. As doa\u00e7\u00f5es, segundo dom Edson, \u201cest\u00e3o sendo enviadas aos munic\u00edpios do interior onde existem pequenos hospitais que podem atender as pessoas que n\u00e3o est\u00e3o em estado muito grave\u201d.<\/p>\n<p style=\"text-align: justify;\">O bispo de S\u00e3o Gabriel da Cachoeira tem denunciado que \u201cessa pandemia revelou as tremendas desigualdades e injusti\u00e7as sociais do nosso pa\u00eds, mais de 14 milh\u00f5es de desempregados, mais de um ter\u00e7o das fam\u00edlias precisam do auxilio emergencial do governo para conseguir sobreviver\u201d. Segundo ele, \u201cal\u00e9m disso, esta pandemia revelou quanto \u00e9 providencial o SUS, o Sistema \u00fanico de Sa\u00fade que consegue atender toda a popula\u00e7\u00e3o, e merece mais verbas do Minist\u00e9rio da Sa\u00fade\u201d.<\/p>\n<p style=\"text-align: justify;\">Dom Edson Damian agradeceu a dom Leonardo Steiner, arcebispo de Manaus, que junto com o di\u00e1cono Francisco, secret\u00e1rio do Regional Norte 1, est\u00e3o recebendo e enviando essas doa\u00e7\u00f5es \u201cde uma forma equitativa e transparente\u201d. O presidente do Regional lembrou que \u201ccada vida \u00e9 preciosa, \u00e9 um dom de Deus\u201d, agradecendo a colabora\u00e7\u00e3o recebida e fazendo um chamado a \u201cunir nossas for\u00e7as\u201d.<\/p>\n<pre>Com informa\u00e7\u00f5es da Pascom Brasil e do VaticanNews<\/pre>\n<p>&nbsp;<\/p>\n<p>&nbsp;<\/p>\n","protected":false},"excerpt":{"rendered":"<p>V\u00eddeo, divulgado pela Pascom Brasil e CNBB, promove o apoio e a ades\u00e3o \u00e0 campanha de imuniza\u00e7\u00e3o contra a Covid-19 em curso no Brasil e ser\u00e1 divulgado nas TVs cat\u00f3licas. O presidente do Regional Norte 1 da CNBB agradece \u201cas contribui\u00e7\u00f5es generosas que vieram do Papa Francisco, das dioceses, das congrega\u00e7\u00f5es, e de muitas pessoas do Brasil e do exterior\u201d<\/p>\n","protected":false},"author":83,"featured_media":258444,"comment_status":"open","ping_status":"open","sticky":false,"template":"","format":"standard","meta":{"site-sidebar-layout":"default","site-content-layout":"default","ast-global-header-display":"","ast-banner-title-visibility":"","ast-main-header-display":"","ast-hfb-above-header-display":"","ast-hfb-below-header-display":"","ast-hfb-mobile-header-display":"","site-post-title":"","ast-breadcrumbs-content":"","ast-featured-img":"","footer-sml-layout":"","theme-transparent-header-meta":"default","adv-header-id-meta":"","stick-header-meta":"","header-above-stick-meta":"","header-main-stick-meta":"","header-below-stick-meta":""},"categories":[50,1869],"tags":[1940,3360,2335],"acf":[],"_links":{"self":[{"href":"https:\/\/www.cnbb.org.br\/cnbb-app\/wp\/v2\/posts\/258435"}],"collection":[{"href":"https:\/\/www.cnbb.org.br\/cnbb-app\/wp\/v2\/posts"}],"about":[{"href":"https:\/\/www.cnbb.org.br\/cnbb-app\/wp\/v2\/types\/post"}],"author":[{"embeddable":true,"href":"https:\/\/www.cnbb.org.br\/cnbb-app\/wp\/v2\/users\/83"}],"replies":[{"embeddable":true,"href":"https:\/\/www.cnbb.org.br\/cnbb-app\/wp\/v2\/comments?post=258435"}],"version-history":[{"count":0,"href":"https:\/\/www.cnbb.org.br\/cnbb-app\/wp\/v2\/posts\/258435\/revisions"}],"wp:featuredmedia":[{"embeddable":true,"href":"https:\/\/www.cnbb.org.br\/cnbb-app\/wp\/v2\/media\/258444"}],"wp:attachment":[{"href":"https:\/\/www.cnbb.org.br\/cnbb-app\/wp\/v2\/media?parent=258435"}],"wp:term":[{"taxonomy":"category","embeddable":true,"href":"https:\/\/www.cnbb.org.br\/cnbb-app\/wp\/v2\/categories?post=258435"},{"taxonomy":"post_tag","embeddable":true,"href":"https:\/\/www.cnbb.org.br\/cnbb-app\/wp\/v2\/tags?post=258435"}],"curies":[{"name":"wp","href":"https:\/\/api.w.org\/{rel}","templated":true}]}}