{"id":258627,"date":"2021-02-04T15:13:03","date_gmt":"2021-02-04T18:13:03","guid":{"rendered":"https:\/\/www.cnbb.org.br\/?p=258627"},"modified":"2021-02-04T20:02:34","modified_gmt":"2021-02-04T23:02:34","slug":"em-lancamento-de-livro-sobre-o-sacramento-da-reconciliacao-o-autor-fala-da-importancia-de-fazer-a-distincao-entre-culpa-e-pecado","status":"publish","type":"post","link":"https:\/\/www.cnbb.org.br\/em-lancamento-de-livro-sobre-o-sacramento-da-reconciliacao-o-autor-fala-da-importancia-de-fazer-a-distincao-entre-culpa-e-pecado\/","title":{"rendered":"Em lan\u00e7amento de livro sobre o Sacramento da Reconcilia\u00e7\u00e3o, o autor fala da import\u00e2ncia de fazer a distin\u00e7\u00e3o entre culpa e pecado"},"content":{"rendered":"<p style=\"text-align: justify;\">O bispo de Livramento de Nossa Senhora (BA), dom Armando Bucciol, lan\u00e7ou o livro &#8220;Convertam-se e acreditem no Evangelho &#8211; Para celebrar e viver a Reconcilia\u00e7\u00e3o, o Sacramento do Perd\u00e3o&#8221;, no \u00faltimo dia 3 de janeiro, em uma live promovida pela editora da Confer\u00eancia Nacional dos Bispos do Brasil, a Edi\u00e7\u00f5es CNBB.<\/p>\n<p style=\"text-align: justify;\">Padre Janison de S\u00e1 Santos, assessor da Comiss\u00e3o Episcopal Pastoral para a Anima\u00e7\u00e3o B\u00edblico-Catequ\u00e9tica da\u00a0 CNBB, mediador da live, falou sobre a import\u00e2ncia da obra. &#8220;A publica\u00e7\u00e3o resgata a import\u00e2ncia do Sacramento da Reconcilia\u00e7\u00e3o e particularmente vai ajudar os catequistas do Brasil a compreender mais e celebrar de forma melhor o sacramento penitencial&#8221;, disse.<\/p>\n<p style=\"text-align: justify;\">O livro, destinado a l\u00edderes de comunidade, animadores e catequistas, oferece roteiros celebrativos que ajudam na compreens\u00e3o e na viv\u00eancia das dimens\u00f5es do perd\u00e3o e da miseric\u00f3rdia na vida eclesial. Eleito em maio de 2011, dom Armando presidiu a Comiss\u00e3o Episcopal Pastoral para Anima\u00e7\u00e3o B\u00edblico-Catequ\u00e9tica da CNBB por dois mandatos.<\/p>\n<figure id=\"attachment_258646\" aria-describedby=\"caption-attachment-258646\" style=\"width: 872px\" class=\"wp-caption aligncenter\"><img decoding=\"async\" loading=\"lazy\" class=\"wp-image-258646 size-full\" src=\"https:\/\/www.cnbb.org.br\/wp-content\/uploads\/2021\/02\/Convertam-se-e-creiam-no-Evangelho.jpg\" alt=\"\" width=\"872\" height=\"498\" srcset=\"https:\/\/www.cnbb.org.br\/wp-content\/uploads\/2021\/02\/Convertam-se-e-creiam-no-Evangelho.jpg 872w, https:\/\/www.cnbb.org.br\/wp-content\/uploads\/2021\/02\/Convertam-se-e-creiam-no-Evangelho-300x171.png 300w, https:\/\/www.cnbb.org.br\/wp-content\/uploads\/2021\/02\/Convertam-se-e-creiam-no-Evangelho-768x439.png 768w, https:\/\/www.cnbb.org.br\/wp-content\/uploads\/2021\/02\/Convertam-se-e-creiam-no-Evangelho-500x286.png 500w, https:\/\/www.cnbb.org.br\/wp-content\/uploads\/2021\/02\/Convertam-se-e-creiam-no-Evangelho-700x400.png 700w\" sizes=\"(max-width: 872px) 100vw, 872px\" \/><figcaption id=\"caption-attachment-258646\" class=\"wp-caption-text\">Dom Armando, \u00e0 direita na foto: &#8220;Certas pr\u00e1ticas est\u00e3o paradas nas propostas do IV Conc\u00edlio de Latr\u00e3o&#8221;. Foto: Print da live.<\/figcaption><\/figure>\n<h3>Motiva\u00e7\u00e3o e origem da publica\u00e7\u00e3o<\/h3>\n<p style=\"text-align: justify;\">O bispo disse que a obra surgiu no primeiro per\u00edodo de recolhimento ao qual as pessoas se submeteram como forma de evitar a propaga\u00e7\u00e3o do novo Coronav\u00edrus, em mar\u00e7o de 2020. Ele transformou o medo que paralisou a todos, incluindo a si, num momento para sistematizar uma proposta celebrativa que ajudasse no aprofundamento e na viv\u00eancia do Sacramento da Penit\u00eancia.<\/p>\n<p style=\"text-align: justify;\">A constata\u00e7\u00e3o, expressa na introdu\u00e7\u00e3o, conforme dom Armando, tamb\u00e9m foi a respons\u00e1vel pela cria\u00e7\u00e3o da publica\u00e7\u00e3o: &#8220;Parece-me que o Sacramento da Penit\u00eancia n\u00e3o \u00e9 bastante compreendido e procurado na Igreja ou \u00e9 celebrado mais por h\u00e1bito religioso ou motivo de al\u00edvio psicol\u00f3gico&#8221;. A experi\u00eancia como padre, este ano dom Armando celebra 50 anos de sacerd\u00f3cio, e o contato com o povo de Deus tamb\u00e9m serviram como inspira\u00e7\u00f5es e fonte pra o livro.<\/p>\n<p style=\"text-align: justify;\">&#8220;Em meus 30 anos no interior do Bahia, nos in\u00fameros di\u00e1logos, na escuta de tantas pessoas, em suas situa\u00e7\u00f5es de ang\u00fastia, culpa, sofrimento e de situa\u00e7\u00f5es de pecado. Na fragilidade da carne e do Esp\u00edrito, aprendi a me questionar: n\u00f3s como Igreja estamos passando uma imagem de Deus que se aproxime do rosto de Jesus, com equil\u00edbrio e fidelidade? Nossa catequese oferece propostas serenas e adequadas a este respeito?&#8221;, disse dom Armando acerca de suas motiva\u00e7\u00f5es para escrever o livro.<\/p>\n<p style=\"text-align: justify;\">Dom Armando afirmou que, num primeiro momento, n\u00e3o escreveu pensando numa publica\u00e7\u00e3o nacional. O livro inicialmente foi escrito para servir de subs\u00eddio \u00e0s lideran\u00e7as da diocese da qual \u00e9 pastor. Tempos depois, conforme ele informou, a Edi\u00e7\u00f5es CNBB manifestou interesse em sua publica\u00e7\u00e3o.<\/p>\n<p style=\"text-align: justify;\">O bispo confessou que ressente-se de uma certa fragilidade na prepara\u00e7\u00e3o para o Sacramento da Reconcilia\u00e7\u00e3o. &#8220;Na maioria, os que recebem o Sacramento da Crisma, ao redor dos 17 a 18 anos ou mais, falo da minha experi\u00eancia, n\u00e3o t\u00eam quase nenhuma inicia\u00e7\u00e3o \u00e0 viv\u00eancia deste sacramento. Faz-se uma confiss\u00e3o em cima da hora. Alguns fizeram uma primeira confiss\u00e3o na Primeira Comunh\u00e3o antes da Eucaristia. Como formar a consci\u00eancia crist\u00e3 e tornar este sacramento a &#8216;festa do Perd\u00e3o&#8217; e n\u00e3o uma obriga\u00e7\u00e3o?&#8221;, questionou.<\/p>\n<p style=\"text-align: justify;\">Segundo do Armando Bucciol apesar dos avan\u00e7os na celebra\u00e7\u00e3o do Sacramento da Penit\u00eancia ao longo da hist\u00f3ria, sobretudo ap\u00f3s as inova\u00e7\u00f5es introduzidas pelo Conc\u00edlio Vaticano II, a Igreja ainda est\u00e1, em certas pr\u00e1xis pastorais, parada nas propostas do Quarto Conc\u00edlio de Latr\u00e3o convocado pelo Papa Inoc\u00eancio III, em 1.215. Ele aponta que a din\u00e2mica inovativa introduzida pelo Conc\u00edlio Vaticano II ainda n\u00e3o foi totalmente compreendida e incorporada.<\/p>\n<h3>Documento &#8220;Pastoral da Penit\u00eancia&#8221;<\/h3>\n<p style=\"text-align: justify;\">Dom Armando falou da import\u00e2ncia da obra Pastoral da Penit\u00eancia, documento da CNBB, de 1977, sobre o tema. &#8220;\u00c9 um documento no qual a CNBB enfrentou a quest\u00e3o de uma maneira muito s\u00e9ria e profunda. O documento dos bispos \u00e9 essencial e de uma grande riqueza. Muitas coisas continuam atuais. Se passaram dec\u00eanios, mas estamos ainda paralisados na compreens\u00e3o&#8221;, disse. Em contrapartida, ele defendeu que a mentalidade que acompanha a busca do Sacramento da Reconcilia\u00e7\u00e3o deve continuar dando passos.<\/p>\n<p style=\"text-align: justify;\">O subs\u00eddio &#8220;O Sacramento da Penit\u00eancia e Reconcilia\u00e7\u00e3o&#8221;, que o bispo elaborou no per\u00edodo em que deu aulas na Escola de Teologia na Faculdade Dom Valfredo Tepe, em Ilh\u00e9us (BA), em 2009, tamb\u00e9m serviu de base para o seu livro. Segundo ele, o subs\u00eddio foi elaborado para auxiliar na conversa e di\u00e1logo com os alunos de teologia oferecendo as grandes linhas para nortear a compreens\u00e3o, a viv\u00eancia e a celebra\u00e7\u00e3o do Sacramento.<\/p>\n<h3>Culpa e pecado<\/h3>\n<p style=\"text-align: justify;\">Dom Armando defendeu ser necess\u00e1rio nas forma\u00e7\u00f5es, na catequese e celebra\u00e7\u00f5es lit\u00fargicas fazer a distin\u00e7\u00e3o entre o senso de culpa e o senso de pecado. Segundo ele, boa parte das confiss\u00f5es s\u00e3o motivadas pelo senso psicol\u00f3gico da culpa. &#8220;Muitos procuram psic\u00f3logos e n\u00e3o desmere\u00e7o a ajuda psicol\u00f3gica. Ela \u00e9 uma importante conquista cultural e social&#8221;, disse. Por\u00e9m, a partir do Sacramento da Reconcilia\u00e7\u00e3o, dom Armando apontou que\u00a0 n\u00e3o basta ficar bloqueado no senso de culpa e de um conjunto de sentimentos negativos para consigo mesmos pelo fato de n\u00e3o ter atingido um determinado ideal como ser humano.<\/p>\n<blockquote>\n<p style=\"text-align: justify;\">&#8220;Da frustra\u00e7\u00e3o, nasce a necessidade de restabelecer o equil\u00edbrio por meio de algo que repare a ordem interior e exterior do Eu, a ang\u00fastia e a auto-imagem que ficou arranhada&#8221;, disse.<\/p>\n<\/blockquote>\n<p style=\"text-align: justify;\">Por outro lado, segundo o bispo, o senso de pecado tem sua raiz na rela\u00e7\u00e3o com um Deus que tem um rosto e um nome: Jesus. &#8220;O senso do pecado faz tomar consci\u00eancia do mal como algo que estraga e quebra o relacionamento de amor com o Pai&#8221;, disse. Nem por isso, segundo ele, a pessoa n\u00e3o se fecha em si mesma porque sabe que Cristo morreu para o perd\u00e3o dos pecadores, segundo expresso pelo ap\u00f3stolo Paulo no cap\u00edtulo 5 da Ep\u00edstola aos Romanos.<\/p>\n<blockquote>\n<p style=\"text-align: justify;\">&#8220;Este sentimento profundo, atitude gerada pela f\u00e9 e confian\u00e7a em Deus que nos liberta de n\u00f3s mesmos, permite enxergar, apesar de tudo, um novo rumo e uma renovada possibilidade de vida e de amor. Deus, pelo mist\u00e9rio da Gra\u00e7a, transforma, age e queima. Da\u00ed nasce a convers\u00e3o como resposta \u00e0 esta experi\u00eancia de f\u00e9&#8221;, apontou.<\/p>\n<\/blockquote>\n<h3>Ganhe um desconto na compra do livro<\/h3>\n<p style=\"text-align: justify;\">Para aprofundar o Sacramento, dom Armando, al\u00e9m da publica\u00e7\u00e3o da CNBB, tamb\u00e9m recomendou o livro &#8220;A reconcilia\u00e7\u00e3o. Irm\u00e3 do Batismo&#8221;, volume 6 da Cole\u00e7\u00e3o Vida e Liturgia da Igreja, que tamb\u00e9m pode ser encontrado no site da Edi\u00e7\u00f5es da CNBB. Quem buscar adquirir os dois livros no <a href=\"https:\/\/www.edicoescnbb.com.br\/\" target=\"_blank\" rel=\"noopener\">site da edi\u00e7\u00f5es CNBB<\/a> e falar que tomou conhecimento deles aqui nesta mat\u00e9ria no portal da CNBB pode ganhar 20% de desconto. Basta inserir o c\u00f3digo <strong>DOM ARMANDO<\/strong> na hora de efetuar a compra. Mas aten\u00e7\u00e3o, o c\u00f3digo \u00e9 v\u00e1lido apenas para os pr\u00f3ximos 20 dias.<\/p>\n<p><strong>Conhe\u00e7a o conte\u00fado da live na \u00edntegra:<\/strong><\/p>\n<div class=\"ast-oembed-container\" style=\"height: 100%;\">\n<div style=\"max-width: 1333px;\">\n<div style=\"left: 0; width: 100%; height: 0; position: relative; padding-bottom: 56.25%;\"><iframe title=\"LAN\u00c7AMENTO - CONVERTAM-SE E ACREDITEM NO EVANGELHO\" src=\"https:\/\/www.youtube.com\/embed\/YPrBscj8fYc?rel=0\" style=\"border: 0; top: 0; left: 0; width: 100%; height: 100%; position: absolute;\" allowfullscreen scrolling=\"no\" allow=\"encrypted-media; accelerometer; clipboard-write; gyroscope; picture-in-picture\"><\/iframe><\/div>\n<\/div>\n<\/div>\n<p>&nbsp;<\/p>\n<p>&nbsp;<\/p>\n<p>&nbsp;<\/p>\n","protected":false},"excerpt":{"rendered":"<p>O livro, destinado a l\u00edderes de comunidade, animadores e catequistas, oferece roteiros que ajudam na compreens\u00e3o e na viv\u00eancia do perd\u00e3o e da miseric\u00f3rdia na vida eclesial. Para o seu autor, dom Armando Bucciol, apesar dos avan\u00e7os, sobretudo ap\u00f3s o Conc\u00edlio Vaticano II, a Igreja ainda est\u00e1, em certas pr\u00e1ticas, parada nas propostas do Quarto Conc\u00edlio de Latr\u00e3o de 1.215<\/p>\n","protected":false},"author":83,"featured_media":258687,"comment_status":"open","ping_status":"open","sticky":false,"template":"","format":"standard","meta":{"site-sidebar-layout":"default","site-content-layout":"default","ast-global-header-display":"","ast-banner-title-visibility":"","ast-main-header-display":"","ast-hfb-above-header-display":"","ast-hfb-below-header-display":"","ast-hfb-mobile-header-display":"","site-post-title":"","ast-breadcrumbs-content":"","ast-featured-img":"","footer-sml-layout":"","theme-transparent-header-meta":"default","adv-header-id-meta":"","stick-header-meta":"","header-above-stick-meta":"","header-main-stick-meta":"","header-below-stick-meta":""},"categories":[800,50,847],"tags":[3370,3369,3368],"acf":[],"_links":{"self":[{"href":"https:\/\/www.cnbb.org.br\/cnbb-app\/wp\/v2\/posts\/258627"}],"collection":[{"href":"https:\/\/www.cnbb.org.br\/cnbb-app\/wp\/v2\/posts"}],"about":[{"href":"https:\/\/www.cnbb.org.br\/cnbb-app\/wp\/v2\/types\/post"}],"author":[{"embeddable":true,"href":"https:\/\/www.cnbb.org.br\/cnbb-app\/wp\/v2\/users\/83"}],"replies":[{"embeddable":true,"href":"https:\/\/www.cnbb.org.br\/cnbb-app\/wp\/v2\/comments?post=258627"}],"version-history":[{"count":0,"href":"https:\/\/www.cnbb.org.br\/cnbb-app\/wp\/v2\/posts\/258627\/revisions"}],"wp:featuredmedia":[{"embeddable":true,"href":"https:\/\/www.cnbb.org.br\/cnbb-app\/wp\/v2\/media\/258687"}],"wp:attachment":[{"href":"https:\/\/www.cnbb.org.br\/cnbb-app\/wp\/v2\/media?parent=258627"}],"wp:term":[{"taxonomy":"category","embeddable":true,"href":"https:\/\/www.cnbb.org.br\/cnbb-app\/wp\/v2\/categories?post=258627"},{"taxonomy":"post_tag","embeddable":true,"href":"https:\/\/www.cnbb.org.br\/cnbb-app\/wp\/v2\/tags?post=258627"}],"curies":[{"name":"wp","href":"https:\/\/api.w.org\/{rel}","templated":true}]}}