{"id":25866,"date":"2010-11-16T00:00:00","date_gmt":"2010-11-16T02:00:00","guid":{"rendered":"https:\/\/www.cnbb.org.br\/romaria-estadual-da-medianeira-reune-280-mil-pessoas-em-santa-maria\/"},"modified":"2010-11-16T00:00:00","modified_gmt":"2010-11-16T02:00:00","slug":"romaria-estadual-da-medianeira-reune-280-mil-pessoas-em-santa-maria","status":"publish","type":"post","link":"https:\/\/www.cnbb.org.br\/romaria-estadual-da-medianeira-reune-280-mil-pessoas-em-santa-maria\/","title":{"rendered":"Romaria Estadual da Medianeira re\u00fane 280 mil pessoas em Santa Maria"},"content":{"rendered":"<p style=\"text-align: justify\">Aconteceu na manh\u00e3 deste domingo, 14, em Santa Maria (RS), a 67\u00aa Romaria Estadual da Medianeira. O evento, promovido pela diocese de Santa Maria, reuniu mais de 280 mil pessoas. A romaria \u00e9 considerada um dos maiores eventos do Rio Grande do Sul e do Brasil.<\/p>\n<p>  <!--more-->  <\/p>\n<p style=\"text-align: justify\">Neste ano a Romaria comemorou os 35 anos da constru\u00e7\u00e3o do Altar-Monumento do Parque da Medianeira e os 100 anos da diocese de Santa Maria.<\/p>\n<p style=\"text-align: justify\">A missa celebrada ao ar livre foi presidida pelo arcebispo da arquidiocese de Porto Alegre, dom Dadeus Grings, e contou com a participa\u00e7\u00e3o de outros 14 bispos. A prociss\u00e3o saiu da catedral diocesana e percorreu a Rua do Acampamento e a Avenida Medianeira. O culto ecum\u00eanico no Altar-Monumento, onde foram depositadas rel\u00edquias do criador da diocese, Papa Pio X, e do padre jesu\u00edta paraguaio, Roque Gonz\u00e1les, teve in\u00edcio \u00e0s 10h. Durante o trajeto foram muitas as manifesta\u00e7\u00f5es de f\u00e9 promovidas pelos fi\u00e9is e devotos da M\u00e3e Medianeira.<\/p>\n<p style=\"text-align: justify\">\u201c\u00c9 um evento muito importante, um grande ato de f\u00e9. Venho h\u00e1 cerca de 30 anos e agora trago minha filha pela gra\u00e7a alcan\u00e7ada. Ela tinha problemas de sa\u00fade e agora est\u00e1 bem\u201d, explicou o ferreiro Ramiel Alves Ilha, 36 anos, morador da COHAB Santa Marta, zona Oeste de Santa Maria. \u201cSempre vim \u00e0 romaria, pois \u00e9 quando encontro minha fam\u00edlia, que ainda mora em S\u00e3o Sep\u00e9. Acho que al\u00e9m da import\u00e2ncia religiosa tem import\u00e2ncia econ\u00f4mica, pois o com\u00e9rcio da cidade lucra bastante com a grande movimenta\u00e7\u00e3o de pessoas na cidade\u201d, justificou o lojista Lutero Moreira, 30 anos, de S\u00e3o Sep\u00e9 (RS). O bispo da diocese de Santa Maria, dom H\u00e9lio Adelar Rubert, destacou a presen\u00e7a de fi\u00e9is de todos os recantos do Brasil. \u201c\u00c9 um sinal de f\u00e9\u201d, assinalou.<\/p>\n<p style=\"text-align: justify\">Ap\u00f3s o culto ecum\u00eanico, outras atividades relacionadas \u00e0 programa\u00e7\u00e3o da Romaria foram desenvolvidos. \u00c0s 15h do domingo, ocorreu a Ben\u00e7\u00e3o da Sa\u00fade no Altar-Monumento, com a tem\u00e1tica \u201cOs problemas que as fam\u00edlias enfrentam na atualidade&#8221;.<\/p>\n<p style=\"text-align: justify\"><strong>Hist\u00f3rico <\/strong><\/p>\n<p style=\"text-align: justify\"><img decoding=\"async\" loading=\"lazy\" class=\" alignright size-full wp-image-7347\" style=\"float: right\" alt=\"romaria_rs2\" src=\"https:\/\/www.cnbb.org.br\/wp-content\/uploads\/2020\/03\/romaria_rs2.jpg\" width=\"330\" height=\"247\" \/>A devo\u00e7\u00e3o a Nossa Senhora da Medianeira teve in\u00edcio na B\u00e9lgica e chegou ao Brasil, em Santa Maria, com o padre Ign\u00e1cio Valle. Em 16 e 17 de novembro de 1926, a cidade presenciou uma batalha entre as tropas do Ex\u00e9rcito e da Brigada Militar (BM). As for\u00e7as federais na cidade se revoltaram e os canh\u00f5es do 5\u00ba Regimento de Artilharia Montada abriram fogo contra o quartel da for\u00e7a estadual. Foram mais de 200 tiros de canh\u00e3o e 200 mil tiros de fuzil disparados. Um dos disparos atingiu o Semin\u00e1rio S\u00e3o Jos\u00e9. A cidade ficou as escuras. Dois anos depois, o padre Ign\u00e1cio Valle chegou \u00e0 Santa Maria, trazendo a devo\u00e7\u00e3o \u00e0 M\u00e3e Medianeira. O religioso, que era fiel \u00e0 Nossa Senhora, teve atendido um pedido de sa\u00fade. Ele mandou vir, da B\u00e9lgica, um santinho com a imagem da Medianeira. A imagem da M\u00e3e foi pintada e colocada na Capela do semin\u00e1rio S\u00e3o Jos\u00e9. O quadro \u00e9 o mesmo que at\u00e9 hoje acompanha as romarias.<\/p>\n","protected":false},"excerpt":{"rendered":"<p>Aconteceu na manh\u00e3 deste domingo, 14, em Santa Maria (RS), a 67\u00aa Romaria Estadual da Medianeira. O evento, promovido pela diocese de Santa Maria, reuniu mais de 280 mil pessoas. A romaria \u00e9 considerada um dos maiores eventos do Rio Grande do Sul e do Brasil.<\/p>\n","protected":false},"author":83,"featured_media":25867,"comment_status":"open","ping_status":"open","sticky":false,"template":"","format":"standard","meta":{"site-sidebar-layout":"default","site-content-layout":"default","ast-global-header-display":"","ast-banner-title-visibility":"","ast-main-header-display":"","ast-hfb-above-header-display":"","ast-hfb-below-header-display":"","ast-hfb-mobile-header-display":"","site-post-title":"","ast-breadcrumbs-content":"","ast-featured-img":"","footer-sml-layout":"","theme-transparent-header-meta":"","adv-header-id-meta":"","stick-header-meta":"","header-above-stick-meta":"","header-main-stick-meta":"","header-below-stick-meta":""},"categories":[769,790],"tags":[],"acf":[],"_links":{"self":[{"href":"https:\/\/www.cnbb.org.br\/cnbb-app\/wp\/v2\/posts\/25866"}],"collection":[{"href":"https:\/\/www.cnbb.org.br\/cnbb-app\/wp\/v2\/posts"}],"about":[{"href":"https:\/\/www.cnbb.org.br\/cnbb-app\/wp\/v2\/types\/post"}],"author":[{"embeddable":true,"href":"https:\/\/www.cnbb.org.br\/cnbb-app\/wp\/v2\/users\/83"}],"replies":[{"embeddable":true,"href":"https:\/\/www.cnbb.org.br\/cnbb-app\/wp\/v2\/comments?post=25866"}],"version-history":[{"count":0,"href":"https:\/\/www.cnbb.org.br\/cnbb-app\/wp\/v2\/posts\/25866\/revisions"}],"wp:featuredmedia":[{"embeddable":true,"href":"https:\/\/www.cnbb.org.br\/cnbb-app\/wp\/v2\/media\/25867"}],"wp:attachment":[{"href":"https:\/\/www.cnbb.org.br\/cnbb-app\/wp\/v2\/media?parent=25866"}],"wp:term":[{"taxonomy":"category","embeddable":true,"href":"https:\/\/www.cnbb.org.br\/cnbb-app\/wp\/v2\/categories?post=25866"},{"taxonomy":"post_tag","embeddable":true,"href":"https:\/\/www.cnbb.org.br\/cnbb-app\/wp\/v2\/tags?post=25866"}],"curies":[{"name":"wp","href":"https:\/\/api.w.org\/{rel}","templated":true}]}}