{"id":25872,"date":"2010-12-08T00:00:00","date_gmt":"2010-12-08T02:00:00","guid":{"rendered":"https:\/\/www.cnbb.org.br\/diocese-de-montenegro-lanca-santas-missoes-populares\/"},"modified":"2010-12-08T00:00:00","modified_gmt":"2010-12-08T02:00:00","slug":"diocese-de-montenegro-lanca-santas-missoes-populares","status":"publish","type":"post","link":"https:\/\/www.cnbb.org.br\/diocese-de-montenegro-lanca-santas-missoes-populares\/","title":{"rendered":"Diocese de Montenegro lan\u00e7a Santas Miss\u00f5es Populares"},"content":{"rendered":"<p style=\"text-align: justify\">Durante a Assembleia de Pastoral da diocese de Montenegro (RS) que aconteceu no dia 4 de dezembro, foi lan\u00e7ada, oficialmente, as Santas Miss\u00f5es Populares. Na ocasi\u00e3o, a Comiss\u00e3o Mission\u00e1ria Diocesana (Comidi) apresentou o cronograma, o tema e o lema, a logomarca, o hino e a ora\u00e7\u00e3o das Santas Miss\u00f5es.<\/p>\n<p><!--more--><\/p>\n<p style=\"text-align: justify\">Para o primeiro semestre de 2011, est\u00e3o programados os retiros paroquiais e os encontros de forma\u00e7\u00e3o. No segundo semestre, ocorrer\u00e3o os retiros por \u00c1rea de Pastoral e a montagem da estrat\u00e9gia da Miss\u00e3o em cada par\u00f3quia.<\/p>\n<p style=\"text-align: justify\">Na Quaresma de 2012, acontecer\u00e1 um grande retiro diocesano, seguido das Semanas Mission\u00e1rias nas par\u00f3quias. Na festa de Cristo Rei do mesmo ano, acontecer\u00e1 a celebra\u00e7\u00e3o de A\u00e7\u00e3o de Gra\u00e7as e o envio para a Miss\u00e3o Sempre. \u201cTodos ficaram muito entusiasmados e se comprometeram com uma participa\u00e7\u00e3o efetiva\u201d,\u00a0 comenta a assessoria de imprensa da diocese de Montenegro.<\/p>\n<p style=\"text-align: justify\">A Assembleia Diocesana de Pastoral diocesana contou com representantes de todas as par\u00f3quias, grupos, movimentos e pastorais. De forma celebrativa, foram apontadas as realiza\u00e7\u00f5es do ano e apresentadas as metas para 2011. A Assembleia foi conclu\u00edda com a palavra de gratid\u00e3o do bispo dom Paulo De Conto, que desejou um Feliz Natal a todos e deu a sua b\u00ean\u00e7\u00e3o.<\/p>\n","protected":false},"excerpt":{"rendered":"<p>Durante a Assembleia de Pastoral da diocese de Montenegro (RS) que aconteceu no dia 4 de dezembro, foi lan\u00e7ada, oficialmente, as Santas Miss\u00f5es Populares. Na ocasi\u00e3o, a Comiss\u00e3o Mission\u00e1ria Diocesana (Comidi) apresentou o cronograma, o tema e o lema, a logomarca, o hino e a ora\u00e7\u00e3o das Santas Miss\u00f5es.<\/p>\n","protected":false},"author":83,"featured_media":25873,"comment_status":"open","ping_status":"open","sticky":false,"template":"","format":"standard","meta":{"site-sidebar-layout":"default","site-content-layout":"default","ast-global-header-display":"","ast-banner-title-visibility":"","ast-main-header-display":"","ast-hfb-above-header-display":"","ast-hfb-below-header-display":"","ast-hfb-mobile-header-display":"","site-post-title":"","ast-breadcrumbs-content":"","ast-featured-img":"","footer-sml-layout":"","theme-transparent-header-meta":"","adv-header-id-meta":"","stick-header-meta":"","header-above-stick-meta":"","header-main-stick-meta":"","header-below-stick-meta":""},"categories":[769,790],"tags":[],"acf":[],"_links":{"self":[{"href":"https:\/\/www.cnbb.org.br\/cnbb-app\/wp\/v2\/posts\/25872"}],"collection":[{"href":"https:\/\/www.cnbb.org.br\/cnbb-app\/wp\/v2\/posts"}],"about":[{"href":"https:\/\/www.cnbb.org.br\/cnbb-app\/wp\/v2\/types\/post"}],"author":[{"embeddable":true,"href":"https:\/\/www.cnbb.org.br\/cnbb-app\/wp\/v2\/users\/83"}],"replies":[{"embeddable":true,"href":"https:\/\/www.cnbb.org.br\/cnbb-app\/wp\/v2\/comments?post=25872"}],"version-history":[{"count":0,"href":"https:\/\/www.cnbb.org.br\/cnbb-app\/wp\/v2\/posts\/25872\/revisions"}],"wp:featuredmedia":[{"embeddable":true,"href":"https:\/\/www.cnbb.org.br\/cnbb-app\/wp\/v2\/media\/25873"}],"wp:attachment":[{"href":"https:\/\/www.cnbb.org.br\/cnbb-app\/wp\/v2\/media?parent=25872"}],"wp:term":[{"taxonomy":"category","embeddable":true,"href":"https:\/\/www.cnbb.org.br\/cnbb-app\/wp\/v2\/categories?post=25872"},{"taxonomy":"post_tag","embeddable":true,"href":"https:\/\/www.cnbb.org.br\/cnbb-app\/wp\/v2\/tags?post=25872"}],"curies":[{"name":"wp","href":"https:\/\/api.w.org\/{rel}","templated":true}]}}