{"id":25883,"date":"2011-03-22T00:00:00","date_gmt":"2011-03-22T03:00:00","guid":{"rendered":"https:\/\/www.cnbb.org.br\/missao-continental-e-animacao-biblica-sao-temas-da-reuniao-do-regional-sul-3\/"},"modified":"2011-03-22T00:00:00","modified_gmt":"2011-03-22T03:00:00","slug":"missao-continental-e-animacao-biblica-sao-temas-da-reuniao-do-regional-sul-3","status":"publish","type":"post","link":"https:\/\/www.cnbb.org.br\/missao-continental-e-animacao-biblica-sao-temas-da-reuniao-do-regional-sul-3\/","title":{"rendered":"Miss\u00e3o Continental e Anima\u00e7\u00e3o B\u00edblica s\u00e3o temas da Reuni\u00e3o do Regional Sul 3"},"content":{"rendered":"<p style=\"text-align: justify\">A casa de retiros Vila Bet\u00e2nia, em Porto Alegre, acolheu os 52 participantes da Reuni\u00e3o dos Organismos vinculados \u00e0 CNBB do Regional Sul 3 (Rio Grande do Sul), que aconteceu nos dias 21 e 22. Em pauta, esteve o Servi\u00e7o de Evangeliza\u00e7\u00e3o da Juventude, o projeto O Brasil na Miss\u00e3o Continental, o Fundo Estadual de Solidariedade e 8\u00aa Assembleia da A\u00e7\u00e3o Evangelizadora do Rio Grande do Sul.<\/p>\n<p>  <!--more-->  <\/p>\n<p style=\"text-align: justify\">O ponto alto dos debates durante a manh\u00e3 do dia 21 foi a Miss\u00e3o Continental. A partir das reflex\u00f5es do bispo de Os\u00f3rio, dom Jaime Kohl, discutiram-se os crit\u00e9rios para a convers\u00e3o pastoral e para a renova\u00e7\u00e3o mission\u00e1ria \u00e0 luz do Documento de Aparecida. Um dos aspectos ressaltados foi a necessidade de se impulsionar o compromisso pastoral e mission\u00e1rio, fato que implica revisar e potencializar os \u00e2mbitos de participa\u00e7\u00e3o e de corresponsabilidade que favore\u00e7am o acesso integral e efetivo de todos os batizados assim como o fomento de uma adequada espiritualidade da miss\u00e3o.<\/p>\n<p style=\"text-align: justify\">Quando se fala na participa\u00e7\u00e3o do leigo no processo de evangeliza\u00e7\u00e3o mission\u00e1ria, dom Jaime Kohl lembrou que se torna salutar investimento, no sentido de capacitar esse p\u00fablico, atrav\u00e9s, por exemplo, de escolas paroquiais de forma\u00e7\u00e3o para o laicato, caso contr\u00e1rio a Miss\u00e3o Continental se esvazia na pr\u00e1tica. \u201cA ideia \u00e9 aproximar e marcar presen\u00e7a da Igreja, para que, de fato, haja engajamento de todos os envolvidos\u201d, assinalou o bispo.<\/p>\n<p style=\"text-align: justify\">Para o coordenador de pastoral da diocese de Novo Hamburgo (RS), monsenhor Airton Haack, o di\u00e1logo sobre miss\u00e3o perpassa pelo Documento de Aparecida. \u201cNossa diocese realiza este ano os retiros mission\u00e1rios, para que os leigos sejam protagonistas dessa caminhada\u201d, frisou.<\/p>\n<p style=\"text-align: justify\">No in\u00edcio das reflex\u00f5es da parte da tarde, o respons\u00e1vel pela Equipe de Anima\u00e7\u00e3o B\u00edblica da arquidiocese de Porto Alegre, padre Bonif\u00e1cio Schmidt, abordou a import\u00e2ncia de um trabalho de conscientiza\u00e7\u00e3o sobre a Palavra de Deus na pastoral. O presb\u00edtero citou que na arquidiocese j\u00e1 aconteceu um curso de anima\u00e7\u00e3o b\u00edblica da pastoral para padres e di\u00e1conos. Este estudo vem sendo realizado e tem como foco a exorta\u00e7\u00e3o apost\u00f3lica p\u00f3s-sinodal \u201cVebum Domini\u201d.\u00a0 \u201cSegundo o Papa Bento XVI, deve haver uma busca de convers\u00e3o que leve a um encontro pessoal com Jesus Cristo, o que s\u00f3 acontecer\u00e1 a partir dos Evangelhos\u201d, destacou. Al\u00e9m disso, padre Bonif\u00e1cio mencionou que a Verbum Domini deve se tornar instrumento de trabalho e de vida para todos. \u201c\u00c9 preciso que n\u00f3s, Igreja do ocidente, aprendamos da Igreja Oriental, a ter uma intimidade maior com o Esp\u00edrito Santo. Ao lermos a B\u00edblia, j\u00e1 procuramos respostas \u00e0s nossas perguntas e n\u00e3o nos dispomos a ouvir o Esp\u00edrito. Sem o Esp\u00edrito Santo n\u00e3o h\u00e1 Palavra de Deus\u201d, afirmou, acrescentando que a Verbum Domini mexe com toda nossa a\u00e7\u00e3o e vida de Igreja, leva \u00e0 transversalidade, ou seja, atua em nossa compreens\u00e3o da Igreja, fazendo surgir uma nova eclesiologia.<\/p>\n<p style=\"text-align: justify\">Os trabalhos encerraram com a apresenta\u00e7\u00e3o de pastorais e a missa realizada em homenagem ao anivers\u00e1rio do presidente da CNBB Sul 3, dom Jos\u00e9 M\u00e1rio Stroeher.<\/p>\n","protected":false},"excerpt":{"rendered":"<p>A casa de retiros Vila Bet\u00e2nia, em Porto Alegre, acolheu os 52 participantes da Reuni\u00e3o dos Organismos vinculados \u00e0 CNBB do Regional Sul 3 (Rio Grande do Sul), que aconteceu nos dias 21 e 22. Em pauta, esteve o Servi\u00e7o de Evangeliza\u00e7\u00e3o da Juventude, o projeto O Brasil na Miss\u00e3o Continental, o Fundo Estadual de &hellip;<\/p>\n<p class=\"read-more\"> <a class=\"\" href=\"https:\/\/www.cnbb.org.br\/missao-continental-e-animacao-biblica-sao-temas-da-reuniao-do-regional-sul-3\/\"> <span class=\"screen-reader-text\">Miss\u00e3o Continental e Anima\u00e7\u00e3o B\u00edblica s\u00e3o temas da Reuni\u00e3o do Regional Sul 3<\/span> Leia mais &raquo;<\/a><\/p>\n","protected":false},"author":83,"featured_media":25884,"comment_status":"open","ping_status":"open","sticky":false,"template":"","format":"standard","meta":{"site-sidebar-layout":"default","site-content-layout":"default","ast-global-header-display":"","ast-banner-title-visibility":"","ast-main-header-display":"","ast-hfb-above-header-display":"","ast-hfb-below-header-display":"","ast-hfb-mobile-header-display":"","site-post-title":"","ast-breadcrumbs-content":"","ast-featured-img":"","footer-sml-layout":"","theme-transparent-header-meta":"","adv-header-id-meta":"","stick-header-meta":"","header-above-stick-meta":"","header-main-stick-meta":"","header-below-stick-meta":""},"categories":[769,790],"tags":[],"acf":[],"_links":{"self":[{"href":"https:\/\/www.cnbb.org.br\/cnbb-app\/wp\/v2\/posts\/25883"}],"collection":[{"href":"https:\/\/www.cnbb.org.br\/cnbb-app\/wp\/v2\/posts"}],"about":[{"href":"https:\/\/www.cnbb.org.br\/cnbb-app\/wp\/v2\/types\/post"}],"author":[{"embeddable":true,"href":"https:\/\/www.cnbb.org.br\/cnbb-app\/wp\/v2\/users\/83"}],"replies":[{"embeddable":true,"href":"https:\/\/www.cnbb.org.br\/cnbb-app\/wp\/v2\/comments?post=25883"}],"version-history":[{"count":0,"href":"https:\/\/www.cnbb.org.br\/cnbb-app\/wp\/v2\/posts\/25883\/revisions"}],"wp:featuredmedia":[{"embeddable":true,"href":"https:\/\/www.cnbb.org.br\/cnbb-app\/wp\/v2\/media\/25884"}],"wp:attachment":[{"href":"https:\/\/www.cnbb.org.br\/cnbb-app\/wp\/v2\/media?parent=25883"}],"wp:term":[{"taxonomy":"category","embeddable":true,"href":"https:\/\/www.cnbb.org.br\/cnbb-app\/wp\/v2\/categories?post=25883"},{"taxonomy":"post_tag","embeddable":true,"href":"https:\/\/www.cnbb.org.br\/cnbb-app\/wp\/v2\/tags?post=25883"}],"curies":[{"name":"wp","href":"https:\/\/api.w.org\/{rel}","templated":true}]}}