{"id":259086,"date":"2021-02-11T14:59:05","date_gmt":"2021-02-11T17:59:05","guid":{"rendered":"https:\/\/www.cnbb.org.br\/?p=259086"},"modified":"2021-02-11T14:59:29","modified_gmt":"2021-02-11T17:59:29","slug":"a-doenca-e-o-doente","status":"publish","type":"post","link":"https:\/\/www.cnbb.org.br\/a-doenca-e-o-doente\/","title":{"rendered":"A doen\u00e7a e o doente"},"content":{"rendered":"<p style=\"text-align: right;\"><strong>Dom Jaime Spengler<\/strong><br \/>\n<strong>Arcebispo de Porto Alegre (RS)\u00a0<\/strong><\/p>\n<p>&nbsp;<\/p>\n<p style=\"text-align: justify;\">A vida, a sa\u00fade e a doen\u00e7a s\u00e3o realidades humanas envoltas em mist\u00e9rios. As ci\u00eancias, com seus aparatos tecnol\u00f3gicos dispon\u00edveis, n\u00e3o se encontram em condi\u00e7\u00f5es de oferecer uma palavra definitiva a respeito delas. O que h\u00e1 s\u00e3o tentativas de responder aos desafios que sempre e de novo a hist\u00f3ria vai lhes impondo.<\/p>\n<p style=\"text-align: justify;\">As enfermidades, o sofrimento e a morte se apresentam como realidades duras de serem acolhidas. Elas alimentam incertezas, d\u00favidas, temores e pavores que impregnam a mente e o cora\u00e7\u00e3o. Quase que naturalmente contrariam os anseios humanos de bem-estar e de vida.<\/p>\n<p style=\"text-align: justify;\">Ningu\u00e9m escolhe ficar doente. A doen\u00e7a se imp\u00f5e, n\u00e3o considerando a liberdade humana, al\u00e9m de limitar o direito de ir e vir. Ela \u00e9 a recorda\u00e7\u00e3o de que o ser humano \u00e9 vulner\u00e1vel e necessitado do outro.<\/p>\n<p style=\"text-align: justify;\">A doen\u00e7a pode ser compreendida como express\u00e3o da criaturalidade do ser humano. A partir da f\u00e9 crist\u00e3, dizemos que temos a dignidade de Deus, mas somos modelados pela fragilidade, pela precariedade. Nessa condi\u00e7\u00e3o, o ser humano \u00e9 exortado a respeitar as leis da natureza, compreender que tem apenas um per\u00edodo de vida e que precisa desenvolv\u00ea-lo dentro de seus limites, sem os excessos que o enfraquecem e debilitam.<\/p>\n<p style=\"text-align: justify;\">A arte da medicina tem como tarefa primordial o cuidado com a sa\u00fade e a vida. No entanto, express\u00f5es da medicina moderna especializaram-se em administrar rem\u00e9dios \u00e0s doen\u00e7as. Com isso ela est\u00e1 se tornando sempre mais farmacologia. H\u00e1, por\u00e9m, um trabalho anterior, primordial a ser realizado. Por isso, a medicina n\u00e3o pode ser vista, por exemplo, como express\u00e3o do comportamento daquelas pessoas que come\u00e7am a abrir um po\u00e7o, somente depois de sentirem sede, de n\u00e3o mais terem \u00e1gua.<\/p>\n<p style=\"text-align: justify;\">O cuidado para com a sa\u00fade pressup\u00f5e o aspecto relacional. Ou seja, urge estabelecer um pacto de confian\u00e7a, respeito e sinceridade entre as pessoas que necessitam de cuidados e aqueles que as tratam, tendo como centro a dignidade da pessoa doente, tutelando o profissionalismo dos agentes de sa\u00fade e cultivando um bom relacionamento com as fam\u00edlias dos doentes. (&#8230;) \u00c9 o que mostra as muitas curas realizadas por Jesus de Nazar\u00e9.<\/p>\n<p style=\"text-align: justify;\">\u201cElas nunca s\u00e3o gestos m\u00e1gicos, mas fruto de um encontro, de uma rela\u00e7\u00e3o interpessoal, em que ao dom de Deus, oferecido por Jesus, corresponde a f\u00e9 de quem o acolhe\u201d (Papa Francisco).<\/p>\n<p style=\"text-align: justify;\">O Dia Mundial do Doente deste 11 de fevereiro nos recorda que uma sociedade \u00e9 tanto mais humana quanto melhor souber cuidar dos seus membros fr\u00e1geis e doentes, e o fizer com respeito e efici\u00eancia, animada por amor fraterno.<\/p>\n","protected":false},"excerpt":{"rendered":"<p>Dom Jaime Spengler Arcebispo de Porto Alegre (RS)\u00a0 &nbsp; A vida, a sa\u00fade e a doen\u00e7a s\u00e3o realidades humanas envoltas em mist\u00e9rios. As ci\u00eancias, com seus aparatos tecnol\u00f3gicos dispon\u00edveis, n\u00e3o se encontram em condi\u00e7\u00f5es de oferecer uma palavra definitiva a respeito delas. O que h\u00e1 s\u00e3o tentativas de responder aos desafios que sempre e de &hellip;<\/p>\n<p class=\"read-more\"> <a class=\"\" href=\"https:\/\/www.cnbb.org.br\/a-doenca-e-o-doente\/\"> <span class=\"screen-reader-text\">A doen\u00e7a e o doente<\/span> Leia mais &raquo;<\/a><\/p>\n","protected":false},"author":11,"featured_media":0,"comment_status":"open","ping_status":"open","sticky":false,"template":"","format":"standard","meta":{"site-sidebar-layout":"default","site-content-layout":"default","ast-global-header-display":"","ast-banner-title-visibility":"","ast-main-header-display":"","ast-hfb-above-header-display":"","ast-hfb-below-header-display":"","ast-hfb-mobile-header-display":"","site-post-title":"","ast-breadcrumbs-content":"","ast-featured-img":"","footer-sml-layout":"","theme-transparent-header-meta":"default","adv-header-id-meta":"","stick-header-meta":"","header-above-stick-meta":"","header-main-stick-meta":"","header-below-stick-meta":""},"categories":[758],"tags":[],"acf":[],"_links":{"self":[{"href":"https:\/\/www.cnbb.org.br\/cnbb-app\/wp\/v2\/posts\/259086"}],"collection":[{"href":"https:\/\/www.cnbb.org.br\/cnbb-app\/wp\/v2\/posts"}],"about":[{"href":"https:\/\/www.cnbb.org.br\/cnbb-app\/wp\/v2\/types\/post"}],"author":[{"embeddable":true,"href":"https:\/\/www.cnbb.org.br\/cnbb-app\/wp\/v2\/users\/11"}],"replies":[{"embeddable":true,"href":"https:\/\/www.cnbb.org.br\/cnbb-app\/wp\/v2\/comments?post=259086"}],"version-history":[{"count":0,"href":"https:\/\/www.cnbb.org.br\/cnbb-app\/wp\/v2\/posts\/259086\/revisions"}],"wp:attachment":[{"href":"https:\/\/www.cnbb.org.br\/cnbb-app\/wp\/v2\/media?parent=259086"}],"wp:term":[{"taxonomy":"category","embeddable":true,"href":"https:\/\/www.cnbb.org.br\/cnbb-app\/wp\/v2\/categories?post=259086"},{"taxonomy":"post_tag","embeddable":true,"href":"https:\/\/www.cnbb.org.br\/cnbb-app\/wp\/v2\/tags?post=259086"}],"curies":[{"name":"wp","href":"https:\/\/api.w.org\/{rel}","templated":true}]}}