{"id":25914,"date":"2011-07-28T00:00:00","date_gmt":"2011-07-28T03:00:00","guid":{"rendered":"https:\/\/www.cnbb.org.br\/secretarios-dos-regionais-da-cnbb-visitam-a-diocese-de-montenegro\/"},"modified":"2011-07-28T00:00:00","modified_gmt":"2011-07-28T03:00:00","slug":"secretarios-dos-regionais-da-cnbb-visitam-a-diocese-de-montenegro","status":"publish","type":"post","link":"https:\/\/www.cnbb.org.br\/secretarios-dos-regionais-da-cnbb-visitam-a-diocese-de-montenegro\/","title":{"rendered":"Secret\u00e1rios dos Regionais da CNBB visitam a diocese de Montenegro"},"content":{"rendered":"<p style=\"text-align: justify\">Os secret\u00e1rios executivos dos Regionais da Confer\u00eancia Nacional dos Bispos do Brasil (CNBB) estiveram na diocese de Montenegro nesta quinta-feira, dia 28 de julho. O grupo visitou a c\u00faria diocesana pela manh\u00e3, onde foram recebidos pelo bispo diocesanoa, dom Paulo De Conto, e pelo vig\u00e1rio geral, padre Jos\u00e9 In\u00e1cio Steffen.<\/p>\n<p><!--more--><\/p>\n<p style=\"text-align: justify\">No audit\u00f3rio da c\u00faria, dom Paulo e padre In\u00e1cio falaram sobre a hist\u00f3ria e a realidade da diocese, a mais jovem do Regional Sul 3 da CNBB (Rio Grande do Sul), com 2 anos e 11 meses de instala\u00e7\u00e3o. \u201cAgradecemos a oportunidade de realizar esta troca de experi\u00eancias e de divulgar a caminhada da nossa Diocese\u201d, destacou Dom Paulo, que recebeu a todos para um almo\u00e7o na casa episcopal.<\/p>\n<p style=\"text-align: justify\">A visita fez parte da programa\u00e7\u00e3o do encontro anual dos secret\u00e1rios executivos, que come\u00e7ou na \u00faltima segunda-feira, dia 25, em Caxias do Sul. O Regional Sul 3, representado pelo padre Agostinho Sauthier, foi o anfitri\u00e3o. O encontro tamb\u00e9m contou com a participa\u00e7\u00e3o do secret\u00e1rio geral da CNBB e bispo da prelazia de S\u00e3o F\u00e9lix do Araguaia (MT), dom Leonardo Ulrich Steiner.<\/p>\n","protected":false},"excerpt":{"rendered":"<p>Os secret\u00e1rios executivos dos Regionais da Confer\u00eancia Nacional dos Bispos do Brasil (CNBB) estiveram na diocese de Montenegro nesta quinta-feira, dia 28 de julho. O grupo visitou a c\u00faria diocesana pela manh\u00e3, onde foram recebidos pelo bispo diocesanoa, dom Paulo De Conto, e pelo vig\u00e1rio geral, padre Jos\u00e9 In\u00e1cio Steffen.<\/p>\n","protected":false},"author":83,"featured_media":25915,"comment_status":"open","ping_status":"open","sticky":false,"template":"","format":"standard","meta":{"site-sidebar-layout":"default","site-content-layout":"default","ast-global-header-display":"","ast-banner-title-visibility":"","ast-main-header-display":"","ast-hfb-above-header-display":"","ast-hfb-below-header-display":"","ast-hfb-mobile-header-display":"","site-post-title":"","ast-breadcrumbs-content":"","ast-featured-img":"","footer-sml-layout":"","theme-transparent-header-meta":"","adv-header-id-meta":"","stick-header-meta":"","header-above-stick-meta":"","header-main-stick-meta":"","header-below-stick-meta":""},"categories":[769,790],"tags":[],"acf":[],"_links":{"self":[{"href":"https:\/\/www.cnbb.org.br\/cnbb-app\/wp\/v2\/posts\/25914"}],"collection":[{"href":"https:\/\/www.cnbb.org.br\/cnbb-app\/wp\/v2\/posts"}],"about":[{"href":"https:\/\/www.cnbb.org.br\/cnbb-app\/wp\/v2\/types\/post"}],"author":[{"embeddable":true,"href":"https:\/\/www.cnbb.org.br\/cnbb-app\/wp\/v2\/users\/83"}],"replies":[{"embeddable":true,"href":"https:\/\/www.cnbb.org.br\/cnbb-app\/wp\/v2\/comments?post=25914"}],"version-history":[{"count":0,"href":"https:\/\/www.cnbb.org.br\/cnbb-app\/wp\/v2\/posts\/25914\/revisions"}],"wp:featuredmedia":[{"embeddable":true,"href":"https:\/\/www.cnbb.org.br\/cnbb-app\/wp\/v2\/media\/25915"}],"wp:attachment":[{"href":"https:\/\/www.cnbb.org.br\/cnbb-app\/wp\/v2\/media?parent=25914"}],"wp:term":[{"taxonomy":"category","embeddable":true,"href":"https:\/\/www.cnbb.org.br\/cnbb-app\/wp\/v2\/categories?post=25914"},{"taxonomy":"post_tag","embeddable":true,"href":"https:\/\/www.cnbb.org.br\/cnbb-app\/wp\/v2\/tags?post=25914"}],"curies":[{"name":"wp","href":"https:\/\/api.w.org\/{rel}","templated":true}]}}