{"id":25920,"date":"2011-09-06T00:00:00","date_gmt":"2011-09-06T03:00:00","guid":{"rendered":"https:\/\/www.cnbb.org.br\/evangelizacao-da-juventude-e-destaque-na-reuniao-do-regional-sul-3\/"},"modified":"2011-09-06T00:00:00","modified_gmt":"2011-09-06T03:00:00","slug":"evangelizacao-da-juventude-e-destaque-na-reuniao-do-regional-sul-3","status":"publish","type":"post","link":"https:\/\/www.cnbb.org.br\/evangelizacao-da-juventude-e-destaque-na-reuniao-do-regional-sul-3\/","title":{"rendered":"Evangeliza\u00e7\u00e3o da Juventude \u00e9 destaque na reuni\u00e3o do Regional Sul 3"},"content":{"rendered":"<p style=\"text-align: justify\">Encerrou hoje, 6, o ciclo de atividades realizadas no Regional Sul 3 da CNBB (Rio Grande do Sul), tendo como foco a Evangeliza\u00e7\u00e3o da Juventude. Dando in\u00edcio \u00e0 programa\u00e7\u00e3o, no domingo, 4, estiveram reunidos em Porto Alegre (RS), aproximadamente 50 participantes que representaram o Regional na Jornada Mundial da Juventude (JMJ) 2011, realizada entre os dias 16 e 21 de agosto em Madrid, na Espanha.<\/p>\n<p>  <!--more-->  <\/p>\n<p style=\"text-align: justify\">De acordo com a irm\u00e3 Zenilde Fontes, coordenadora regional do Servi\u00e7o de Evangeliza\u00e7\u00e3o da Juventude, o objetivo do encontro foi ressoar a experi\u00eancia vivenciada durante a JMJ. O bispo auxiliar de Porto Alegre (RS), dom Jaime Spengler, tamb\u00e9m esteve presente e enfatizou a proposta da Igreja do Brasil em rela\u00e7\u00e3o a experi\u00eancia vivenciada em Madrid.<\/p>\n<p style=\"text-align: justify\">Segundo a irm\u00e3 Zenilde Fontes, a Jornada Mundial da Juventude 2013 j\u00e1 iniciou a partir do momento em que \u201cfomos chamados a participar da JMJ em Madrid, colocando-nos na condi\u00e7\u00e3o de peregrinos e aprendizes da forma de organiza\u00e7\u00e3o da Pr\u00e9-Jornada e da Jornada&#8221;. A irm\u00e3 destaca ainda que o Regional Sul 3, a partir de agora, tem como principal preocupa\u00e7\u00e3o a cria\u00e7\u00e3o de processo, fomentando a Evangeliza\u00e7\u00e3o da Juventude em seus grupos de base, em suas identidades carism\u00e1ticas, em sua dimens\u00e3o de unidade, atrav\u00e9s do Setor Diocesano da Juventude, sem perder de vista os jovens que n\u00e3o est\u00e3o inseridos em nenhum grupo, tampouco receberam o chamado para a profiss\u00e3o de f\u00e9.<\/p>\n<p style=\"text-align: justify\">Os participantes da JMJ 2011 presentes na reuni\u00e3o receberam a miss\u00e3o de multiplicar em suas dioceses questionamentos que v\u00e3o desde a disponibilidade de acolhimento dos romeiros para a Pr\u00e9-Jornada at\u00e9 quest\u00f5es espec\u00edficas da prepara\u00e7\u00e3o que tangem a infraestrutura, a acolhida da Cruz, que chega ao Brasil no pr\u00f3ximo dia 18 de setembro, e a utiliza\u00e7\u00e3o dos subs\u00eddios previstos pelo nacional. Tamb\u00e9m foram definidas duas equipes de trabalho: articula\u00e7\u00e3o e comunica\u00e7\u00e3o e a elabora\u00e7\u00e3o de um s\u00edmbolo que representa o Regional na Pr\u00e9-Jornada e na JMJ 2013. A pr\u00f3xima reuni\u00e3o acontecer\u00e1 no dia 10 de dezembro, na sede do Regional, em Porto Alegre.<\/p>\n","protected":false},"excerpt":{"rendered":"<p>Encerrou hoje, 6, o ciclo de atividades realizadas no Regional Sul 3 da CNBB (Rio Grande do Sul), tendo como foco a Evangeliza\u00e7\u00e3o da Juventude. Dando in\u00edcio \u00e0 programa\u00e7\u00e3o, no domingo, 4, estiveram reunidos em Porto Alegre (RS), aproximadamente 50 participantes que representaram o Regional na Jornada Mundial da Juventude (JMJ) 2011, realizada entre os &hellip;<\/p>\n<p class=\"read-more\"> <a class=\"\" href=\"https:\/\/www.cnbb.org.br\/evangelizacao-da-juventude-e-destaque-na-reuniao-do-regional-sul-3\/\"> <span class=\"screen-reader-text\">Evangeliza\u00e7\u00e3o da Juventude \u00e9 destaque na reuni\u00e3o do Regional Sul 3<\/span> Leia mais &raquo;<\/a><\/p>\n","protected":false},"author":83,"featured_media":25921,"comment_status":"open","ping_status":"open","sticky":false,"template":"","format":"standard","meta":{"site-sidebar-layout":"default","site-content-layout":"default","ast-global-header-display":"","ast-banner-title-visibility":"","ast-main-header-display":"","ast-hfb-above-header-display":"","ast-hfb-below-header-display":"","ast-hfb-mobile-header-display":"","site-post-title":"","ast-breadcrumbs-content":"","ast-featured-img":"","footer-sml-layout":"","theme-transparent-header-meta":"","adv-header-id-meta":"","stick-header-meta":"","header-above-stick-meta":"","header-main-stick-meta":"","header-below-stick-meta":""},"categories":[769,790],"tags":[],"acf":[],"_links":{"self":[{"href":"https:\/\/www.cnbb.org.br\/cnbb-app\/wp\/v2\/posts\/25920"}],"collection":[{"href":"https:\/\/www.cnbb.org.br\/cnbb-app\/wp\/v2\/posts"}],"about":[{"href":"https:\/\/www.cnbb.org.br\/cnbb-app\/wp\/v2\/types\/post"}],"author":[{"embeddable":true,"href":"https:\/\/www.cnbb.org.br\/cnbb-app\/wp\/v2\/users\/83"}],"replies":[{"embeddable":true,"href":"https:\/\/www.cnbb.org.br\/cnbb-app\/wp\/v2\/comments?post=25920"}],"version-history":[{"count":0,"href":"https:\/\/www.cnbb.org.br\/cnbb-app\/wp\/v2\/posts\/25920\/revisions"}],"wp:featuredmedia":[{"embeddable":true,"href":"https:\/\/www.cnbb.org.br\/cnbb-app\/wp\/v2\/media\/25921"}],"wp:attachment":[{"href":"https:\/\/www.cnbb.org.br\/cnbb-app\/wp\/v2\/media?parent=25920"}],"wp:term":[{"taxonomy":"category","embeddable":true,"href":"https:\/\/www.cnbb.org.br\/cnbb-app\/wp\/v2\/categories?post=25920"},{"taxonomy":"post_tag","embeddable":true,"href":"https:\/\/www.cnbb.org.br\/cnbb-app\/wp\/v2\/tags?post=25920"}],"curies":[{"name":"wp","href":"https:\/\/api.w.org\/{rel}","templated":true}]}}