{"id":259231,"date":"2021-02-15T22:15:02","date_gmt":"2021-02-16T01:15:02","guid":{"rendered":"https:\/\/www.cnbb.org.br\/?p=259231"},"modified":"2021-02-15T22:15:27","modified_gmt":"2021-02-16T01:15:27","slug":"os-discipulos-de-emaus-e-a-campanha-da-fraternidade-ecumenica-2021","status":"publish","type":"post","link":"https:\/\/www.cnbb.org.br\/os-discipulos-de-emaus-e-a-campanha-da-fraternidade-ecumenica-2021\/","title":{"rendered":"Os disc\u00edpulos de Ema\u00fas e a Campanha da Fraternidade Ecum\u00eanica 2021"},"content":{"rendered":"<p style=\"text-align: right;\"><strong>Dom Vital Corbellini<\/strong><br \/>\n<strong>Bispo de Marab\u00e1 (PA)<\/strong><\/p>\n<p>&nbsp;<\/p>\n<p style=\"text-align: justify;\">\n<p style=\"text-align: justify;\">O texto dos disc\u00edpulos de Ema\u00fas(cfr. Lc 24, 13-35) \u00e9 interpretado praticamente em toda a primeira parada da Campanha da Fraternidade Ecum\u00eanica (CFE) 2021 cujo t\u00edtulo \u00e9: trocando impress\u00f5es sobre os acontecimentos mais recentes. Os dois disc\u00edpulos voltaram para casa, conturbados, tristes, pela condena\u00e7\u00e3o e morte violenta, de Jesus Cristo na cruz, na qual a impress\u00e3o foi que as coisas tivessem acabado daquela forma. Eles ouviram falar de relatos das mulheres que Jesus tinha ressuscitado dos mortos. H\u00e1 via uma certeza era que Ele n\u00e3o estava mais no t\u00famulo. O Senhor caminhou com eles e eles n\u00e3o o reconheceram como Ressuscitado. S\u00f3 ap\u00f3s Ele ter dito que tudo deveria se cumprir pelas Sagradas Escrituras e no partir do p\u00e3o eles o perceberam que Jesus ressuscitou dos mortos.<\/p>\n<p style=\"text-align: justify;\">\u00a0\u00a0\u00a0\u00a0\u00a0\u00a0\u00a0\u00a0\u00a0\u00a0\u00a0 Primeira Parada<\/p>\n<p style=\"text-align: justify;\">O texto b\u00edblico serviu de inspira\u00e7\u00e3o para a primeira parada, de uma forma particular. A atitude dos disc\u00edpulos de Ema\u00fas pode estar presentes em n\u00f3s no sentido de que existem certezas e d\u00favidas quando o assunto \u00e9 a realidade em que se vive principalmente marcado por crises e sofrimentos, como n\u00f3s estamos presenciando com o sofrimento da doen\u00e7a que atingiu o mundo inteiro: a pandemia global covid 19. Ela interrompeu milhares de vidas de mulheres e de homens, crian\u00e7as e jovens, idosos e idosas. A pandemia dilacerou fam\u00edlias, deixou espa\u00e7os vazios na cultura nacional. A covid 19 revelou a nossa fragilidade, nossa vulnerabilidade. Com a pandemia muitas pessoas associaram ao fim do mundo, outras ficaram na nega\u00e7\u00e3o da ci\u00eancia e surgiu o questionamento do papel da OMS e da ONU. Com o auxilio emergencial as autoridades disponibilizaram ajuda aos mais necessitados, aos milhares de desempregados, fam\u00edlias pobres. No entanto a pandemia n\u00e3o deixou de escancarar as desigualdades sociais, raciais e econ\u00f4micas. As coisas que preocupam a todos n\u00f3s e em toda a sociedade, foi que Brasil voltou ao mapa da fome, ao desemprego de milhares de pessoas, de aumento de pessoas que vivem nas ruas, \u00e0 cultura da viol\u00eancia. Muitos sofrimentos e mortes de mulheres, pessoas do campo e da cidade foram constatados neste per\u00edodo de 2020.<\/p>\n<p style=\"text-align: justify;\">\u00a0\u00a0\u00a0\u00a0\u00a0\u00a0\u00a0\u00a0\u00a0\u00a0\u00a0 O contexto da pandemia<\/p>\n<p style=\"text-align: justify;\">A pandemia provocou atitudes diferentes nas nossas rela\u00e7\u00f5es, como o uso de m\u00e1scaras, um certo distanciamento social. No entanto a viol\u00eancia ainda est\u00e1 presente nas rela\u00e7\u00f5es fam\u00edlias, comunit\u00e1rias, sociais, ressaltando o aumento de feminic\u00eddios, homic\u00eddios, porque as pessoas estiveram mais em suas fam\u00edlias. O texto coloca o di\u00e1logo como a sa\u00edda para a supera\u00e7\u00e3o da viol\u00eancia cultural, racial e religiosa. \u00c9 o compromisso de amor, como \u00e9 de fato o tema da Campanha da Fraternidade Ecum\u00eanica. O que Jesus fez diante daqueles disc\u00edpulos que estavam indo para casa desanimados? Ele quis saber o que estavam conversando ao longo do caminho (cfr. Lc 24,17). Jesus se tornou para eles o \u2018novo viajante\u2019 e por mais que ele estivesse inteirado da realidade, precisava realizar junto com aqueles disc\u00edpulos a compreens\u00e3o dos fatos marcantes em que eles testemunharam em Jerusal\u00e9m.<\/p>\n<p style=\"text-align: justify;\">\u00a0\u00a0\u00a0\u00a0\u00a0\u00a0\u00a0\u00a0\u00a0\u00a0\u00a0 A leitura do texto da Campanha da Fraternidade Ecum\u00eanica 2021<\/p>\n<p style=\"text-align: justify;\">Existem alguns grupos, ministros ordenados, pessoas que n\u00e3o querem aceitar a linha desta Campanha da Fraternidade Ecum\u00eanica. Mas \u00e9 preciso ler os textos, se inteirar da realidade em que vivemos buscar solu\u00e7\u00f5es na unidade com Cristo Jesus, porque Ele \u00e9 a nossa paz. Assim como aos disc\u00edpulos de Ema\u00fas \u00e9 preciso dialogar com os acontecimentos de nosso tempo, \u00e9 preciso acolher as diferen\u00e7as e superar as divis\u00f5es reinantes entre os seguidores e seguidoras de Cristo Jesus. A sociedade brasileira viveu e vive ainda tens\u00f5es por causa das desigualdades econ\u00f4micas e sociais, opini\u00f5es diferentes, de ataques \u00e0s institui\u00e7\u00f5es. As pessoas e comunidades de f\u00e9 n\u00e3o est\u00e3o separadas do mundo. Elas freq\u00fcentam as comunidades para rezar e louvar a Deus, mas est\u00e3o no mundo do trabalho, s\u00e3o moradores de rua, s\u00e3o pessoas que freq\u00fcentam a escola, marcam presen\u00e7a no transito, s\u00e3o pessoas que est\u00e3o nas reparti\u00e7\u00f5es p\u00fablicas, s\u00e3o educadores e educadoras nas escolas p\u00fablicas, particulares e nas universidades, enquanto outras ocupam cargos p\u00fablicos. Muitos de nossos fi\u00e9is est\u00e3o nos centros urbanos, nas periferias das cidades, vilas e povoados. As polariza\u00e7\u00f5es podem ocorrer tamb\u00e9m dentro de nossas comunidades, tendo a necessidade de superar as mesmas em vista da unidade com o Senhor, aceitando a diversidade.<\/p>\n<p style=\"text-align: justify;\">Os disc\u00edpulos de Ema\u00fas e o novo viajante<\/p>\n<p style=\"text-align: justify;\">Sem duvida os disc\u00edpulos de Ema\u00fas ficaram surpreendidos porque aquele \u2018novo viajante\u2019 n\u00e3o estava informado sobre algo tr\u00e1gico e presente na vida do povo, a condena\u00e7\u00e3o e morte violenta de Jesus de Nazar\u00e9. Eles expuseram ao \u2018estranho\u2019 as suas d\u00favidas, contradi\u00e7\u00f5es. Eles relataram que as mulheres foram ao t\u00famulo, n\u00e3o encontraram o corpo de Jesus, mas perceberam a presen\u00e7a de anjos que disseram que Jesus estava vivo (cfr. Lc 24,22-23). Desta forma, seguir a Jesus e comungar com a f\u00e9 s\u00e3o quest\u00f5es que n\u00e3o isentam o fiel e a Igreja das crises nas quais atingem a todas as pessoas. O seguimento a Jesus exige estar encarnado na vida das pessoas, sobretudo dos pobres, dos necessitados.<\/p>\n<p style=\"text-align: justify;\">\u00a0\u00a0\u00a0\u00a0\u00a0\u00a0\u00a0\u00a0\u00a0\u00a0\u00a0 A palavra de Jesus aos disc\u00edpulos de Ema\u00fas<\/p>\n<p style=\"text-align: justify;\">Jesus teve que admoestar os dois disc\u00edpulos chamando-os de cora\u00e7\u00f5es tardos para crer tudo naquilo que os profetas declararam (cfr. Lc 24, 25) e que as profecias deveriam se realizar nele. Jesus foi fiel ao projeto do Pai para a salva\u00e7\u00e3o das pessoas, de modo que esteve em contradi\u00e7\u00e3o com os poderes de seu tempo. Ainda que fossem pr\u00f3ximos de Jesus os disc\u00edpulos n\u00e3o compreenderam os fatos. Essas coisas podem ocorrer conosco e com os seus disc\u00edpulos no sentido de que diante de sinais de morte e com tanta informa\u00e7\u00e3o, somos incapazes de interpretar a realidade na qual estamos vivendo. As vezes para justificar as desigualdades sociais o sistema joga as pessoas umas contra as outras, com a tentativa de legitimar a exclus\u00e3o, difundir o \u00f3dio, a nega\u00e7\u00e3o dos direitos humanos.<\/p>\n<p style=\"text-align: justify;\">\u00c9 preciso seguir a Jesus que nos convida a viver em unidade com as pessoas, sobretudo os mais necessitados, as pessoas das comunidades de f\u00e9, buscando a unidade e a diversidade, o di\u00e1logo, que \u00e9 compromisso de amor, porque Cristo \u00e9 a paz, pois, daquilo que era dividido ele fez uma unidade (cfr. Ef 2,14a). Apoiemos a Campanha da Fraternidade Ecum\u00eanica que nos convida ao di\u00e1logo, a Cristo que nos d\u00e1 a gra\u00e7a da unidade dos irm\u00e3os e irm\u00e3s nele e um dia no Reino dos c\u00e9us.<\/p>\n","protected":false},"excerpt":{"rendered":"<p>Dom Vital Corbellini Bispo de Marab\u00e1 (PA) &nbsp; O texto dos disc\u00edpulos de Ema\u00fas(cfr. Lc 24, 13-35) \u00e9 interpretado praticamente em toda a primeira parada da Campanha da Fraternidade Ecum\u00eanica (CFE) 2021 cujo t\u00edtulo \u00e9: trocando impress\u00f5es sobre os acontecimentos mais recentes. Os dois disc\u00edpulos voltaram para casa, conturbados, tristes, pela condena\u00e7\u00e3o e morte violenta, &hellip;<\/p>\n<p class=\"read-more\"> <a class=\"\" href=\"https:\/\/www.cnbb.org.br\/os-discipulos-de-emaus-e-a-campanha-da-fraternidade-ecumenica-2021\/\"> <span class=\"screen-reader-text\">Os disc\u00edpulos de Ema\u00fas e a Campanha da Fraternidade Ecum\u00eanica 2021<\/span> Leia mais &raquo;<\/a><\/p>\n","protected":false},"author":16,"featured_media":0,"comment_status":"open","ping_status":"open","sticky":false,"template":"","format":"standard","meta":{"site-sidebar-layout":"default","site-content-layout":"default","ast-global-header-display":"","ast-banner-title-visibility":"","ast-main-header-display":"","ast-hfb-above-header-display":"","ast-hfb-below-header-display":"","ast-hfb-mobile-header-display":"","site-post-title":"","ast-breadcrumbs-content":"","ast-featured-img":"","footer-sml-layout":"","theme-transparent-header-meta":"default","adv-header-id-meta":"","stick-header-meta":"","header-above-stick-meta":"","header-main-stick-meta":"","header-below-stick-meta":""},"categories":[758,1837],"tags":[],"acf":[],"_links":{"self":[{"href":"https:\/\/www.cnbb.org.br\/cnbb-app\/wp\/v2\/posts\/259231"}],"collection":[{"href":"https:\/\/www.cnbb.org.br\/cnbb-app\/wp\/v2\/posts"}],"about":[{"href":"https:\/\/www.cnbb.org.br\/cnbb-app\/wp\/v2\/types\/post"}],"author":[{"embeddable":true,"href":"https:\/\/www.cnbb.org.br\/cnbb-app\/wp\/v2\/users\/16"}],"replies":[{"embeddable":true,"href":"https:\/\/www.cnbb.org.br\/cnbb-app\/wp\/v2\/comments?post=259231"}],"version-history":[{"count":0,"href":"https:\/\/www.cnbb.org.br\/cnbb-app\/wp\/v2\/posts\/259231\/revisions"}],"wp:attachment":[{"href":"https:\/\/www.cnbb.org.br\/cnbb-app\/wp\/v2\/media?parent=259231"}],"wp:term":[{"taxonomy":"category","embeddable":true,"href":"https:\/\/www.cnbb.org.br\/cnbb-app\/wp\/v2\/categories?post=259231"},{"taxonomy":"post_tag","embeddable":true,"href":"https:\/\/www.cnbb.org.br\/cnbb-app\/wp\/v2\/tags?post=259231"}],"curies":[{"name":"wp","href":"https:\/\/api.w.org\/{rel}","templated":true}]}}