{"id":25947,"date":"2012-06-05T00:00:00","date_gmt":"2012-06-05T03:00:00","guid":{"rendered":"https:\/\/www.cnbb.org.br\/evangelizacao-da-juventude-e-tema-do-primeiro-dia-de-assembleia-regional\/"},"modified":"2012-06-05T00:00:00","modified_gmt":"2012-06-05T03:00:00","slug":"evangelizacao-da-juventude-e-tema-do-primeiro-dia-de-assembleia-regional","status":"publish","type":"post","link":"https:\/\/www.cnbb.org.br\/evangelizacao-da-juventude-e-tema-do-primeiro-dia-de-assembleia-regional\/","title":{"rendered":"Evangeliza\u00e7\u00e3o da Juventude \u00e9 Tema do primeiro dia de assembleia regional"},"content":{"rendered":"<p style=\"text-align: justify\">O Regional Sul 3 (Paran\u00e1) da Confer\u00eancia Nacional dos Bispos do Brasil (CNBB) est\u00e1 realizando desde o dia 1\u00ba, a 9\u00aa Assembleia da A\u00e7\u00e3o Evangelizadora da Igreja do Rio Grande do Sul. O evento ser\u00e1 realizado na Casa de Retiros Vila Bet\u00e2nia, em Porto Alegre e estende-se at\u00e9 o meio-dia do dia 03.<\/p>\n<p style=\"text-align: justify\">Com o intuito de promover o estudo e o acompanhamento das prioridades regionais e as urg\u00eancias nacionais da Igreja, foram escolhidos como tema centrais a Evangeliza\u00e7\u00e3o da Juventude e o Cuidado com a Vida, duas das quatro prioridades regionais. Para contribuir o orientar o debate e a reflex\u00e3o, marcam presen\u00e7a no encontro Dom Eduardo Pinheiro da Silva, Dom Jacinto Bergmann e Dr Fernando Luchese.<\/p>\n<p style=\"text-align: justify\">Na primeira manh\u00e3, o bispo auxiliar de Campo Grande (MS) e referencial da Comiss\u00e3o Pastoral para a Juventude da CNBB, dom Eduardo Pinheiro da Silva, fez uma abordagem sobre o tema Evangeliza\u00e7\u00e3o da Juventude, a partir do documento 85, do Documento de Aparecida e das Diretrizes Gerais da A\u00e7\u00e3o Evangelizadora da Igreja do Brasil. De acordo com dom Eduardo, os documentos parecem trazer sempre algo novo para a caminhada com a juventude e destaca que o trabalho da ICAR com os jovens est\u00e1 baseado em tr\u00eas eixos: a pessoa de Jesus Cristo; a vida comunit\u00e1ria e a sociedade (cf. Dcto 85,52).<\/p>\n<p style=\"text-align: justify\">Al\u00e9m disso, o bispo apresentou os desafios que surgem a partir destes mesmos documentos e pontuou elementos que caracterizam o universo da juventude, e enfatizou as dificuldades e limites encontrados durante o processo de evangeliza\u00e7\u00e3o da juventude. Entre eles, sublinhou a intensa busca pelo imediatismo e a dificuldade em fazer boas escolhas, bem como assumir compromissos duradouros.<\/p>\n<p style=\"text-align: justify\">\u201cHoje, o jovem busca de imediato o que o satisfaz e isso passa a ser crit\u00e9rio para as escolhas de sua vida. Precisamos ajudar o jovem a perceber que \u00e9 preciso haver positividade nas escolhas juvenis que perpassam a idadde atual, pois estas dar\u00e3o seguimento durante a vida inteira. As grandes decis\u00f5es da vida do ser humano acontecem nessa fase, por isso n\u00e3o podemos deixar escapar nenhum jovem que se achega nas comunidades, \u00e9 um compromisso que a Igreja tem em assumir essa presen\u00e7a\u201d, declara.<\/p>\n<p style=\"text-align: justify\">Dom Eduardo falou tamb\u00e9m que, por vezes, o jovem tem dificuldade de escutar a voz de Cristo em meio a tantas outras vozes e isso se reflete enquanto desafio catequ\u00e9tico e evangelizador, pois tem como miss\u00e3o colocar Cristo como centro das a\u00e7\u00f5es para que haja o engajamento comunit\u00e1rio. \u201c\u00c9 preciso que os jovens sintam o gosto do envolvimento com Jesus Cristo antes de terminar o ciclo que envolve a prepara\u00e7\u00e3o para os sacramentos\u201d, enfatiza dom Eduardo em rela\u00e7\u00e3o a pouco ades\u00e3o dos jovens ap\u00f3s a Crisma.<\/p>\n<p style=\"text-align: justify\">No \u00e2mbito da sociedade, o assessor apresentou uma pesquisa realizada pelo Data Folha em 2008, que evidencia um crescimento na participa\u00e7\u00e3o dos jovens em ONGs e outras organiza\u00e7\u00f5es sociais, bem como um consider\u00e1vel acento na utiliza\u00e7\u00e3o das tecnologias e meios de comunica\u00e7\u00e3o, sobretudo nas redes sociais. Sobre essa quest\u00e3o, dom Eduardo partilhou a experi\u00eancia do Encontro de Jovens Comunicadores promovido pela CNBB, por meio da Comiss\u00e3o Episcopal para a Comunica\u00e7\u00e3o, da Comiss\u00e3o Episcopal para a Juventude e dos Jovens Conectados, entre os dias 18 e 20 de maio, em Bras\u00edlia, que reuniu 250 jovens. Dom Eduardo declarou que na homilia da missa de encerramento do encontro, falou aos jovens sobre o evento que s\u00e3o as redes sociais. \u201cVoc\u00ea entra nas redes sociais e elas entram na sua vida e n\u00e3o saem mais. Elas n\u00e3o s\u00e3o mais um instrumento de comunica\u00e7\u00e3o, elas est\u00e3o em outro n\u00edvel, elas mudam a vida pr\u00e1tica, os conceitos, os relacionamentos, os pensamentos, os princ\u00edpios. N\u00e3o s\u00e3o instrumentos, s\u00e3o ambientes&#8230; e o jovem precisar ser compreendido nesse novo ambiente, pois se n\u00e3o o acolhermos por op\u00e7\u00e3o o faremos por necessidade\u201d, destacou.<\/p>\n<p style=\"text-align: justify\">Ainda lembrando a pesquisa Data Folha, dom Eduardo fez men\u00e7\u00e3o sobre a import\u00e2ncia de conhecer a realidade juvenil nas mais diversas manifesta\u00e7\u00f5es de juventude. \u201cN\u00e3o tenham medo de investir tempo inicial conhecendo a realidade juvenil, porque ent\u00e3o o trabalho de evangeliza\u00e7\u00e3o ser\u00e1 mais eficiente\u201d.<\/p>\n<p style=\"text-align: justify\">Por fim, ele utilizou o exemplo de Jesus Cristo para defender como devemos proceder com com o jovem, declarando que \u00e9 fundamental agir como Jesus agiu com os disc\u00edpulos de Ema\u00fas, ou seja, pedagogicamente sentir a necessidade de escutar e enfatiza o que diz o documento 85, \u201cconhecer o jovem \u00e9 condi\u00e7\u00e3o para evangeliz\u00e1-lo. N\u00e3o se pode amar nem evangelizar a quem n\u00e3o se conhece\u201d. (cf. Dcto 85,10).<\/p>\n<p style=\"text-align: justify\">J\u00e1 na parte da tarde, o foco da reflex\u00e3o foi o Setor Diocesano de Juventude, o Itiner\u00e1rio da Cruz, a Semana Mission\u00e1ria e a Jornada Mundial da Juventude (JMJ). Para esse assunto, dom Eduardo permaneceu contribuindo, e somou-se a ele a Ir. Zenilde Fontes, coordenadora do Setor de Evangeliza\u00e7\u00e3o da Juventude da CNBB Sul 3, que destacou os encaminhamentos pr\u00e1ticos que est\u00e3o sendo realizados em prepara\u00e7\u00e3o a JMJ 2013.<\/p>\n<p style=\"text-align: justify\">Durante o segundo dia, a assembleia teve como assunto em destaque, os disc\u00edpulos e servidores da Palavra de Deus na Miss\u00e3o da Igreja e Cuidado com a Vida. Para o \u00faltimo dia, a programa\u00e7\u00e3o ser\u00e1 formada por momentos de apresenta\u00e7\u00e3o do calend\u00e1rio regional de atividades para 2013, comunica\u00e7\u00e3o dos bispos referenciais e mostra itinerante de arte sacra, entre outros.<\/p>\n","protected":false},"excerpt":{"rendered":"<p>O Regional Sul 3 (Paran\u00e1) da Confer\u00eancia Nacional dos Bispos do Brasil (CNBB) est\u00e1 realizando desde o dia 1\u00ba, a 9\u00aa Assembleia da A\u00e7\u00e3o Evangelizadora da Igreja do Rio Grande do Sul. O evento ser\u00e1 realizado na Casa de Retiros Vila Bet\u00e2nia, em Porto Alegre e estende-se at\u00e9 o meio-dia do dia 03. Com o &hellip;<\/p>\n<p class=\"read-more\"> <a class=\"\" href=\"https:\/\/www.cnbb.org.br\/evangelizacao-da-juventude-e-tema-do-primeiro-dia-de-assembleia-regional\/\"> <span class=\"screen-reader-text\">Evangeliza\u00e7\u00e3o da Juventude \u00e9 Tema do primeiro dia de assembleia regional<\/span> Leia mais &raquo;<\/a><\/p>\n","protected":false},"author":83,"featured_media":0,"comment_status":"open","ping_status":"open","sticky":false,"template":"","format":"standard","meta":{"site-sidebar-layout":"default","site-content-layout":"default","ast-global-header-display":"","ast-banner-title-visibility":"","ast-main-header-display":"","ast-hfb-above-header-display":"","ast-hfb-below-header-display":"","ast-hfb-mobile-header-display":"","site-post-title":"","ast-breadcrumbs-content":"","ast-featured-img":"","footer-sml-layout":"","theme-transparent-header-meta":"","adv-header-id-meta":"","stick-header-meta":"","header-above-stick-meta":"","header-main-stick-meta":"","header-below-stick-meta":""},"categories":[769,790],"tags":[],"acf":[],"_links":{"self":[{"href":"https:\/\/www.cnbb.org.br\/cnbb-app\/wp\/v2\/posts\/25947"}],"collection":[{"href":"https:\/\/www.cnbb.org.br\/cnbb-app\/wp\/v2\/posts"}],"about":[{"href":"https:\/\/www.cnbb.org.br\/cnbb-app\/wp\/v2\/types\/post"}],"author":[{"embeddable":true,"href":"https:\/\/www.cnbb.org.br\/cnbb-app\/wp\/v2\/users\/83"}],"replies":[{"embeddable":true,"href":"https:\/\/www.cnbb.org.br\/cnbb-app\/wp\/v2\/comments?post=25947"}],"version-history":[{"count":0,"href":"https:\/\/www.cnbb.org.br\/cnbb-app\/wp\/v2\/posts\/25947\/revisions"}],"wp:attachment":[{"href":"https:\/\/www.cnbb.org.br\/cnbb-app\/wp\/v2\/media?parent=25947"}],"wp:term":[{"taxonomy":"category","embeddable":true,"href":"https:\/\/www.cnbb.org.br\/cnbb-app\/wp\/v2\/categories?post=25947"},{"taxonomy":"post_tag","embeddable":true,"href":"https:\/\/www.cnbb.org.br\/cnbb-app\/wp\/v2\/tags?post=25947"}],"curies":[{"name":"wp","href":"https:\/\/api.w.org\/{rel}","templated":true}]}}