{"id":259745,"date":"2021-02-26T10:54:28","date_gmt":"2021-02-26T13:54:28","guid":{"rendered":"https:\/\/www.cnbb.org.br\/?p=259745"},"modified":"2021-02-26T10:55:00","modified_gmt":"2021-02-26T13:55:00","slug":"o-cuidado-com-a-linguagem","status":"publish","type":"post","link":"https:\/\/www.cnbb.org.br\/o-cuidado-com-a-linguagem\/","title":{"rendered":"O cuidado com a linguagem"},"content":{"rendered":"<p style=\"text-align: right;\"><strong>Dom Aparecido Donizeti de Souza<\/strong><br \/>\n<strong>Bispo auxiliar de Porto Alegre (RS)<\/strong><\/p>\n<p style=\"text-align: justify;\">\n<p>A humanidade, ao mesmo tempo em que demonstra estar cansada de guerra, viol\u00eancia, agressividade e tantas injusti\u00e7as sociais, parece tamb\u00e9m carecer aprender a usar melhor a linguagem, seja verbal ou n\u00e3o verbal, em seu cotidiano. N\u00e3o \u00e9 pretens\u00e3o generalizar aqui, pois muitas pessoas sabem cuidar daquilo que dizem e como dizem. Mas, infelizmente, muitas intrigas, disc\u00f3rdias, divis\u00f5es e at\u00e9 mortes s\u00e3o geradas pelo n\u00e3o uso da capacidade de dialogar adequadamente. O di\u00e1logo sup\u00f5e saber ouvir e saber falar sem querer ser o centro das aten\u00e7\u00f5es e muito menos querer ser o dono da verdade.<\/p>\n<p>\u00c9 salutar e gratificante quando vemos pessoas que souberam desenvolver essa bela arte da comunica\u00e7\u00e3o. S\u00e3o pessoas que sabem construir pontes e jamais criam muros que dividem. Basta uma palavra \u201cmal dita\u201d para gerar conflitos entre seres humanos. E quando ainda uma autoridade, seja pol\u00edtica ou religiosa, profere palavras sem o uso do bom senso e sem ter essa preocupa\u00e7\u00e3o em construir uma cultura da paz, o estrago \u00e9 muito grande.<\/p>\n<p>Essa realidade se percebe j\u00e1 no seio familiar. Muitos dos conflitos familiares seriam resolvidos a partir de um di\u00e1logo sincero onde ningu\u00e9m se sente o dono da verdade, mas juntos buscam compreender melhor as coisas em vista da restaura\u00e7\u00e3o da paz e harmonia no lar. Quando um se acha no direito de se sentir o dono da verdade quebra toda possibilidade de di\u00e1logo. Isso vai gerando esfriamento na rela\u00e7\u00e3o que pode chegar a uma conviv\u00eancia insuport\u00e1vel onde, infelizmente, muitos acham que s\u00f3 a separa\u00e7\u00e3o ou div\u00f3rcio seja o rem\u00e9dio.<\/p>\n<p>At\u00e9 dentro da pr\u00f3pria Igreja isso \u00e9 algo presente. Quando um l\u00edder religioso se acha no direito de dizer o que pensa e como pensa sem levar em conta o essencial de sua miss\u00e3o, que \u00e9 favorecer a unidade e comunh\u00e3o entre todos, sobretudo estar em comunh\u00e3o com o Papa e o Col\u00e9gio Episcopal, vai favorecendo um clima de hostilidade, de polariza\u00e7\u00e3o. Gera, na verdade, um clima de divis\u00e3o entre pessoas que se dizem seguidoras de Cristo. E isso acontece, n\u00e3o poucas vezes, em nome de um \u201camor\u201d pela Igreja e pela Tradi\u00e7\u00e3o. N\u00e3o basta ter boas inten\u00e7\u00f5es quando falta o devido cuidado com aquilo que se fala e como se fala.<\/p>\n<p style=\"text-align: justify;\">\nCrescer na arte do di\u00e1logo, saber discernir bem as coisas, buscar perceber o que n\u00e3o est\u00e1 em conformidade com a verdade do Evangelho e buscar, com maturidade em Cristo, fazer tudo que \u00e9 poss\u00edvel para construir uma cultura da paz, a partir da Justi\u00e7a do Reino e da miseric\u00f3rdia revelada em Cristo, \u00e9 o caminho que todos devemos percorrer.<\/p>\n","protected":false},"excerpt":{"rendered":"<p>Dom Aparecido Donizeti de Souza Bispo auxiliar de Porto Alegre (RS) A humanidade, ao mesmo tempo em que demonstra estar cansada de guerra, viol\u00eancia, agressividade e tantas injusti\u00e7as sociais, parece tamb\u00e9m carecer aprender a usar melhor a linguagem, seja verbal ou n\u00e3o verbal, em seu cotidiano. N\u00e3o \u00e9 pretens\u00e3o generalizar aqui, pois muitas pessoas sabem &hellip;<\/p>\n<p class=\"read-more\"> <a class=\"\" href=\"https:\/\/www.cnbb.org.br\/o-cuidado-com-a-linguagem\/\"> <span class=\"screen-reader-text\">O cuidado com a linguagem<\/span> Leia mais &raquo;<\/a><\/p>\n","protected":false},"author":52,"featured_media":0,"comment_status":"open","ping_status":"open","sticky":false,"template":"","format":"standard","meta":{"site-sidebar-layout":"default","site-content-layout":"default","ast-global-header-display":"","ast-banner-title-visibility":"","ast-main-header-display":"","ast-hfb-above-header-display":"","ast-hfb-below-header-display":"","ast-hfb-mobile-header-display":"","site-post-title":"","ast-breadcrumbs-content":"","ast-featured-img":"","footer-sml-layout":"","theme-transparent-header-meta":"default","adv-header-id-meta":"","stick-header-meta":"","header-above-stick-meta":"","header-main-stick-meta":"","header-below-stick-meta":""},"categories":[758],"tags":[],"acf":[],"_links":{"self":[{"href":"https:\/\/www.cnbb.org.br\/cnbb-app\/wp\/v2\/posts\/259745"}],"collection":[{"href":"https:\/\/www.cnbb.org.br\/cnbb-app\/wp\/v2\/posts"}],"about":[{"href":"https:\/\/www.cnbb.org.br\/cnbb-app\/wp\/v2\/types\/post"}],"author":[{"embeddable":true,"href":"https:\/\/www.cnbb.org.br\/cnbb-app\/wp\/v2\/users\/52"}],"replies":[{"embeddable":true,"href":"https:\/\/www.cnbb.org.br\/cnbb-app\/wp\/v2\/comments?post=259745"}],"version-history":[{"count":0,"href":"https:\/\/www.cnbb.org.br\/cnbb-app\/wp\/v2\/posts\/259745\/revisions"}],"wp:attachment":[{"href":"https:\/\/www.cnbb.org.br\/cnbb-app\/wp\/v2\/media?parent=259745"}],"wp:term":[{"taxonomy":"category","embeddable":true,"href":"https:\/\/www.cnbb.org.br\/cnbb-app\/wp\/v2\/categories?post=259745"},{"taxonomy":"post_tag","embeddable":true,"href":"https:\/\/www.cnbb.org.br\/cnbb-app\/wp\/v2\/tags?post=259745"}],"curies":[{"name":"wp","href":"https:\/\/api.w.org\/{rel}","templated":true}]}}