{"id":259873,"date":"2021-03-02T10:51:31","date_gmt":"2021-03-02T13:51:31","guid":{"rendered":"https:\/\/www.cnbb.org.br\/?p=259873"},"modified":"2021-03-02T10:52:17","modified_gmt":"2021-03-02T13:52:17","slug":"transfiguracao-no-itinerario-quaresmal","status":"publish","type":"post","link":"https:\/\/www.cnbb.org.br\/transfiguracao-no-itinerario-quaresmal\/","title":{"rendered":"Transfigura\u00e7\u00e3o no Itiner\u00e1rio Quaresmal"},"content":{"rendered":"<p style=\"text-align: right;\"><strong>Dom Gil Ant\u00f4nio Moreira<br \/>\nArcebispo de Juiz de Fora (MG)<br \/>\n<\/strong><\/p>\n<p><strong>\u00a0<\/strong><\/p>\n<p style=\"text-align: justify;\">Desde o ano de 2010, os jovens da Arquidiocese de Juiz de Fora, em seu itiner\u00e1rio rumo \u00e0 Pascoa, fazem sua Via-Sacra no Segundo Domingo da Quaresma, subindo o Morro do Cristo, no Centro de Juiz de Fora. No presente ano, nesta 12\u00aa vers\u00e3o, tal celebra\u00e7\u00e3o foi realizada em formato virtual, dadas as rigorosas restri\u00e7\u00f5es provocadas pela Covid-19.<\/p>\n<p style=\"text-align: justify;\">Mediante tal desafio, a juventude juiz-forana n\u00e3o deixou passar livre esta esperada data. Com a costumeira anima\u00e7\u00e3o e vibra\u00e7\u00e3o pr\u00f3pria dos jovens, realizou este evento no interior da Catedral Metropolitana, trazendo a Cruz da Juventude, recebida na JMJ (Jornada Mundial da Juventude) de 2013, no Rio de Janeiro, presidida pelo Papa Francisco. Trouxeram tamb\u00e9m as 15 cruzes representativas das 15 esta\u00e7\u00f5es da Via-Sacra, recordando e revivenciando os momentos mais fortes da Paix\u00e3o, Morte e Ressurrei\u00e7\u00e3o do Senhor.<\/p>\n<p style=\"text-align: justify;\">A raz\u00e3o de realizar tal Via-Sacra Juvenil no Segundo Domingo da Quaresma \u00e9 a contempla\u00e7\u00e3o da Transfigura\u00e7\u00e3o de Cristo no alto de uma montanha, narrada todos os anos nesta liturgia. O epis\u00f3dio \u00e9 mencionado pelos tr\u00eas evangelhos sin\u00f3ticos: Mateus, Marcos e Lucas. A vers\u00e3o deste ano \u00e9 de Marcos 9, 2-10.<\/p>\n<p style=\"text-align: justify;\">As montanhas t\u00eam, nas Sagradas Escrituras, um sentido forte tanto no Antigo Testamento como no Novo Testamento. Para quem cr\u00ea em Deus h\u00e1 um impulso natural de procurar os lugares altos, deixando as coisas corriqueiras da vida na plan\u00edcie para buscar o extraordin\u00e1rio, abandonando as coisas relativas e passageiras para ir ao encontro do absoluto, do duradouro, do eterno. Olhar para o alto \u00e9 sinal de esperan\u00e7a, enquanto olhar para baixo \u00e9, em geral, sinal de des\u00e2nimo e tristeza.<\/p>\n<p style=\"text-align: justify;\">A transfigura\u00e7\u00e3o de Cristo se deu, provavelmente, no alto do Monte Tabor, o mais alto da regi\u00e3o pr\u00f3xima \u00e0 Galileia. Ali, Jesus se transformou diante dos olhos assustados de Pedro, Tiago e Jo\u00e3o. Suas roupas ficaram brilhantes, t\u00e3o brancas que nenhuma lavadeira na Terra conseguiria alvej\u00e1-las. Apareceram-lhes Mois\u00e9s e Elias, que representavam a Lei e os Profetas. Durante a transfigura\u00e7\u00e3o, ouviu-se uma voz: \u201c<em>Este \u00e9 meu Filho amado; escutai o que ele diz<\/em>\u201d (cf. Mc 9,7).<\/p>\n<p style=\"text-align: justify;\">Recordemos que estamos no itiner\u00e1rio quaresmal. Este, como os Retiros Espirituais que fazemos, s\u00e3o maneiras de deixarmos a plan\u00edcie de nossas preocupa\u00e7\u00f5es cotidianas para subirmos em esp\u00edrito para um lugar elevado e praticarmos com mais intensidade, aten\u00e7\u00e3o e amor a nossa vida de f\u00e9, sobretudo a ora\u00e7\u00e3o, a penit\u00eancia e a caridade, em vista de celebrarmos mais dignamente a P\u00e1scoa da Ressurrei\u00e7\u00e3o a cada ano.<\/p>\n<p style=\"text-align: justify;\">Muitas coisas ent\u00e3o na plan\u00edcie de nossas vidas atualmente, como a pandemia com tantos sofrimentos, mortes, preocupa\u00e7\u00f5es, incertezas, exig\u00eancias naturais. Tamb\u00e9m a viol\u00eancia contra homens, mulheres, jovens e crian\u00e7as abortadas nos desafiam a lutar pela paz, pela conc\u00f3rdia e pelo perd\u00e3o e, sobretudo, pela constru\u00e7\u00e3o de uma sociedade justa e fraterna cujos alicerces s\u00e3o o amor e a paz, respeitando a vida desde a fecunda\u00e7\u00e3o at\u00e9 seu fim natural.<\/p>\n<p style=\"text-align: justify;\">Neste itiner\u00e1rio quaresmal, e diante destes desafios hodiernos, somos, mais uma vez, chamados \u00e0 ora\u00e7\u00e3o e \u00e0 caridade profundas, e \u00e0 confian\u00e7a total em Deus, ao ouvir a voz do Pai que diz: \u201c<em>Este \u00e9 meu Filho amado; escutai o que ele diz<\/em>\u201d. A palavra mais intensa da prega\u00e7\u00e3o de Jesus foi esta: \u201c<em>Amai-vos uns aos outros<\/em>\u201d (Cf. Jo 15,12), amor concreto que se traduz na solidariedade com os sofredores. Conforta o cora\u00e7\u00e3o humano a palavra de S\u00e3o Paulo aos Romanos: \u201c<em>Se Deus \u00e9 por n\u00f3s, quem ser\u00e1 contra n\u00f3s? Se n\u00e3o poupou seu pr\u00f3prio Filho, mas o entregou por todos n\u00f3s, como n\u00e3o nos daria tudo junto com ele?<\/em>\u201d (Cf. Rm 8,31b-32).<\/p>\n<p style=\"text-align: justify;\">Recordemos, afinal, que estamos em S\u00ednodo Arquidiocesano, com o lema \u201c<em>Proclamai o Evangelho pelas ruas e sobre os telhados<\/em>\u201d (Cf. Mt 10,27); que estamos em caminhada rumo ao centen\u00e1rio diocesano, guiados pelo exemplo forte de S\u00e3o Jos\u00e9 neste Ano Josefino institu\u00eddo pelo Papa Francisco; que estamos fortes e firmes no itiner\u00e1rio quaresmal rumo \u00e0 P\u00e1scoa. Deixemos que Deus nos transfigure a cada dia desta caminhada de f\u00e9 at\u00e9 que possamos gozar da vida eterna para a qual fomos criados.<\/p>\n<p style=\"text-align: justify;\">\n<p style=\"text-align: justify;\">\n<p style=\"text-align: justify;\">\n","protected":false},"excerpt":{"rendered":"<p>Dom Gil Ant\u00f4nio Moreira Arcebispo de Juiz de Fora (MG) \u00a0 Desde o ano de 2010, os jovens da Arquidiocese de Juiz de Fora, em seu itiner\u00e1rio rumo \u00e0 Pascoa, fazem sua Via-Sacra no Segundo Domingo da Quaresma, subindo o Morro do Cristo, no Centro de Juiz de Fora. No presente ano, nesta 12\u00aa vers\u00e3o, &hellip;<\/p>\n<p class=\"read-more\"> <a class=\"\" href=\"https:\/\/www.cnbb.org.br\/transfiguracao-no-itinerario-quaresmal\/\"> <span class=\"screen-reader-text\">Transfigura\u00e7\u00e3o no Itiner\u00e1rio Quaresmal<\/span> Leia mais &raquo;<\/a><\/p>\n","protected":false},"author":12,"featured_media":0,"comment_status":"open","ping_status":"open","sticky":false,"template":"","format":"standard","meta":{"site-sidebar-layout":"default","site-content-layout":"default","ast-global-header-display":"","ast-banner-title-visibility":"","ast-main-header-display":"","ast-hfb-above-header-display":"","ast-hfb-below-header-display":"","ast-hfb-mobile-header-display":"","site-post-title":"","ast-breadcrumbs-content":"","ast-featured-img":"","footer-sml-layout":"","theme-transparent-header-meta":"default","adv-header-id-meta":"","stick-header-meta":"","header-above-stick-meta":"","header-main-stick-meta":"","header-below-stick-meta":""},"categories":[758],"tags":[],"acf":[],"_links":{"self":[{"href":"https:\/\/www.cnbb.org.br\/cnbb-app\/wp\/v2\/posts\/259873"}],"collection":[{"href":"https:\/\/www.cnbb.org.br\/cnbb-app\/wp\/v2\/posts"}],"about":[{"href":"https:\/\/www.cnbb.org.br\/cnbb-app\/wp\/v2\/types\/post"}],"author":[{"embeddable":true,"href":"https:\/\/www.cnbb.org.br\/cnbb-app\/wp\/v2\/users\/12"}],"replies":[{"embeddable":true,"href":"https:\/\/www.cnbb.org.br\/cnbb-app\/wp\/v2\/comments?post=259873"}],"version-history":[{"count":0,"href":"https:\/\/www.cnbb.org.br\/cnbb-app\/wp\/v2\/posts\/259873\/revisions"}],"wp:attachment":[{"href":"https:\/\/www.cnbb.org.br\/cnbb-app\/wp\/v2\/media?parent=259873"}],"wp:term":[{"taxonomy":"category","embeddable":true,"href":"https:\/\/www.cnbb.org.br\/cnbb-app\/wp\/v2\/categories?post=259873"},{"taxonomy":"post_tag","embeddable":true,"href":"https:\/\/www.cnbb.org.br\/cnbb-app\/wp\/v2\/tags?post=259873"}],"curies":[{"name":"wp","href":"https:\/\/api.w.org\/{rel}","templated":true}]}}