{"id":259885,"date":"2021-03-02T11:52:58","date_gmt":"2021-03-02T14:52:58","guid":{"rendered":"https:\/\/www.cnbb.org.br\/?p=259885"},"modified":"2021-03-02T11:53:37","modified_gmt":"2021-03-02T14:53:37","slug":"o-dialogo-como-compromisso-de-amor-na-cfe-2021","status":"publish","type":"post","link":"https:\/\/www.cnbb.org.br\/o-dialogo-como-compromisso-de-amor-na-cfe-2021\/","title":{"rendered":"O di\u00e1logo como compromisso de amor na CFE 2021"},"content":{"rendered":"<p style=\"text-align: right;\"><strong>Dom Vital Corbellini<\/strong><br \/>\n<strong>Bispo de Marab\u00e1 (PA)<\/strong><\/p>\n<p>&nbsp;<\/p>\n<p style=\"text-align: justify;\">O di\u00e1logo, como compromisso de amor \u00e9 o tema da campanha da Fraternidade 2021. \u00c9 importante que seja aprofundado, pois diz respeito ao outro, a vida de f\u00e9 com Deus que passa pela vida das pessoas. O seu significado refere-se \u00e0 conversa\u00e7\u00e3o entre duas ou mais pessoas em vista de entendimento ou de supera\u00e7\u00e3o de conflitos. \u00c9 o encontro de for\u00e7as em vista de uma situa\u00e7\u00e3o de equil\u00edbrio. S\u00e3o Paulo dirigiu-se \u00e0 comunidade Ef\u00e9sios para dizer que Cristo derrubou o muro de separa\u00e7\u00e3o tanto aos judeus convertidos ao cristianismo como tamb\u00e9m aos pag\u00e3os convertidos ao cristianismo dando a todos, o dom da paz, porque do que era dividido fez uma unidade (<em>Ef<\/em> 2,14a). O tema possibilita o conhecimento desta importante Campanha da Fraternidade Ecum\u00eanica 2021 na vida eclesial e social.<\/p>\n<p style=\"text-align: justify;\"><strong>O di\u00e1logo estabelecido pelo Senhor Ressuscitado e a realidade atual<\/strong><\/p>\n<p style=\"text-align: justify;\">Na primeira parada, o texto \u00e9 iluminado pela presen\u00e7a do Ressuscitado junto aos disc\u00edpulos de Ema\u00fas (cfr. <em>Lc<\/em> 24, 13-35). Como o evangelista Lucas colocou para a tradi\u00e7\u00e3o, esses voltavam para casa tristes, abatidos sobre os \u00faltimos acontecimentos a respeito da condena\u00e7\u00e3o, morte e ressurrei\u00e7\u00e3o de Jesus, de modo que ouviram muitas hist\u00f3rias das mulheres, de Maria Madalena, de Pedro e outras tantas. Jesus caminhou com eles para ouvi-los e assim pode dar uma resposta \u00e0s suas indaga\u00e7\u00f5es.<\/p>\n<p style=\"text-align: justify;\">N\u00f3s tamb\u00e9m devemos perceber a realidade atual que \u00e9 marcada pela pandemia global que ceifou e continua mais de duzentas e cinq\u00fcenta mil pessoas no Brasil e continua ceifando, agora tamb\u00e9m com o colapso da sa\u00fade em diversos estados e pelo mundo afora s\u00e3o milh\u00f5es de \u00f3bitos e de infectados. N\u00f3s n\u00e3o podemos ficar alheios \u00e0 dor e ao sofrimento por tantas pessoas, fam\u00edlias. A pandemia do covid 19 colocou a finitude humana, a nossa fragilidade, nossa vulnerabilidade. \u00c9 preciso dialogar com a realidade atual, e pedir for\u00e7as a Deus para a supera\u00e7\u00e3o deste momento, com a responsabilidade humana. Se por um lado a pandemia colocou a realidade do negacionismo da doen\u00e7a, por outro lado a gente percebeu a solidariedade aos sofredores, e aos pobres. N\u00f3s almejamos que a vacina seja um fator de maior alegria e amor na conviv\u00eancia humana e social.<\/p>\n<p style=\"text-align: justify;\"><strong>O di\u00e1logo em vista da supera\u00e7\u00e3o da viol\u00eancia<\/strong><\/p>\n<p style=\"text-align: justify;\">O di\u00e1logo faz-se necess\u00e1rio em vista da supera\u00e7\u00e3o da viol\u00eancia. A pandemia fez muitas v\u00edtimas de familiares, sobretudo de mulheres, feminic\u00eddios, homic\u00eddios, morte de jovens e de homens no campo e na cidade. Houve manifesta\u00e7\u00f5es de racismo, de \u00f3dio aos pobres e de muito ego\u00edsmo. \u00c9 preciso dialogar sobre os acontecimentos, a superar as coisas que nos dividem. As pessoas recorrem ao Sagrado como sinal de prote\u00e7\u00e3o. \u00c9 preciso dizer que as pessoas que comp\u00f5em a comunidade de f\u00e9 fazem parte de um mundo em crise, de modo que tamb\u00e9m elas s\u00e3o afetadas pelas crises da sociedade, sofrem os efeitos de medidas econ\u00f4micas e de outras crises. Jesus estabeleceu um dialogo com os disc\u00edpulos de Ema\u00fas, mas tamb\u00e9m chamou a aten\u00e7\u00e3o deles para que acreditassem na miss\u00e3o do Messias que passaria pela cruz para chegar \u00e0 gl\u00f3ria da ressurrei\u00e7\u00e3o. Diante da viol\u00eancia e de mortes de pessoas por causa da pandemia \u00e9 preciso agir para o bem de todos, pela solidariedade, pela ora\u00e7\u00e3o.<\/p>\n<p style=\"text-align: justify;\"><strong>\u00c9 preciso dialogar pelas organiza\u00e7\u00f5es<\/strong><\/p>\n<p style=\"text-align: justify;\">As diversas organiza\u00e7\u00f5es que protegem os cidad\u00e3os colocam a necessidade de dialogar pelos povos mais fr\u00e1geis. A anistia internacional sobre os direitos humanos nas Am\u00e9ricas coloca o Brasil no mundo da viol\u00eancia por pessoas mortas de ativistas de direitos humanos, a crise ambiental, os direitos dos povos ind\u00edgenas nas suas terras e \u00e1guas sendo invadidas, chacinas, atingindo pessoas em vulnerabilidade econ\u00f4mica e social. Como a viol\u00eancia nunca ser\u00e1 a sa\u00edda, \u00e9 preciso dialogar mais seja da parte governamental seja tamb\u00e9m das organiza\u00e7\u00f5es da sociedade civil e religiosa em vista da supera\u00e7\u00e3o de problemas que atingem as popula\u00e7\u00f5es mais fr\u00e1geis. Este di\u00e1logo \u00e9 preciso ser mantido com grupos que sofrem discrimina\u00e7\u00e3o social. N\u00f3s temos uma popula\u00e7\u00e3o grande que vive nos c\u00e1rceres, perto de novecentos mil pessoas presas, na grande maioria homens, jovens, mas tem tamb\u00e9m muitas mulheres. \u00c9 preciso estabelecer a presen\u00e7a e di\u00e1logo pela pastoral carcer\u00e1ria porque essas pessoas s\u00e3o muitas vezes exclu\u00eddas da sociedade.<\/p>\n<p style=\"text-align: justify;\"><strong>O di\u00e1logo pela presen\u00e7a de Cristo Jesus<\/strong><\/p>\n<p style=\"text-align: justify;\">Cristo \u00e9 a nossa Paz: do que era dividido, fez uma unidade (<em>Ef<\/em> 2,14a). O Lema especifica a derrubada de muros pela presen\u00e7a de Cristo seja dos judeus e pag\u00e3os no templo de Jerusal\u00e9m, seja nas comunidades paulinas, sobretudo em Ef\u00e9sios, onde judeus crist\u00e3os e pag\u00e3os crist\u00e3os n\u00e3o tinham muito di\u00e1logo comunit\u00e1rio, porque para os judeus que se convertiam ao cristianismo a lei ganhou um cunho universal a partir de Cristo, mas sem nenhuma grande novidade, enquanto para Paulo, e para os pag\u00e3os que se convertiam ao cristianismo, a lei foi renovada com Cristo Jesus a partir de sua miseric\u00f3rdia, pela sua presen\u00e7a salvadora. Ele venceu o pecado, a morte e ressurgiu dos mortos, dando-nos vida nova pelo Esp\u00edrito Santo. S\u00e3o Paulo insistiu junto \u00e0 comunidade dos G\u00e1latas, que em Cristo n\u00e3o h\u00e1 mais judeu, ou grego, escravo ou livre, homem ou mulher, porque todos s\u00e3o um s\u00f3, em Cristo Jesus (cfr. <em>Gl<\/em> 3,28). Somos reconciliados com Jesus rumo \u00e0 casa do Pai.<\/p>\n<p style=\"text-align: justify;\"><strong>O di\u00e1logo pelo v\u00ednculo<\/strong><\/p>\n<p style=\"text-align: justify;\">S\u00e3o Paulo afirmou na Carta aos Ef\u00e9sios que era necess\u00e1rio a supera\u00e7\u00e3o do dilema que dividia os crist\u00e3os em vista da unidade em Cristo pelos grupos que estavam divididos. A f\u00e9 em Cristo \u00e9 o vinculo da unidade de todas as pessoas e todos devem realizar obras de perd\u00e3o e de amor, sendo Cristo Jesus a pedra fundamental da comunidade eclesial.<\/p>\n<p style=\"text-align: justify;\"><strong>O di\u00e1logo pela presen\u00e7a de Cristo<\/strong><\/p>\n<p style=\"text-align: justify;\">O di\u00e1logo deve ocorrer entre as comunidades de f\u00e9 em Cristo, pois somos irm\u00e3os e irm\u00e3s no Senhor Jesus Cristo. Cristo \u00e9 a nossa paz: do que era dividido fez uma unidade (<em>Ef<\/em> 2,14a). Esta confiss\u00e3o de f\u00e9 em Jesus Cristo n\u00e3o deve ser motivo para divis\u00f5es e conflitos entre os seguidores de Jesus Cristo, mas deve ser de inspira\u00e7\u00e3o para conviv\u00eancia e o di\u00e1logo. Se Ele fez um s\u00f3 povo daquilo que dividia os povos, tamb\u00e9m em nossa realidade deveremos trabalhar pela unidade dos crist\u00e3os e das crist\u00e3s. A partir da presen\u00e7a de Cristo Jesus as pessoas vivam em comunh\u00e3o e di\u00e1logos plenos.<\/p>\n<p style=\"text-align: justify;\">N\u00f3s somos chamados a estimular o di\u00e1logo, como compromisso de amor, para que assim o amor reine em nossa vida, nos seguidores de Cristo Jesus e no mundo inteiro.<\/p>\n<p>&nbsp;<\/p>\n","protected":false},"excerpt":{"rendered":"<p>Dom Vital Corbellini Bispo de Marab\u00e1 (PA) &nbsp; O di\u00e1logo, como compromisso de amor \u00e9 o tema da campanha da Fraternidade 2021. \u00c9 importante que seja aprofundado, pois diz respeito ao outro, a vida de f\u00e9 com Deus que passa pela vida das pessoas. O seu significado refere-se \u00e0 conversa\u00e7\u00e3o entre duas ou mais pessoas &hellip;<\/p>\n<p class=\"read-more\"> <a class=\"\" href=\"https:\/\/www.cnbb.org.br\/o-dialogo-como-compromisso-de-amor-na-cfe-2021\/\"> <span class=\"screen-reader-text\">O di\u00e1logo como compromisso de amor na CFE 2021<\/span> Leia mais &raquo;<\/a><\/p>\n","protected":false},"author":16,"featured_media":0,"comment_status":"open","ping_status":"open","sticky":false,"template":"","format":"standard","meta":{"site-sidebar-layout":"default","site-content-layout":"default","ast-global-header-display":"","ast-banner-title-visibility":"","ast-main-header-display":"","ast-hfb-above-header-display":"","ast-hfb-below-header-display":"","ast-hfb-mobile-header-display":"","site-post-title":"","ast-breadcrumbs-content":"","ast-featured-img":"","footer-sml-layout":"","theme-transparent-header-meta":"default","adv-header-id-meta":"","stick-header-meta":"","header-above-stick-meta":"","header-main-stick-meta":"","header-below-stick-meta":""},"categories":[758,1837],"tags":[],"acf":[],"_links":{"self":[{"href":"https:\/\/www.cnbb.org.br\/cnbb-app\/wp\/v2\/posts\/259885"}],"collection":[{"href":"https:\/\/www.cnbb.org.br\/cnbb-app\/wp\/v2\/posts"}],"about":[{"href":"https:\/\/www.cnbb.org.br\/cnbb-app\/wp\/v2\/types\/post"}],"author":[{"embeddable":true,"href":"https:\/\/www.cnbb.org.br\/cnbb-app\/wp\/v2\/users\/16"}],"replies":[{"embeddable":true,"href":"https:\/\/www.cnbb.org.br\/cnbb-app\/wp\/v2\/comments?post=259885"}],"version-history":[{"count":0,"href":"https:\/\/www.cnbb.org.br\/cnbb-app\/wp\/v2\/posts\/259885\/revisions"}],"wp:attachment":[{"href":"https:\/\/www.cnbb.org.br\/cnbb-app\/wp\/v2\/media?parent=259885"}],"wp:term":[{"taxonomy":"category","embeddable":true,"href":"https:\/\/www.cnbb.org.br\/cnbb-app\/wp\/v2\/categories?post=259885"},{"taxonomy":"post_tag","embeddable":true,"href":"https:\/\/www.cnbb.org.br\/cnbb-app\/wp\/v2\/tags?post=259885"}],"curies":[{"name":"wp","href":"https:\/\/api.w.org\/{rel}","templated":true}]}}