{"id":25989,"date":"2013-10-22T00:00:00","date_gmt":"2013-10-22T02:00:00","guid":{"rendered":"https:\/\/www.cnbb.org.br\/regional-sul-3-promove-formacao-sobre-cf-2014\/"},"modified":"2013-10-22T00:00:00","modified_gmt":"2013-10-22T02:00:00","slug":"regional-sul-3-promove-formacao-sobre-cf-2014","status":"publish","type":"post","link":"https:\/\/www.cnbb.org.br\/regional-sul-3-promove-formacao-sobre-cf-2014\/","title":{"rendered":"Regional Sul 3 promove forma\u00e7\u00e3o sobre CF 2014"},"content":{"rendered":"<p style=\"text-align: justify\">A primeira de uma s\u00e9rie de a\u00e7\u00f5es previstas para fomentar a Campanha da Fraternidade 2014 (CF) ser\u00e1 realizada nesta quarta-feira, 23 de outubro, no Regional Sul 3 da CNBB, em Porto Alegre (RS). O semin\u00e1rio \u201cFraternidade e Tr\u00e1fico Humano\u201d ter\u00e1 o apoio do N\u00facleo de Enfrentamento ao Tr\u00e1fico de Pessoas e do Departamento Estadual da Crian\u00e7a e do Adolescente (DECA).<\/p>\n<p>  <!--more-->  <\/p>\n<p style=\"text-align: justify\">Com o lema \u201c\u00c9 para a liberdade que Cristo nos libertou (Gl 5,1)\u201d, a CF 2014 tem como principal objetivo chamar a aten\u00e7\u00e3o da sociedade para o problema do tr\u00e1fico humano, recorrente em todo o pa\u00eds e em diversas modalidades que, n\u00e3o raro, s\u00e3o desconhecidas pela popula\u00e7\u00e3o brasileira. Seja por conta da falta de informa\u00e7\u00e3o sobre a caracteriza\u00e7\u00e3o da pr\u00e1tica criminosa, ou da falta de reconhecimento das pr\u00f3prias v\u00edtimas que, por vezes, n\u00e3o se percebem sob a condi\u00e7\u00e3o de pessoa traficada e\/ou escravizada.<\/p>\n<p style=\"text-align: justify\">Organizador do semin\u00e1rio e respons\u00e1vel pelo Centro de Estudos B\u00edblicos (Cebi\/RS), Edison Costa destaca situa\u00e7\u00f5es de tr\u00e1fico humano mais encontradas no Rio Grande do Sul, como por exemplo: \u201cCasos em que meninas s\u00e3o assediadas para ser modelo e meninos para ser jogador de futebol. A preocupa\u00e7\u00e3o do traficante \u00e9 tirar a pessoa do Brasil. Ent\u00e3o, depois que ele tirou do Brasil, ele faz o que bem quiser\u201d, alerta.<\/p>\n<p style=\"text-align: justify\">Para a coordenadora estadual do N\u00facleo de Enfrentamento ao Tr\u00e1fico de Pessoas, Al\u00e9xia Meurer, h\u00e1 dificuldade de ter dados estat\u00edsticos sobre esse tipo de crime em todo o Brasil. \u201cOu se fala em explora\u00e7\u00e3o sexual ou at\u00e9 se relaciona o tr\u00e1fico para a explora\u00e7\u00e3o do trabalho escravo\u201d, comenta. H\u00e1 tamb\u00e9m o grave problema da falta de den\u00fancias das pessoas que s\u00e3o exploradas, que n\u00e3o se entendem como v\u00edtimas, ou mesmo tem vergonha de admitir ter acreditado em uma falsa proposta de trabalho. H\u00e1 o medo dos criminosos, o que inviabiliza uma estat\u00edstica mais pr\u00f3xima da quantidade real dos casos de tr\u00e1fico humano, explica. <\/p>\n<p><strong>Entenda o que \u00e9 o tr\u00e1fico humano<\/strong><\/p>\n<p style=\"text-align: justify\">O texto-base da CF 2014 lista as principais modalidades que envolvem o crime de tr\u00e1fico de pessoas: o tr\u00e1fico para a explora\u00e7\u00e3o no trabalho; a explora\u00e7\u00e3o sexual; a extra\u00e7\u00e3o de \u00f3rg\u00e3os; e o tr\u00e1fico de crian\u00e7as e adolescentes. A obra remonta ainda \u00e0s ratifica\u00e7\u00f5es do Protocolo Adicional ou Protocolo de Palermo \u2212 como \u00e9 conhecido mundialmente o tratado estabelecido junto \u00e0 Conven\u00e7\u00e3o das Na\u00e7\u00f5es Unidas contra o Crime Organizado Transnacional, realizada em 1999 na It\u00e1lia, e adotado pela Organiza\u00e7\u00e3o das Na\u00e7\u00f5es Unidas (ONU) em 2000, estando em vigor internacionalmente desde 2003.<\/p>\n","protected":false},"excerpt":{"rendered":"<p>A primeira de uma s\u00e9rie de a\u00e7\u00f5es previstas para fomentar a Campanha da Fraternidade 2014 (CF) ser\u00e1 realizada nesta quarta-feira, 23 de outubro, no Regional Sul 3 da CNBB, em Porto Alegre (RS). O semin\u00e1rio \u201cFraternidade e Tr\u00e1fico Humano\u201d ter\u00e1 o apoio do N\u00facleo de Enfrentamento ao Tr\u00e1fico de Pessoas e do Departamento Estadual da &hellip;<\/p>\n<p class=\"read-more\"> <a class=\"\" href=\"https:\/\/www.cnbb.org.br\/regional-sul-3-promove-formacao-sobre-cf-2014\/\"> <span class=\"screen-reader-text\">Regional Sul 3 promove forma\u00e7\u00e3o sobre CF 2014<\/span> Leia mais &raquo;<\/a><\/p>\n","protected":false},"author":83,"featured_media":25990,"comment_status":"open","ping_status":"open","sticky":false,"template":"","format":"standard","meta":{"site-sidebar-layout":"default","site-content-layout":"default","ast-global-header-display":"","ast-banner-title-visibility":"","ast-main-header-display":"","ast-hfb-above-header-display":"","ast-hfb-below-header-display":"","ast-hfb-mobile-header-display":"","site-post-title":"","ast-breadcrumbs-content":"","ast-featured-img":"","footer-sml-layout":"","theme-transparent-header-meta":"","adv-header-id-meta":"","stick-header-meta":"","header-above-stick-meta":"","header-main-stick-meta":"","header-below-stick-meta":""},"categories":[769,790],"tags":[],"acf":[],"_links":{"self":[{"href":"https:\/\/www.cnbb.org.br\/cnbb-app\/wp\/v2\/posts\/25989"}],"collection":[{"href":"https:\/\/www.cnbb.org.br\/cnbb-app\/wp\/v2\/posts"}],"about":[{"href":"https:\/\/www.cnbb.org.br\/cnbb-app\/wp\/v2\/types\/post"}],"author":[{"embeddable":true,"href":"https:\/\/www.cnbb.org.br\/cnbb-app\/wp\/v2\/users\/83"}],"replies":[{"embeddable":true,"href":"https:\/\/www.cnbb.org.br\/cnbb-app\/wp\/v2\/comments?post=25989"}],"version-history":[{"count":0,"href":"https:\/\/www.cnbb.org.br\/cnbb-app\/wp\/v2\/posts\/25989\/revisions"}],"wp:featuredmedia":[{"embeddable":true,"href":"https:\/\/www.cnbb.org.br\/cnbb-app\/wp\/v2\/media\/25990"}],"wp:attachment":[{"href":"https:\/\/www.cnbb.org.br\/cnbb-app\/wp\/v2\/media?parent=25989"}],"wp:term":[{"taxonomy":"category","embeddable":true,"href":"https:\/\/www.cnbb.org.br\/cnbb-app\/wp\/v2\/categories?post=25989"},{"taxonomy":"post_tag","embeddable":true,"href":"https:\/\/www.cnbb.org.br\/cnbb-app\/wp\/v2\/tags?post=25989"}],"curies":[{"name":"wp","href":"https:\/\/api.w.org\/{rel}","templated":true}]}}