{"id":260029,"date":"2021-03-03T13:09:38","date_gmt":"2021-03-03T16:09:38","guid":{"rendered":"https:\/\/www.cnbb.org.br\/?p=260029"},"modified":"2021-03-03T13:10:07","modified_gmt":"2021-03-03T16:10:07","slug":"casa-de-oracao","status":"publish","type":"post","link":"https:\/\/www.cnbb.org.br\/casa-de-oracao\/","title":{"rendered":"Casa de ora\u00e7\u00e3o"},"content":{"rendered":"<p style=\"text-align: right;\"><strong>Dom Alberto Taveira Corr\u00eaa<\/strong><br \/>\n<strong>Arcebispo de Bel\u00e9m do Par\u00e1 (PA)<\/strong><\/p>\n<p style=\"text-align: justify;\"><strong>\u00a0<\/strong><\/p>\n<p style=\"text-align: justify;\">Qual \u00e9 o lugar mais adequado para rezar? A Sagrada Escritura e a vida da Igreja nos abrem horizonte muito amplo para responder a tal pergunta, sem excluir qualquer oportunidade ou espa\u00e7o para o louvor de Deus, a a\u00e7\u00e3o de gra\u00e7as e a ora\u00e7\u00e3o. Sabemos que \u201co Alt\u00edssimo n\u00e3o mora em casa feita por m\u00e3os humanas, conforme diz o profeta: \u2018O c\u00e9u \u00e9 o meu trono, e a terra \u00e9 o apoio dos meus p\u00e9s. Que casa construireis para mim? \u2013 diz o Senhor\u2019\u201d (At 7,48-49). Diante das autoridades, Estev\u00e3o pronuncia um discurso provocante, que o levou ao mart\u00edrio. Jesus, como lemos nos evangelhos (Mt 21,10-17; Mc 11,15-19; Lc 19,45-48; Jo 2,13-25), entra no Templo de Jerusal\u00e9m para purific\u00e1-lo de todas as deturpa\u00e7\u00f5es que se acumularam. Na verdade, ele mesmo \u00e9 o novo lugar de adora\u00e7\u00e3o a Deus, o novo Templo. Dentro do caminho quaresmal que estamos vivendo, \u00e9 hora de acolher todas as li\u00e7\u00f5es que nos s\u00e3o oferecidas pelo Senhor e pela sua Igreja.<\/p>\n<p style=\"text-align: justify;\">Passo a passo, experimentemos a alegria de tais presen\u00e7as de Deus! Comecemos com a consci\u00eancia de que o templo em que Deus habita somos n\u00f3s! A sabedoria do ap\u00f3stolo S\u00e3o Paulo vem em nossa ajuda: \u201cV\u00f3s n\u00e3o viveis segundo a carne, mas segundo o Esp\u00edrito, se realmente o Esp\u00edrito de Deus mora em v\u00f3s\u201d (Rm 8,9). O primeiro e privilegiado lugar em que Deus habita \u00e9 o cora\u00e7\u00e3o de cada pessoa. Respeitar este templo \u00e9 tarefa para uma vida inteira, acolhendo as gra\u00e7as de Deus e empenhando-nos em permanecer em estado de gra\u00e7a. Como somos fr\u00e1geis, temos \u00e0 nossa disposi\u00e7\u00e3o os instrumentos, especialmente a ora\u00e7\u00e3o, a mortifica\u00e7\u00e3o, a caridade e a vida sacramental para recome\u00e7armos continuamente e experimentarmos o crescimento da vida em Deus.<\/p>\n<p style=\"text-align: justify;\">\u00a0\u00a0\u00a0\u00a0\u00a0\u00a0\u00a0\u00a0 Consequ\u00eancia deve ser o respeito profundo pelas outras pessoas, reconhecendo-lhe a dignidade recebida do pr\u00f3prio Deus, n\u00e3o escandalizando a ningu\u00e9m, amando e perdoando a todos, defendendo a vida desde o seio materno, olhando e contribuindo para a dignidade dos irm\u00e3os e irm\u00e3s exclu\u00eddos e mais sofredores. Al\u00e9m disso, faz parte de nossa vida crist\u00e3 empunhar a bandeira dos direitos humanos, sabendo que ningu\u00e9m pode ser exclu\u00eddo ou abandonado. Olhar ao nosso redor servir\u00e1 para verificar o que est\u00e1 ao nosso alcance, a fim de que todos sejam amados e respeitados, estar abertos para valorizar e dialogar com todos, reconhecendo que ningu\u00e9m fica exclu\u00eddo do amor de Deus.<\/p>\n<p style=\"text-align: justify;\">Na caminhada do povo de Deus no Antigo Testamento, passando pela Tenda da Reuni\u00e3o do deserto, pelos muitos altares edificados em mem\u00f3ria da a\u00e7\u00e3o de Deus, at\u00e9 chegar ao Templo de Jerusal\u00e9m, algumas vezes constru\u00eddo e transformado em ru\u00ednas, chegando \u00e0s Sinagogas, lugar de escuta de Deus e de ora\u00e7\u00e3o no dia de s\u00e1bado, como encontramos o pr\u00f3prio Jesus que as frequentou. O Templo que Jesus purifica, com palavras e gestos vigorosos, de um lado era um sinal da grandeza de Deus e de seu povo, mas ao mesmo tempo profanado por um progressivo relaxamento e ritualismo das pr\u00e1ticas religiosas.<\/p>\n<p style=\"text-align: justify;\">Os primeiros crist\u00e3os, mesmo frequentando v\u00e1rias vezes o templo, come\u00e7aram a se reunir de forma diferente. J\u00e1 sabiam, pela palavra do Senhor, que onde dois ou mais estivessem reunidos em nome de Jesus, ele estaria presente! (Cf. Mt 18,20) Unidos, perseveravam na ora\u00e7\u00e3o, na doutrina dos Ap\u00f3stolos, na Comunh\u00e3o dos bens e na Fra\u00e7\u00e3o do P\u00e3o, o primeiro nome da Celebra\u00e7\u00e3o Eucar\u00edstica (Cf. At 2,42-47). E a Igreja come\u00e7a a se reunir nas casas! Uma simp\u00e1tica experi\u00eancia foi vivida com S\u00e3o Paulo, de acordo com a narrativa dos Atos dos Ap\u00f3stolos: \u201cNo primeiro dia da semana, est\u00e1vamos reunidos para a fra\u00e7\u00e3o do p\u00e3o. Paulo, que devia partir no dia seguinte, dirigia a palavra aos fi\u00e9is e prolongou o discurso at\u00e9 a meia-noite. Havia muitas l\u00e2mpadas na sala superior, onde est\u00e1vamos reunidos. Um jovem, chamado \u00cautico, sentado na beira da janela, acabou adormecendo durante o prolongado discurso de Paulo. Vencido finalmente pelo sono, caiu do terceiro andar para baixo. Quando o levantaram, estava morto. Ent\u00e3o Paulo desceu, inclinou-se sobre o jovem e, abra\u00e7ando-o, disse: \u2018N\u00e3o vos preocupeis, ele est\u00e1 vivo\u2019. Depois subiu novamente, partiu o p\u00e3o, comeu e ficou falando at\u00e9 de madrugada, e assim despediu-se\u201d (At 20,7-11). \u00a0\u201cAlguns textos de S\u00e3o Paulo mostram a constitui\u00e7\u00e3o de pequenas comunidades como igrejas dom\u00e9sticas, identificadas pelo Ap\u00f3stolo simplesmente com o termo casa (Cf. por exemplo, Rm 16, 3-5; 1 Cor 16, 19-20; Fl 4, 22)\u201d (Instru\u00e7\u00e3o sobre a Convers\u00e3o Pastoral da Par\u00f3quia, 6). Casa, Palavra, Fra\u00e7\u00e3o do P\u00e3o, a vit\u00f3ria da vida! S\u00e3o sinais da presen\u00e7a do Senhor!<\/p>\n<p style=\"text-align: justify;\">No correr dos s\u00e9culos, foram constru\u00eddas, desde as pequenas capelas rurais de nosso interior, at\u00e9 as grande bas\u00edlicas e catedrais pelo mundo afora. A mesma Missa, o mesmo Senhor presente, a mesma f\u00e9 professada! No Ritual da Dedica\u00e7\u00e3o de uma Igreja, h\u00e1 um bel\u00edssimo pref\u00e1cio, que reza assim: \u201cV\u00f3s criastes todo o universo como um templo de vossa gl\u00f3ria, onde vosso nome \u00e9 exaltado. Mas n\u00e3o recusais reservar para v\u00f3s lugares destinados \u00e0 celebra\u00e7\u00e3o dos mist\u00e9rios divinos. Esta casa de ora\u00e7\u00e3o, constru\u00edda pelo trabalho humano, com alegria consagramos \u00e0 vossa majestade\u201d.<\/p>\n<p style=\"text-align: justify;\">Pois bem, permitamos agora que Jesus venha purificar os muitos espa\u00e7os de sua presen\u00e7a na Igreja. O templo que somos n\u00f3s seja tocado com o verdadeiro chicote de amor de sua palavra neste tempo de Quaresma. Deixemos que todos os recantos de nossa alma sejam iluminados pela luz de Cristo. N\u00e3o fique nenhum \u201cquarto escuro e fechado\u201d em nossa alma. Certamente faremos a magn\u00edfica experi\u00eancia do Sacramento da Penit\u00eancia, para o banho da miseric\u00f3rdia neste tempo.<\/p>\n<p style=\"text-align: justify;\">\u00c9 hora de purificar nossas Comunidades, Capelas, Par\u00f3quias, todos os espa\u00e7os de culto, sendo radicais e corajosos, eliminando todo resqu\u00edcio de poeira, tra\u00e7a ou ferrugem, que s\u00e3o os ci\u00fames, as invejas, a divis\u00e3o, a falta de respeito e amor m\u00fatuo, a competi\u00e7\u00e3o, o pouco cuidado na administra\u00e7\u00e3o.<\/p>\n<p style=\"text-align: justify;\">Acolhamos o ensinamento purificador da Igreja, que pode alcan\u00e7ar de modo especial as nossas Par\u00f3quias e Comunidades: \u201cA convers\u00e3o pastoral \u00e9 um dos temas fundamentais na nova etapa da evangeliza\u00e7\u00e3o\u00a0que a Igreja \u00e9 chamada hoje a promover, para que as comunidades crist\u00e3s se tornem cada vez mais centros propulsores do encontro com Cristo. Por isto, o Santo Padre sugeriu: \u2018Se alguma coisa nos deve santamente inquietar e preocupar a nossa consci\u00eancia \u00e9 que haja tantos irm\u00e3os nossos que vivem sem a for\u00e7a, a luz e a consola\u00e7\u00e3o da amizade com Jesus Cristo, sem uma comunidade de f\u00e9 que os acolha, sem um horizonte de sentido e de vida&#8230; Espero que nos mova o medo de nos encerrarmos nas estruturas que nos d\u00e3o uma falsa prote\u00e7\u00e3o, nas normas que nos transformam em ju\u00edzes implac\u00e1veis, nos h\u00e1bitos em que nos sentimos tranquilos, enquanto l\u00e1 fora h\u00e1 uma multid\u00e3o faminta e Jesus nos repete sem cessar: \u2018Dai-lhes v\u00f3s mesmos de comer\u2019\u201d\u00a0(Mc 6, 37). (Cf. A Convers\u00e3o Pastoral da Comunidade Paroquial, 4).<\/p>\n<p style=\"text-align: justify;\">Enfim, valorizemos as muitas constru\u00e7\u00f5es de igrejas e capelas em nossa Arquidiocese, al\u00e9m do esfor\u00e7o dos sacerdotes e de todo o povo de Deus na adequa\u00e7\u00e3o e cuidado com nossos espa\u00e7os de culto!<\/p>\n","protected":false},"excerpt":{"rendered":"<p>Dom Alberto Taveira Corr\u00eaa Arcebispo de Bel\u00e9m do Par\u00e1 (PA) \u00a0 Qual \u00e9 o lugar mais adequado para rezar? A Sagrada Escritura e a vida da Igreja nos abrem horizonte muito amplo para responder a tal pergunta, sem excluir qualquer oportunidade ou espa\u00e7o para o louvor de Deus, a a\u00e7\u00e3o de gra\u00e7as e a ora\u00e7\u00e3o. &hellip;<\/p>\n<p class=\"read-more\"> <a class=\"\" href=\"https:\/\/www.cnbb.org.br\/casa-de-oracao\/\"> <span class=\"screen-reader-text\">Casa de ora\u00e7\u00e3o<\/span> Leia mais &raquo;<\/a><\/p>\n","protected":false},"author":21,"featured_media":0,"comment_status":"open","ping_status":"open","sticky":false,"template":"","format":"standard","meta":{"site-sidebar-layout":"default","site-content-layout":"default","ast-global-header-display":"","ast-banner-title-visibility":"","ast-main-header-display":"","ast-hfb-above-header-display":"","ast-hfb-below-header-display":"","ast-hfb-mobile-header-display":"","site-post-title":"","ast-breadcrumbs-content":"","ast-featured-img":"","footer-sml-layout":"","theme-transparent-header-meta":"default","adv-header-id-meta":"","stick-header-meta":"","header-above-stick-meta":"","header-main-stick-meta":"","header-below-stick-meta":""},"categories":[758],"tags":[],"acf":[],"_links":{"self":[{"href":"https:\/\/www.cnbb.org.br\/cnbb-app\/wp\/v2\/posts\/260029"}],"collection":[{"href":"https:\/\/www.cnbb.org.br\/cnbb-app\/wp\/v2\/posts"}],"about":[{"href":"https:\/\/www.cnbb.org.br\/cnbb-app\/wp\/v2\/types\/post"}],"author":[{"embeddable":true,"href":"https:\/\/www.cnbb.org.br\/cnbb-app\/wp\/v2\/users\/21"}],"replies":[{"embeddable":true,"href":"https:\/\/www.cnbb.org.br\/cnbb-app\/wp\/v2\/comments?post=260029"}],"version-history":[{"count":0,"href":"https:\/\/www.cnbb.org.br\/cnbb-app\/wp\/v2\/posts\/260029\/revisions"}],"wp:attachment":[{"href":"https:\/\/www.cnbb.org.br\/cnbb-app\/wp\/v2\/media?parent=260029"}],"wp:term":[{"taxonomy":"category","embeddable":true,"href":"https:\/\/www.cnbb.org.br\/cnbb-app\/wp\/v2\/categories?post=260029"},{"taxonomy":"post_tag","embeddable":true,"href":"https:\/\/www.cnbb.org.br\/cnbb-app\/wp\/v2\/tags?post=260029"}],"curies":[{"name":"wp","href":"https:\/\/api.w.org\/{rel}","templated":true}]}}