{"id":260124,"date":"2021-03-05T09:24:59","date_gmt":"2021-03-05T12:24:59","guid":{"rendered":"https:\/\/www.cnbb.org.br\/?p=260124"},"modified":"2021-03-05T17:07:00","modified_gmt":"2021-03-05T20:07:00","slug":"no-iraque-papa-concretiza-em-palavras-e-gestos-o-dialogo-ecumenico-e-inter-religioso-diz-assessor-da-cnbb","status":"publish","type":"post","link":"https:\/\/www.cnbb.org.br\/no-iraque-papa-concretiza-em-palavras-e-gestos-o-dialogo-ecumenico-e-inter-religioso-diz-assessor-da-cnbb\/","title":{"rendered":"&#8220;No Iraque, Papa concretiza em palavras e gestos o di\u00e1logo ecum\u00eanico e inter-religioso&#8221;, diz assessor da CNBB"},"content":{"rendered":"<p style=\"text-align: justify;\">O assessor da Comiss\u00e3o para o Ecumenismo e o Di\u00e1logo Inter-Religioso e subsecret\u00e1rio adjunto de pastoral da Confer\u00eancia Nacional dos Bispos do Brasil (CNBB), padre Marcus Barbosa, comentou o significados religiosos e pol\u00edticos da 33\u00aa viagem internacional do pontificado de Francisco. Ap\u00f3s 15 meses sem realizar viagens, o Papa inicia hoje, 5 de mar\u00e7o, no Iraque uma viagem de tr\u00eas dias, at\u00e9 o dia 8, que prev\u00ea uma agenda de encontros cheia de simbolismos com autoridades e religiosos &#8211; tanto crist\u00e3os quanto mu\u00e7ulmanos.<\/p>\n<p style=\"text-align: justify;\">O Iraque, apesar do seu simbolismo para as religi\u00f5es Abr\u00e2amicas, nunca foi visitado por nenhum Papa. &#8220;\u00c9 a primeira vez que um Papa visita o Iraque, terra de nosso pai, Abra\u00e3o e a terra do profeta Jonas. Chegou o tempo favor\u00e1vel&#8221;, disse padre Marcus.<\/p>\n<p style=\"text-align: justify;\">Segundo o vaticanista Filipe Domingues, doutor pela Pontif\u00edcia Universidade Gregoriana de Roma, o ent\u00e3o Papa Jo\u00e3o Paulo 2\u00ba chegou a cancelar de \u00faltima hora, em 1999, a ida ao pa\u00eds por raz\u00f5es de geopol\u00edtica. Francisco chegou a adiar a viagem duas vezes por conta da pandemia da Covid-19. Nesta semana, ele disse que vai porque n\u00e3o pode decepcionar o povo iraquiano.<\/p>\n<h3>Novos caminhos para a paz<\/h3>\n<p style=\"text-align: justify;\">De acordo com o padre Marcus, esta ser\u00e1 um visita que abrir\u00e1 novos caminhos de di\u00e1logo e de paz. &#8220;Ela assume um significado todo especial pela proximidade, conforto, apoio e incentivo do Santo Padre aos crist\u00e3os e povos marcados por medos e d\u00favidas e que passaram por muitos momentos dif\u00edceis por causa de persegui\u00e7\u00f5es e guerras&#8221;, disse.<\/p>\n<p style=\"text-align: justify;\">A visita do Papa Francisco tem o objetivo de motivar os crist\u00e3os do Iraque a perseverar, resistir e testemunhar com coragem a f\u00e9. De acordo com o Papa Francisco, todos os encontros e celebra\u00e7\u00f5es previstos nessa visita manifestar\u00e3o carinho e est\u00edmulo n\u00e3o s\u00f3 aos crist\u00e3os, mas ao povo iraquiano.<\/p>\n<p style=\"text-align: justify;\">Dados levantados pela funda\u00e7\u00e3o pontif\u00edcia Ajuda \u00e0 Igreja que Sofre (ACN) indicam que a popula\u00e7\u00e3o crist\u00e3 do pa\u00eds caiu de 1,4 milh\u00e3o, em 2003, para menos de 250 mil atualmente.\u00a0\u00a0Os \u00e1rabes representam 85% da popula\u00e7\u00e3o\u00a0 do pa\u00eds e os curdos 10%. Os mu\u00e7ulmanos s\u00e3o 98,5% da popula\u00e7\u00e3o, enquanto os cat\u00f3licos 1,5%.\u00a0O Papa se encontrar\u00e1 com lideran\u00e7as mu\u00e7ulmanas e xiitas, que representam 64% da popula\u00e7\u00e3o iraquiana hoje; os sunitas somam 32%.<\/p>\n<figure id=\"attachment_260126\" aria-describedby=\"caption-attachment-260126\" style=\"width: 354px\" class=\"wp-caption alignleft\"><img decoding=\"async\" loading=\"lazy\" class=\"wp-image-260126 size-full\" src=\"https:\/\/www.cnbb.org.br\/wp-content\/uploads\/2021\/03\/Arte-Papa-Iraque-e1614946889716.jpeg\" alt=\"\" width=\"354\" height=\"421\" srcset=\"https:\/\/www.cnbb.org.br\/wp-content\/uploads\/2021\/03\/Arte-Papa-Iraque-e1614946889716.jpeg 354w, https:\/\/www.cnbb.org.br\/wp-content\/uploads\/2021\/03\/Arte-Papa-Iraque-e1614946889716-252x300.jpeg 252w\" sizes=\"(max-width: 354px) 100vw, 354px\" \/><figcaption id=\"caption-attachment-260126\" class=\"wp-caption-text\">Arte da visita do Papa ao Iraque.<\/figcaption><\/figure>\n<p style=\"text-align: justify;\">Todos esses encontros, de acordo com assessor da Comiss\u00e3o para o Ecumenismo e o Di\u00e1logo Inter-Religioso da CNBB, concretizam em palavras, gestos e a\u00e7\u00f5es o necess\u00e1rio e urgente di\u00e1logo ecum\u00eanico e inter-religioso na constru\u00e7\u00e3o da Fraternidade.<\/p>\n<p style=\"text-align: justify;\">Padre Marcus aponta o di\u00e1logo fraterno entre as diferentes religi\u00f5es como um tema caro em todo pontificado do Papa Francisco. &#8220;Este caminho foi expresso de maneira viva e desafiadora na sua \u00faltima carta enc\u00edclica <a href=\"http:\/\/www.vatican.va\/content\/francesco\/pt\/encyclicals\/documents\/papa-francesco_20201003_enciclica-fratelli-tutti.html\" target=\"_blank\" rel=\"noopener\"><em>Fratelli Tutti<\/em><\/a> sobre a fraternidade e amizade social&#8221;, disse.<\/p>\n<p style=\"text-align: justify;\">O subsecret\u00e1rio adjunto de pastoral da CNBB chama a aten\u00e7\u00e3o para a arte da visita do Papa Francisco que\u00a0 apresenta visualmente o sentido desta viagem apost\u00f3lica. Com o lema da visita: <em>&#8216;Somos todos irm\u00e3os&#8217;<\/em>, extra\u00eddo do Evangelho de Mateus, apresenta o Papa em um gesto de sauda\u00e7\u00e3o ao pa\u00eds, representado no mapa por seus s\u00edmbolos: a palmeira e os rios Tigre e Eufrates; mostra tamb\u00e9m uma pomba branca, com um ramo de oliveira, s\u00edmbolo da paz, em seu bico, voando sobre as bandeiras da Santa S\u00e9 e da Rep\u00fablica do Iraque.<\/p>\n<blockquote>\n<p style=\"text-align: justify;\">&#8220;Todo esse profundo e rico simbolismo d\u00e1 a marca dessa visita onde muros de divis\u00e3o e disc\u00f3rdias ser\u00e3o desconstru\u00eddos e novas pontes de di\u00e1logo e reconcilia\u00e7\u00e3o ser\u00e3o abertas&#8221;, aponta padre Marcus.<\/p>\n<\/blockquote>\n<p style=\"text-align: justify;\">Para o assessor de ecumenismo da CNBB, essa visita \u00e9 um ato muito corajoso que refor\u00e7a a esperan\u00e7a para todos, especialmente nesses momentos de tantas polariza\u00e7\u00f5es e extremismos que estamos vivendo. &#8220;Acalma e alegra o nosso cora\u00e7\u00e3o poder saber que as medidas poss\u00edveis de seguran\u00e7a est\u00e3o sendo tomadas e, principalmente, saber que o povo do Iraque est\u00e1 feliz e entusiasmado e dar\u00e1 ao Santo Padre uma calorosa acolhida, com os cora\u00e7\u00f5es e bra\u00e7os abertos&#8221;.<\/p>\n<p><strong>Acompanhe a agenda do Santo Padre no Iraque:<\/strong><\/p>\n<div class=\"article__text \">\n<p><strong>Sexta-feira, 5 de mar\u00e7o de 2021 &#8211;\u00a0<\/strong><b>ROMA &#8211; BAGD\u00c1<\/b><\/p>\n<p><b>Manh\u00e3<\/b><\/p>\n<p>7:45 Partida de avi\u00e3o de Roma \/ Aeroporto Internacional Fiumicino para Bagd\u00e1:\u00a0<a href=\"https:\/\/www.vaticannews.va\/pt\/papa\/news\/2021-03\/papa-francisco-viagem-apostolica-iraque-aeroporto-fiumicino.html\" target=\"_blank\" rel=\"noopener\">https:\/\/bit.ly\/2OkisGt<\/a><\/p>\n<p><b>Tarde<\/b><\/p>\n<p>11:54 Chegada ao Aeroporto Internacional de Bagd\u00e1<br \/>\n12:00 Acolhida oficial no Aeroporto Internacional de Bagd\u00e1 e encontro com o Primeiro Ministro na sala VIP do Aeroporto Internacional de Bagd\u00e1:\u00a0<a href=\"https:\/\/www.vaticannews.va\/pt\/papa\/news\/2021-03\/papa-francisco-viagem-apostolica-iraque-chegada-bagda.html\" target=\"_blank\" rel=\"noopener\">https:\/\/bit.ly\/2MSVPsq<\/a><br \/>\n13:00 Cerim\u00f4nia oficial de boas-vindas no Pal\u00e1cio Presidencial em Bagd\u00e1\u00a0<b>(Evento com previs\u00e3o de transmiss\u00e3o do Vatican News)<br \/>\n<\/b>13:15 Visita de cortesia ao Presidente da Rep\u00fablica no escrit\u00f3rio privado do Pal\u00e1cio Presidencial em Bagd\u00e1\u00a0<b>(Evento com previs\u00e3o de transmiss\u00e3o do Vatican News)<br \/>\n<\/b>13:45 Encontro com as Autoridades, a Sociedade civil e o Corpo Diplom\u00e1tico no sal\u00e3o do Pal\u00e1cio Presidencial em Bagd\u00e1\u00a0<b>(Evento com previs\u00e3o de transmiss\u00e3o do Vatican News)<br \/>\n<\/b>14:15 Deslocamento para a Catedral s\u00edrio-cat\u00f3lica de Sayudat al-Nejat<br \/>\n14:40 Encontro com os Bispos, Sacerdotes, Religiosos\/as, Seminaristas e Catequistas na Catedral S\u00edrio-Cat\u00f3lica de &#8220;Nossa Senhora da Salva\u00e7\u00e3o&#8221;, em Bagd\u00e1\u00a0<b>(Evento com previs\u00e3o de transmiss\u00e3o do Vatican News)<br \/>\n<\/b>15:40 Deslocamento para a Nunciatura Apost\u00f3lica<\/p>\n<p><strong>S\u00e1bado, 6 de mar\u00e7o de 2021 &#8211;\u00a0<\/strong><b>BAGD\u00c1 &#8211; NAJAF &#8211; UR &#8211; BAGD\u00c1<\/b><\/p>\n<p><b>Manh\u00e3<\/b><\/p>\n<p>5:45 Partida de avi\u00e3o para Najaf<br \/>\n6:30 Chegada ao Aeroporto de Najaf<br \/>\n07:00 Visita de cortesia ao Grande Aiatol\u00e1 Sayyid Ali Al-Husayni Al-Sistani, em Najaf<br \/>\n08:00 Partida de avi\u00e3o para Nassiriya<br \/>\n08:50 Chegada no aeroporto de Nassiriya<br \/>\n09:10 Encontro Inter-religioso na Plan\u00edcie de Ur\u00a0<b>(Evento com previs\u00e3o de transmiss\u00e3o do Vatican News)<br \/>\n<\/b>10:30 Partida de avi\u00e3o para Bagd\u00e1<br \/>\n11:20 Chegada ao Aeroporto Internacional de Bagd\u00e1<\/p>\n<p><b>Tarde<\/b><\/p>\n<p>15:30 Deslocamento da Nunciatura Apost\u00f3lica para a Catedral caldeia<br \/>\n16:00 Santa Missa na Catedral caldeia de S\u00e3o Jos\u00e9, em Bagd\u00e1\u00a0<b>(Evento com previs\u00e3o de transmiss\u00e3o do Vatican News)<\/b><\/p>\n<p><strong>Domingo, 7 de mar\u00e7o de 2021 &#8211;\u00a0<\/strong><b>BAGD\u00c1 &#8211; ERBIL &#8211; MOSUL &#8211; QARAQOSH &#8211; ERBIL &#8211; BAGD\u00c1<\/b><\/p>\n<p><b>Manh\u00e3<\/b><\/p>\n<p>5:15 Partida de avi\u00e3o para Erbil<br \/>\n6:20 Chegada ao aeroporto de Erbil<br \/>\n6:20 Acolhida pelo Presidente da Regi\u00e3o Aut\u00f4noma do Curdist\u00e3o Iraquiano e Autoridades Religiosas e Civis da Regi\u00e3o, no Aeroporto de Erbil<br \/>\n6:30 Encontro com o Presidente e o Primeiro Ministro da Regi\u00e3o Aut\u00f4noma, na Sala VIP Presidencial do Aeroporto de Erbil<br \/>\n07:00 Partida de helic\u00f3ptero para Mosul<br \/>\n07:35 Chegada ao campo de pouso de Mosul<br \/>\n08:00 Ora\u00e7\u00e3o de sufr\u00e1gio pelas V\u00edtimas da guerra, na Hosh al-Bieaa (Pra\u00e7a da Igreja) em Mosul\u00a0<b>(Evento com previs\u00e3o de transmiss\u00e3o do Vatican News)<br \/>\n<\/b>08:55 Partida de helic\u00f3ptero para Qaraqosh<br \/>\n09:10 Chegada ao campo de pouso de Qaraqosh<br \/>\n09:30 Visita \u00e0 Comunidade de Qaraqosh na Igreja da \u201cImaculada Concei\u00e7\u00e3o\u201d em Qaraqosh\u00a0<b>(Evento com previs\u00e3o de transmiss\u00e3o do Vatican News)<br \/>\n<\/b>10:15 Transfer\u00eancia para Erbil<\/p>\n<p><b>Tarde<\/b><\/p>\n<p>13:30 Chegada no Est\u00e1dio &#8220;Franso Hariri&#8221; &#8211; Papa passa entre os fi\u00e9is\u00a0<b>(Evento com previs\u00e3o de transmiss\u00e3o do Vatican News)<br \/>\n<\/b>14:00 Santa Missa no Est\u00e1dio \u201cFranso Hariri\u201d em Erbil<br \/>\n15:45 Deslocamento para o Aeroporto de Erbil<br \/>\n16:10 Partida de avi\u00e3o para Bagd\u00e1<br \/>\n17:15 Chegada ao Aeroporto Internacional de Bagd\u00e1<\/p>\n<p><strong>Segunda-feira, 8 de mar\u00e7o de 2021 &#8211; <\/strong><b>BAGD\u00c1 &#8211; ROMA<\/b><\/p>\n<p>07:20 Cerim\u00f4nia de despedida no Aeroporto Internacional de Bagd\u00e1\u00a0<b>(Evento com previs\u00e3o de transmiss\u00e3o do Vatican News)<br \/>\n<\/b>07:40 Partida de avi\u00e3o para Roma<br \/>\n12:55 Chegada ao Aeroporto Internacional de Roma\/Ciampino<\/p>\n<pre>Com informa\u00e7\u00f5es do <a href=\"https:\/\/www.vaticannews.va\/pt.html\" target=\"_blank\" rel=\"noopener\">Vatican News<\/a><\/pre>\n<\/div>\n<div id=\"banner-donazioni\" class=\"article_banner\"><\/div>\n<p>&nbsp;<\/p>\n","protected":false},"excerpt":{"rendered":"<p>Papa animar\u00e1 cat\u00f3licos e crist\u00e3os a permanecerem firmes na f\u00e9 e tamb\u00e9m buscar\u00e1 uma aproxima\u00e7\u00e3o fraterna com l\u00edderes de outras religi\u00f5es. &#8220;Viagem \u00e9 marcada por um profundo simbolismo onde muros de divis\u00e3o e disc\u00f3rdias ser\u00e3o desconstru\u00eddos e novas pontes de di\u00e1logo e reconcilia\u00e7\u00e3o ser\u00e3o abertas&#8221;, disse padre Marcus Barbosa. Saiba qual \u00e9 a agenda da visita <\/p>\n","protected":false},"author":83,"featured_media":260125,"comment_status":"open","ping_status":"open","sticky":false,"template":"","format":"standard","meta":{"site-sidebar-layout":"default","site-content-layout":"default","ast-global-header-display":"","ast-banner-title-visibility":"","ast-main-header-display":"","ast-hfb-above-header-display":"","ast-hfb-below-header-display":"","ast-hfb-mobile-header-display":"","site-post-title":"","ast-breadcrumbs-content":"","ast-featured-img":"","footer-sml-layout":"","theme-transparent-header-meta":"default","adv-header-id-meta":"","stick-header-meta":"","header-above-stick-meta":"","header-main-stick-meta":"","header-below-stick-meta":""},"categories":[50,784],"tags":[3450,2817],"acf":[],"_links":{"self":[{"href":"https:\/\/www.cnbb.org.br\/cnbb-app\/wp\/v2\/posts\/260124"}],"collection":[{"href":"https:\/\/www.cnbb.org.br\/cnbb-app\/wp\/v2\/posts"}],"about":[{"href":"https:\/\/www.cnbb.org.br\/cnbb-app\/wp\/v2\/types\/post"}],"author":[{"embeddable":true,"href":"https:\/\/www.cnbb.org.br\/cnbb-app\/wp\/v2\/users\/83"}],"replies":[{"embeddable":true,"href":"https:\/\/www.cnbb.org.br\/cnbb-app\/wp\/v2\/comments?post=260124"}],"version-history":[{"count":0,"href":"https:\/\/www.cnbb.org.br\/cnbb-app\/wp\/v2\/posts\/260124\/revisions"}],"wp:featuredmedia":[{"embeddable":true,"href":"https:\/\/www.cnbb.org.br\/cnbb-app\/wp\/v2\/media\/260125"}],"wp:attachment":[{"href":"https:\/\/www.cnbb.org.br\/cnbb-app\/wp\/v2\/media?parent=260124"}],"wp:term":[{"taxonomy":"category","embeddable":true,"href":"https:\/\/www.cnbb.org.br\/cnbb-app\/wp\/v2\/categories?post=260124"},{"taxonomy":"post_tag","embeddable":true,"href":"https:\/\/www.cnbb.org.br\/cnbb-app\/wp\/v2\/tags?post=260124"}],"curies":[{"name":"wp","href":"https:\/\/api.w.org\/{rel}","templated":true}]}}