{"id":260240,"date":"2021-03-08T15:19:36","date_gmt":"2021-03-08T18:19:36","guid":{"rendered":"https:\/\/www.cnbb.org.br\/?p=260240"},"modified":"2021-03-08T15:20:16","modified_gmt":"2021-03-08T18:20:16","slug":"em-comunhao-com-o-papa-francisco-no-iraque","status":"publish","type":"post","link":"https:\/\/www.cnbb.org.br\/em-comunhao-com-o-papa-francisco-no-iraque\/","title":{"rendered":"Em comunh\u00e3o com o Papa Francisco no Iraque"},"content":{"rendered":"<p style=\"text-align: right;\"><strong>Dom Gil Ant\u00f4nio Moreira<br \/>\nArcebispo de Juiz de Fora (MG)<\/strong><\/p>\n<p style=\"text-align: justify;\">Terminou a hist\u00f3rica visita do Sucessor de Pedro ao Iraque. Foi a primeira vez que um Papa visitou aquela terra t\u00e3o querida e importante para as tr\u00eas religi\u00f5es monote\u00edstas: o Juda\u00edsmo, o Cristianismo e o Islamismo. \u00c9 a terra de Abra\u00e3o, nosso pai na f\u00e9. \u00c9 a antiga Mesopot\u00e2mia, onde se passaram os fatos mais antigos narrados pela B\u00edblia. S\u00e3o Jo\u00e3o Paulo II, em 1999, desejou ir, tudo estava preparado, por\u00e9m teve que renunciar \u00e0 viagem, por causa de situa\u00e7\u00f5es pol\u00edticas da \u00e9poca.<\/p>\n<p style=\"text-align: justify;\">Papa Francisco, superando v\u00e1rios desafios e perigos, l\u00e1 ficou por quatro dias. Esse foi um gesto de grande import\u00e2ncia para o mundo, pois foi como peregrino da paz e da penit\u00eancia, como ele mesmo afirmou, para tentar vencer as guerras, os conflitos entre ra\u00e7as e etnias, as viol\u00eancias, inclusive por fanatismos religiosos. Seus encontros com a pequena comunidade de crist\u00e3os, entre os quais est\u00e3o os cat\u00f3licos, com certeza deram for\u00e7a para nossos irm\u00e3os que ali vivem em situa\u00e7\u00e3o t\u00e3o dif\u00edcil.<\/p>\n<p style=\"text-align: justify;\">O Papa, contudo, n\u00e3o foi ao Iraque apenas para encontrar os crist\u00e3os, mas a todos de outros credos, pronto ao di\u00e1logo inter-religioso, em busca da paz mundial e do respeito pela dignidade da pessoa humana, pronto a unir-se com aqueles, que mesmo professando religi\u00f5es diferentes, t\u00eam muito em comum a respeito dos valores b\u00e1sicos da conviv\u00eancia humana. Sem d\u00favidas ele foi bem acolhido e a Igreja, respeitada. No itiner\u00e1rio quaresmal, rumo \u00e0 Pascoa, esta viagem apost\u00f3lica foi para n\u00f3s forte experi\u00eancia de amor ao pr\u00f3ximo, de real fraternidade e de aprimoramento da nossa f\u00e9 e de nosso amor a Deus. A viagem do Papa \u00e0 terra de Abra\u00e3o, de Isaac e Jac\u00f3, foi revestida de Ora\u00e7\u00e3o, Penit\u00eancia e Caridade fraterna.<\/p>\n<p style=\"text-align: justify;\">Por isso, convidei o Exmo. Sheik Hosni Youssef, residente em Juiz de Fora, l\u00edder da pequena comunidade mul\u00e7umana que aqui vive, para rezar conosco nesse Terceiro Domingo da Quaresma, em uni\u00e3o com o Papa Francisco e os l\u00edderes religiosos do Isl\u00e3, presentes na terra de Abra\u00e3o, o Iraque. Na Catedral Metropolitana, rezamos nas mesmas inten\u00e7\u00f5es que o Papa Francisco tem no cora\u00e7\u00e3o, que \u00e9 justamente a paz mundial, o di\u00e1logo fraterno entre todos aqueles que amam a Deus.<\/p>\n<p style=\"text-align: justify;\">Logo que aqui chegou, em fevereiro de 2019, Sheik Hosni me fez uma visita, com o mesmo esp\u00edrito do Papa Francisco, de di\u00e1logo, de busca da fraternidade. Cremos no mesmo Deus, \u00fanico e verdadeiro; as diferen\u00e7as que h\u00e1 no comportamento lit\u00fargico ou doutrinal s\u00e3o menores do que aquelas coisas que nos unem, que \u00e9 o amor a Deus, o amor ao pr\u00f3ximo, a busca da fraternidade, da paz, da justi\u00e7a, do amor.<\/p>\n<p>&nbsp;<\/p>\n<p>&nbsp;<\/p>\n","protected":false},"excerpt":{"rendered":"<p>Dom Gil Ant\u00f4nio Moreira Arcebispo de Juiz de Fora (MG) Terminou a hist\u00f3rica visita do Sucessor de Pedro ao Iraque. Foi a primeira vez que um Papa visitou aquela terra t\u00e3o querida e importante para as tr\u00eas religi\u00f5es monote\u00edstas: o Juda\u00edsmo, o Cristianismo e o Islamismo. \u00c9 a terra de Abra\u00e3o, nosso pai na f\u00e9. &hellip;<\/p>\n<p class=\"read-more\"> <a class=\"\" href=\"https:\/\/www.cnbb.org.br\/em-comunhao-com-o-papa-francisco-no-iraque\/\"> <span class=\"screen-reader-text\">Em comunh\u00e3o com o Papa Francisco no Iraque<\/span> Leia mais &raquo;<\/a><\/p>\n","protected":false},"author":12,"featured_media":0,"comment_status":"open","ping_status":"open","sticky":false,"template":"","format":"standard","meta":{"site-sidebar-layout":"default","site-content-layout":"default","ast-global-header-display":"","ast-banner-title-visibility":"","ast-main-header-display":"","ast-hfb-above-header-display":"","ast-hfb-below-header-display":"","ast-hfb-mobile-header-display":"","site-post-title":"","ast-breadcrumbs-content":"","ast-featured-img":"","footer-sml-layout":"","theme-transparent-header-meta":"default","adv-header-id-meta":"","stick-header-meta":"","header-above-stick-meta":"","header-main-stick-meta":"","header-below-stick-meta":""},"categories":[758],"tags":[],"acf":[],"_links":{"self":[{"href":"https:\/\/www.cnbb.org.br\/cnbb-app\/wp\/v2\/posts\/260240"}],"collection":[{"href":"https:\/\/www.cnbb.org.br\/cnbb-app\/wp\/v2\/posts"}],"about":[{"href":"https:\/\/www.cnbb.org.br\/cnbb-app\/wp\/v2\/types\/post"}],"author":[{"embeddable":true,"href":"https:\/\/www.cnbb.org.br\/cnbb-app\/wp\/v2\/users\/12"}],"replies":[{"embeddable":true,"href":"https:\/\/www.cnbb.org.br\/cnbb-app\/wp\/v2\/comments?post=260240"}],"version-history":[{"count":0,"href":"https:\/\/www.cnbb.org.br\/cnbb-app\/wp\/v2\/posts\/260240\/revisions"}],"wp:attachment":[{"href":"https:\/\/www.cnbb.org.br\/cnbb-app\/wp\/v2\/media?parent=260240"}],"wp:term":[{"taxonomy":"category","embeddable":true,"href":"https:\/\/www.cnbb.org.br\/cnbb-app\/wp\/v2\/categories?post=260240"},{"taxonomy":"post_tag","embeddable":true,"href":"https:\/\/www.cnbb.org.br\/cnbb-app\/wp\/v2\/tags?post=260240"}],"curies":[{"name":"wp","href":"https:\/\/api.w.org\/{rel}","templated":true}]}}