{"id":26025,"date":"2015-01-27T00:00:00","date_gmt":"2015-01-27T02:00:00","guid":{"rendered":"https:\/\/www.cnbb.org.br\/arquidiocese-de-pelotas-convida-para-a-84-festa-de-nossa-senhora-dos-navegantes\/"},"modified":"2015-01-27T00:00:00","modified_gmt":"2015-01-27T02:00:00","slug":"arquidiocese-de-pelotas-convida-para-a-84-festa-de-nossa-senhora-dos-navegantes","status":"publish","type":"post","link":"https:\/\/www.cnbb.org.br\/arquidiocese-de-pelotas-convida-para-a-84-festa-de-nossa-senhora-dos-navegantes\/","title":{"rendered":"Arquidiocese de Pelotas convida para a 84\u00aa Festa de Nossa Senhora dos Navegantes"},"content":{"rendered":"<p style=\"text-align: justify\"><span style=\"font-size: 12.1599998474121px;line-height: 1.3em\">Com o tema inspirado na Campanha da Fraternidade de 2015, \u201cCom Nossa Senhora dos Navegantes a Servi\u00e7o da Vida\u201d, a arquidiocese de Pelotas (RS) convida todos para a 84\u00aa Festa de Nossa Senhora dos Navegantes, que ser\u00e1 realizada na Comunidade Z3.<\/span><\/p>\n<p><!--more--><\/p>\n<p style=\"text-align: justify\">\n<p style=\"text-align: justify\">As comemora\u00e7\u00f5es t\u00eam in\u00edcio no dia 29 de janeiro, quinta-feira, com come\u00e7o do tr\u00edduo preparat\u00f3rio. Nos dias 1\u00ba e 2 de fevereiro, haver\u00e1 prociss\u00e3o luminosa. Na manh\u00e3 do dia 2, dia de Nossa Senhora dos Navegantes, uma prociss\u00e3o motorizada seguir\u00e1 do Porto at\u00e9 a Z3, acompanhando a imagem da padroeira dos pescadores. Pela tarde, a tradicional prociss\u00e3o pelas \u00e1guas levar\u00e1 a imagem de volta \u00e0 cidade, onde acontecer\u00e1 o encerramento da festa, com missa celebrada no Cais do Porto.<\/p>\n<p style=\"text-align: justify\">Al\u00e9m da arquidiocese de Pelotas, s\u00e3o respons\u00e1veis pela organiza\u00e7\u00e3o do evento as comunidades Nossa Senhora dos Navegantes e Sagrado Cora\u00e7\u00e3o de Jesus, com o apoio da prefeitura municipal de Pelotas.<\/p>\n<p style=\"text-align: justify\"><span style=\"font-size: xx-small\"><em><strong>Com informa\u00e7\u00f5es da arquidiocese de Pelotas<\/strong> <\/em><\/span><\/p>\n<p>&nbsp;<\/p>\n","protected":false},"excerpt":{"rendered":"<p>Com o tema inspirado na Campanha da Fraternidade de 2015, \u201cCom Nossa Senhora dos Navegantes a Servi\u00e7o da Vida\u201d, a arquidiocese de Pelotas (RS) convida todos para a 84\u00aa Festa de Nossa Senhora dos Navegantes, que ser\u00e1 realizada na Comunidade Z3.<\/p>\n","protected":false},"author":83,"featured_media":26026,"comment_status":"open","ping_status":"open","sticky":false,"template":"","format":"standard","meta":{"site-sidebar-layout":"default","site-content-layout":"default","ast-global-header-display":"","ast-banner-title-visibility":"","ast-main-header-display":"","ast-hfb-above-header-display":"","ast-hfb-below-header-display":"","ast-hfb-mobile-header-display":"","site-post-title":"","ast-breadcrumbs-content":"","ast-featured-img":"","footer-sml-layout":"","theme-transparent-header-meta":"","adv-header-id-meta":"","stick-header-meta":"","header-above-stick-meta":"","header-main-stick-meta":"","header-below-stick-meta":""},"categories":[769,790],"tags":[],"acf":[],"_links":{"self":[{"href":"https:\/\/www.cnbb.org.br\/cnbb-app\/wp\/v2\/posts\/26025"}],"collection":[{"href":"https:\/\/www.cnbb.org.br\/cnbb-app\/wp\/v2\/posts"}],"about":[{"href":"https:\/\/www.cnbb.org.br\/cnbb-app\/wp\/v2\/types\/post"}],"author":[{"embeddable":true,"href":"https:\/\/www.cnbb.org.br\/cnbb-app\/wp\/v2\/users\/83"}],"replies":[{"embeddable":true,"href":"https:\/\/www.cnbb.org.br\/cnbb-app\/wp\/v2\/comments?post=26025"}],"version-history":[{"count":0,"href":"https:\/\/www.cnbb.org.br\/cnbb-app\/wp\/v2\/posts\/26025\/revisions"}],"wp:featuredmedia":[{"embeddable":true,"href":"https:\/\/www.cnbb.org.br\/cnbb-app\/wp\/v2\/media\/26026"}],"wp:attachment":[{"href":"https:\/\/www.cnbb.org.br\/cnbb-app\/wp\/v2\/media?parent=26025"}],"wp:term":[{"taxonomy":"category","embeddable":true,"href":"https:\/\/www.cnbb.org.br\/cnbb-app\/wp\/v2\/categories?post=26025"},{"taxonomy":"post_tag","embeddable":true,"href":"https:\/\/www.cnbb.org.br\/cnbb-app\/wp\/v2\/tags?post=26025"}],"curies":[{"name":"wp","href":"https:\/\/api.w.org\/{rel}","templated":true}]}}