{"id":260281,"date":"2021-03-09T16:29:20","date_gmt":"2021-03-09T19:29:20","guid":{"rendered":"https:\/\/www.cnbb.org.br\/?p=260281"},"modified":"2021-03-10T19:07:27","modified_gmt":"2021-03-10T22:07:27","slug":"estao-abertas-as-inscricoes-para-o-ii-seminario-sanando-as-proprias-feridas-que-acontece-de-8-a-10-de-abril","status":"publish","type":"post","link":"https:\/\/www.cnbb.org.br\/estao-abertas-as-inscricoes-para-o-ii-seminario-sanando-as-proprias-feridas-que-acontece-de-8-a-10-de-abril\/","title":{"rendered":"Est\u00e3o abertas as inscri\u00e7\u00f5es para o II Semin\u00e1rio Sanando as pr\u00f3prias feridas, que acontece de 8 a 10 de abril"},"content":{"rendered":"<p style=\"text-align: justify;\">J\u00e1 est\u00e3o abertas as inscri\u00e7\u00f5es para o II Semin\u00e1rio Sanando as pr\u00f3prias feridas promovido pela Comiss\u00e3o Especial de Prote\u00e7\u00e3o da Crian\u00e7a e do Adolescente da Confer\u00eancia Nacional dos Bispos do Brasil (CNBB), a Confer\u00eancia dos Religiosos do Brasil (CRB) e o N\u00facleo Lux Mundi.<\/p>\n<p style=\"text-align: justify;\">O semin\u00e1rio vai acontecer de 8 a 10 de abril totalmente online. Esta edi\u00e7\u00e3o vai aprofundar o pedido de convers\u00e3o e promo\u00e7\u00e3o de a\u00e7\u00f5es concretas, expresso na Carta Apost\u00f3lica \u201cVos Estis Lux Mundi\u201d, do Papa Francisco, com \u00eanfase em tr\u00eas t\u00f3picos:<\/p>\n<ul>\n<li style=\"text-align: justify;\">Escuta e cuidado das v\u00edtimas no seu aspecto pastoral e espiritual, visando \u00e0 cura das feridas e a reconcilia\u00e7\u00e3o;<\/li>\n<li style=\"text-align: justify;\">\u00a0Enfrentamento de casos de den\u00fancias e seus aspectos jur\u00eddico e can\u00f4nico;<\/li>\n<li style=\"text-align: justify;\">Orienta\u00e7\u00e3o na elabora\u00e7\u00e3o de Diretrizes para a prote\u00e7\u00e3o da crian\u00e7a, do adolescente e da pessoa em vulnerabilidade na Igreja do Brasil.<\/li>\n<\/ul>\n<p><img decoding=\"async\" loading=\"lazy\" class=\" wp-image-260283 alignleft\" style=\"text-align: justify;\" src=\"https:\/\/www.cnbb.org.br\/wp-content\/uploads\/2021\/03\/Carta-apost\u00f3lica.jpg\" alt=\"\" width=\"165\" height=\"254\" srcset=\"https:\/\/www.cnbb.org.br\/wp-content\/uploads\/2021\/03\/Carta-apost\u00f3lica.jpg 227w, https:\/\/www.cnbb.org.br\/wp-content\/uploads\/2021\/03\/Carta-apost\u00f3lica-195x300.png 195w\" sizes=\"(max-width: 165px) 100vw, 165px\" \/><\/p>\n<p style=\"text-align: justify;\">De acordo com a m\u00e9dica pediatra e presidente do N\u00facleo Lux Mundi, Eliane De Carli, &#8220;O semin\u00e1rio tem como proposta tratar quest\u00f5es relacionadas ao Moto Pr\u00f3prio \u201cVos Estis Lux Mundi\u201d, na perspectiva paradigm\u00e1tica da preven\u00e7\u00e3o da viol\u00eancia sexual em face de crian\u00e7as, adolescentes e pessoas vulner\u00e1veis e de ambientes seguros no \u00e2mbito da Igreja no Brasil&#8221;, destaca.<\/p>\n<p style=\"text-align: justify;\">O semin\u00e1rio vai contar com a presen\u00e7a de professores brasileiros e de um Grupo de Trabalho da \u201cPontif\u00edcia Comiss\u00e3o de Prote\u00e7\u00e3o do Menor\u201d, sediada em Roma.<\/p>\n<p>&nbsp;<\/p>\n<ul>\n<li>Arcebispo de Boston e presidente da Comiss\u00e3o Pontif\u00edcia para a Tutela dos Menores, cardeal Sean Patrick O&#8217;Malley<\/li>\n<li>Bispo auxiliar de Bras\u00edlia (DF), dom Jos\u00e9 Aparecido Gon\u00e7alves<\/li>\n<li>Teresa Kettelkamp (USA)<\/li>\n<li>Professora doutora Josiane Rose Petry Veronese<\/li>\n<li>Consultor jur\u00eddico da CNBB, Frei Evaldo Xavier Gomes<\/li>\n<li>Padre Hans Zollner (Alemanha)<\/li>\n<\/ul>\n<p>Em 2019, a primeira edi\u00e7\u00e3o do simp\u00f3sio aprofundou, com Padre Hans Zollner, quest\u00f5es relacionadas \u00e0 viol\u00eancia sexual em face de crian\u00e7as e adolescentes cometidos por membros da Igreja e suas repercuss\u00f5es.<\/p>\n<p style=\"text-align: justify;\">A inscri\u00e7\u00e3o custa R$ 50,00 e os interessados podem fazer a inscri\u00e7\u00e3o pelo link: <\/p>\n","protected":false},"excerpt":{"rendered":"<p>O encontro, organizado pela Comiss\u00e3o Especial de Prote\u00e7\u00e3o da Crian\u00e7a e do Adolescente da CNBB, a Confer\u00eancia dos Religiosos do Brasil (CRB) e o N\u00facleo Lux Mundi vai aprofundar o pedido de convers\u00e3o e promo\u00e7\u00e3o de a\u00e7\u00f5es concretas, expresso na Carta Apost\u00f3lica \u201cVos Estis Lux Mundi\u201d<\/p>\n","protected":false},"author":83,"featured_media":260285,"comment_status":"open","ping_status":"open","sticky":false,"template":"","format":"standard","meta":{"site-sidebar-layout":"default","site-content-layout":"default","ast-global-header-display":"","ast-banner-title-visibility":"","ast-main-header-display":"","ast-hfb-above-header-display":"","ast-hfb-below-header-display":"","ast-hfb-mobile-header-display":"","site-post-title":"","ast-breadcrumbs-content":"","ast-featured-img":"","footer-sml-layout":"","theme-transparent-header-meta":"default","adv-header-id-meta":"","stick-header-meta":"","header-above-stick-meta":"","header-main-stick-meta":"","header-below-stick-meta":""},"categories":[50,1833],"tags":[3455,3034,3456],"acf":[],"_links":{"self":[{"href":"https:\/\/www.cnbb.org.br\/cnbb-app\/wp\/v2\/posts\/260281"}],"collection":[{"href":"https:\/\/www.cnbb.org.br\/cnbb-app\/wp\/v2\/posts"}],"about":[{"href":"https:\/\/www.cnbb.org.br\/cnbb-app\/wp\/v2\/types\/post"}],"author":[{"embeddable":true,"href":"https:\/\/www.cnbb.org.br\/cnbb-app\/wp\/v2\/users\/83"}],"replies":[{"embeddable":true,"href":"https:\/\/www.cnbb.org.br\/cnbb-app\/wp\/v2\/comments?post=260281"}],"version-history":[{"count":0,"href":"https:\/\/www.cnbb.org.br\/cnbb-app\/wp\/v2\/posts\/260281\/revisions"}],"wp:featuredmedia":[{"embeddable":true,"href":"https:\/\/www.cnbb.org.br\/cnbb-app\/wp\/v2\/media\/260285"}],"wp:attachment":[{"href":"https:\/\/www.cnbb.org.br\/cnbb-app\/wp\/v2\/media?parent=260281"}],"wp:term":[{"taxonomy":"category","embeddable":true,"href":"https:\/\/www.cnbb.org.br\/cnbb-app\/wp\/v2\/categories?post=260281"},{"taxonomy":"post_tag","embeddable":true,"href":"https:\/\/www.cnbb.org.br\/cnbb-app\/wp\/v2\/tags?post=260281"}],"curies":[{"name":"wp","href":"https:\/\/api.w.org\/{rel}","templated":true}]}}