{"id":260402,"date":"2021-03-11T14:54:03","date_gmt":"2021-03-11T17:54:03","guid":{"rendered":"https:\/\/www.cnbb.org.br\/?p=260402"},"modified":"2021-03-11T14:56:22","modified_gmt":"2021-03-11T17:56:22","slug":"conferencia-dos-religiosos-do-brasil-crb-convoca-momento-de-oracao-solidaria-pelo-brasil","status":"publish","type":"post","link":"https:\/\/www.cnbb.org.br\/conferencia-dos-religiosos-do-brasil-crb-convoca-momento-de-oracao-solidaria-pelo-brasil\/","title":{"rendered":"Confer\u00eancia dos Religiosos do Brasil (CRB) convoca momento de Ora\u00e7\u00e3o Solid\u00e1ria pelo Brasil"},"content":{"rendered":"<p style=\"text-align: justify;\">A Confer\u00eancia dos Religiosos do Brasil (CRB) iniciou, nesta quarta-feira, 10 de mar\u00e7o, o projeto de uni\u00e3o e solidariedade, que prop\u00f5e um momento de Ora\u00e7\u00e3o Solid\u00e1ria junto com toda a Igreja do Brasil. A proposta \u00e9 que todas as comunidades, consagrados e consagradas, rezem a novena de S\u00e3o Jos\u00e9, at\u00e9 o dia 19 de mar\u00e7o \u2013 data em que se celebra a festa do esposo da Virgem Maria.<\/p>\n<p style=\"text-align: justify;\"><img decoding=\"async\" loading=\"lazy\" class=\" wp-image-259714 alignleft\" src=\"https:\/\/www.cnbb.org.br\/wp-content\/uploads\/2021\/02\/novena-sao-jose-capa.jpg\" alt=\"\" width=\"341\" height=\"192\" srcset=\"https:\/\/www.cnbb.org.br\/wp-content\/uploads\/2021\/02\/novena-sao-jose-capa.jpg 750w, https:\/\/www.cnbb.org.br\/wp-content\/uploads\/2021\/02\/novena-sao-jose-capa-300x169.jpg 300w, https:\/\/www.cnbb.org.br\/wp-content\/uploads\/2021\/02\/novena-sao-jose-capa-500x281.jpg 500w\" sizes=\"(max-width: 341px) 100vw, 341px\" \/>A CRB estimula o uso, no momento de Ora\u00e7\u00e3o Solid\u00e1ria, da \u201cNovena de S\u00e3o Jos\u00e9, Padroeiro Universal da Igreja\u201d, publicada pela Edi\u00e7\u00f5es CNBB. O subs\u00eddio, em forma orante, convida as fam\u00edlias e as pequenas comunidades a olharem para Jos\u00e9 e com ele contemplarem o mist\u00e9rio de Deus em Maria e no Verbo encarnado.<\/p>\n<p style=\"text-align: justify;\">A iniciativa da CRB Nacional partiu de sua presidente, irm\u00e3 Maria In\u00eas Ribeiro, diante da imagem que circulou pelo mundo na internet no domingo, 28 de fevereiro, da freira Ann Nu Thawng ajoelhada em frente \u00e0 uma coluna de policiais durante um protesto contra o golpe militar dado em Myanmar.<\/p>\n<figure id=\"attachment_259673\" aria-describedby=\"caption-attachment-259673\" style=\"width: 405px\" class=\"wp-caption alignright\"><img decoding=\"async\" loading=\"lazy\" class=\"wp-image-259673\" src=\"https:\/\/www.cnbb.org.br\/wp-content\/uploads\/2021\/02\/Sem-t\u00edtulo-3.jpg\" alt=\"\" width=\"405\" height=\"227\" srcset=\"https:\/\/www.cnbb.org.br\/wp-content\/uploads\/2021\/02\/Sem-t\u00edtulo-3.jpg 761w, https:\/\/www.cnbb.org.br\/wp-content\/uploads\/2021\/02\/Sem-t\u00edtulo-3-300x168.jpg 300w, https:\/\/www.cnbb.org.br\/wp-content\/uploads\/2021\/02\/Sem-t\u00edtulo-3-500x281.jpg 500w\" sizes=\"(max-width: 405px) 100vw, 405px\" \/><figcaption id=\"caption-attachment-259673\" class=\"wp-caption-text\"><em>Reprodu\u00e7\u00e3o<\/em><\/figcaption><\/figure>\n<p style=\"text-align: justify;\">Diante dessa realidade, a irm\u00e3 Maria In\u00eas Ribeiro, convida a todas as comunidades a se organizarem para juntos e juntas rezarem a novena de S\u00e3o Jos\u00e9.<\/p>\n<p style=\"text-align: justify;\"><em>\u201cN\u00f3s queremos nos unir no momento orante e na solidariedade porque n\u00e3o podemos cansar. N\u00e3o podemos cansar diante de quase duas mil mortes por dia. N\u00e3o podemos cansar e queremos orar com profundidade, com coragem diante dos desafios, sermos profetas da esperan\u00e7a, profetas da ora\u00e7\u00e3o, profetas da solidariedade\u201d<\/em>, destacou.<\/p>\n<h3>Ano de S\u00e3o Jos\u00e9<\/h3>\n<p style=\"text-align: justify;\">Para celebrar os 150 anos da declara\u00e7\u00e3o do esposo de Maria como padroeiro da Igreja Cat\u00f3lica, o Papa Francisco convocou no dia 8 de dezembro de 2020, o &#8220;Ano de S\u00e3o Jos\u00e9&#8221; com a Carta apost\u00f3lica \u201cPatris corde \u2013 Com cora\u00e7\u00e3o de Pai\u201d.<\/p>\n<p style=\"text-align: justify;\">Segundo o Vatican News, com o decreto <em>&#8220;Quemadmodum Deus&#8221;<\/em>, assinado em 8 de dezembro de 1870, o Beato Pio IX quis dar este t\u00edtulo a S\u00e3o Jos\u00e9. O \u201cAno\u201d especial ser\u00e1 celebrado pela Igreja Cat\u00f3lica no mundo at\u00e9 o 8 de dezembro de 2021.<\/p>\n<p style=\"text-align: justify;\"><strong>Veja <a href=\"https:\/\/www.youtube.com\/watch?v=vcBVC_cdTjE\" data-rel=\"lightbox-video-0\" target=\"_blank\" rel=\"noopener\">aqui<\/a> o v\u00eddeo na \u00edntegra da convoca\u00e7\u00e3o da CRB Nacional para a Ora\u00e7\u00e3o Solid\u00e1ria pelo Brasil<\/strong><\/p>\n<div class=\"ast-oembed-container\" style=\"height: 100%;\">\n<div style=\"max-width: 1333px;\">\n<div style=\"left: 0; width: 100%; height: 0; position: relative; padding-bottom: 56.25%;\"><iframe title=\"Convoca\u00e7\u00e3o para Ora\u00e7\u00e3o Solid\u00e1ria pelo Brasil\" src=\"https:\/\/www.youtube.com\/embed\/vcBVC_cdTjE?rel=0\" style=\"border: 0; top: 0; left: 0; width: 100%; height: 100%; position: absolute;\" allowfullscreen scrolling=\"no\" allow=\"encrypted-media; accelerometer; clipboard-write; gyroscope; picture-in-picture\"><\/iframe><\/div>\n<\/div>\n<\/div>\n<p style=\"text-align: justify;\"><strong>Adquira <a href=\"https:\/\/www.edicoescnbb.com.br\/produto\/novena-de-sao-jose-71583\" target=\"_blank\" rel=\"noopener\">aqui<\/a> o livreto da Novena de S\u00e3o Jos\u00e9<\/strong><\/p>\n<div class=\"iframely-embed\">\n<div class=\"iframely-responsive\" style=\"height: 140px; padding-bottom: 0;\"><a href=\"https:\/\/www.EdicoesCnbb.com.br\/\/produto\/novena-de-sao-jose-71583\" data-iframely-url=\"\/\/cdn.iframe.ly\/V2mQxe9?maxheight=750\" target=\"_blank\" rel=\"noopener\"><\/a><\/div>\n<\/div>\n<p><script async src=\"\/\/cdn.iframe.ly\/embed.js\" charset=\"utf-8\"><\/script><\/p>\n","protected":false},"excerpt":{"rendered":"<p>A proposta \u00e9 que todas as comunidades, consagrados e consagradas, rezem a Novena de S\u00e3o Jos\u00e9, at\u00e9 o dia 19 de mar\u00e7o \u2013 data em que se celebra a festa do esposo da Virgem Maria. O movimento de ora\u00e7\u00e3o est\u00e1 sem sintonia com o Ano de S\u00e3o Jos\u00e9, convocado pelo Papa, dia 8 de dezembro de 2020, com a Carta apost\u00f3lica \u201cPatris corde \u2013 Com cora\u00e7\u00e3o de Pai\u201d<\/p>\n","protected":false},"author":83,"featured_media":260403,"comment_status":"open","ping_status":"open","sticky":false,"template":"","format":"standard","meta":{"site-sidebar-layout":"default","site-content-layout":"default","ast-global-header-display":"","ast-banner-title-visibility":"","ast-main-header-display":"","ast-hfb-above-header-display":"","ast-hfb-below-header-display":"","ast-hfb-mobile-header-display":"","site-post-title":"","ast-breadcrumbs-content":"","ast-featured-img":"","footer-sml-layout":"","theme-transparent-header-meta":"default","adv-header-id-meta":"","stick-header-meta":"","header-above-stick-meta":"","header-main-stick-meta":"","header-below-stick-meta":""},"categories":[815,50,841],"tags":[3462,3463,3464],"acf":[],"_links":{"self":[{"href":"https:\/\/www.cnbb.org.br\/cnbb-app\/wp\/v2\/posts\/260402"}],"collection":[{"href":"https:\/\/www.cnbb.org.br\/cnbb-app\/wp\/v2\/posts"}],"about":[{"href":"https:\/\/www.cnbb.org.br\/cnbb-app\/wp\/v2\/types\/post"}],"author":[{"embeddable":true,"href":"https:\/\/www.cnbb.org.br\/cnbb-app\/wp\/v2\/users\/83"}],"replies":[{"embeddable":true,"href":"https:\/\/www.cnbb.org.br\/cnbb-app\/wp\/v2\/comments?post=260402"}],"version-history":[{"count":0,"href":"https:\/\/www.cnbb.org.br\/cnbb-app\/wp\/v2\/posts\/260402\/revisions"}],"wp:featuredmedia":[{"embeddable":true,"href":"https:\/\/www.cnbb.org.br\/cnbb-app\/wp\/v2\/media\/260403"}],"wp:attachment":[{"href":"https:\/\/www.cnbb.org.br\/cnbb-app\/wp\/v2\/media?parent=260402"}],"wp:term":[{"taxonomy":"category","embeddable":true,"href":"https:\/\/www.cnbb.org.br\/cnbb-app\/wp\/v2\/categories?post=260402"},{"taxonomy":"post_tag","embeddable":true,"href":"https:\/\/www.cnbb.org.br\/cnbb-app\/wp\/v2\/tags?post=260402"}],"curies":[{"name":"wp","href":"https:\/\/api.w.org\/{rel}","templated":true}]}}