{"id":260505,"date":"2021-03-12T10:57:55","date_gmt":"2021-03-12T13:57:55","guid":{"rendered":"https:\/\/www.cnbb.org.br\/?p=260505"},"modified":"2021-03-12T10:58:52","modified_gmt":"2021-03-12T13:58:52","slug":"24-horas-para-o-senhor-2","status":"publish","type":"post","link":"https:\/\/www.cnbb.org.br\/24-horas-para-o-senhor-2\/","title":{"rendered":"24 horas para o Senhor"},"content":{"rendered":"<p style=\"text-align: right;\"><strong>Cardeal Orani Jo\u00e3o Tempesta<br \/>\n<\/strong><strong>Arcebispo do Rio de Janeiro (RJ)<\/strong><\/p>\n<p style=\"text-align: justify;\"><strong>\u00a0<\/strong><\/p>\n<p style=\"text-align: justify;\">Neste final de semana, mais precisamente entre esta sexta-feira, dia 12 de mar\u00e7o, e o s\u00e1bado, dia 13 de mar\u00e7o, acontece o evento das 24 horas para o Senhor. Como j\u00e1 vem ocorrendo h\u00e1 alguns anos a pedido do Papa Francisco, vamos participar deste momento penitencial e de adora\u00e7\u00e3o ao Sant\u00edssimo Sacramento para nos prepararmos para a P\u00e1scoa do Senhor. O subs\u00eddio pastoral produzido pelo Pontif\u00edcio Conselho para a Promo\u00e7\u00e3o da Nova Evangeliza\u00e7\u00e3o em 5 idiomas diferentes, entre eles, o portugu\u00eas, j\u00e1 est\u00e1 dispon\u00edvel do site do dicast\u00e9rio para preparar as par\u00f3quias e as comunidades crist\u00e3s para as 24 horas para o Senhor. O material \u00e9 dirigido a fi\u00e9is que podem se aproximar do Sacramento da Reconcilia\u00e7\u00e3o ou a quem, devido \u00e0s restri\u00e7\u00f5es da pandemia, vai viver a iniciativa em casa, com a ora\u00e7\u00e3o pessoal, a partir do final da tarde desta sexta-feira (12). As 24 horas para o Senhor acontecem sempre no final de semana antecedente ao 4\u00ba Domingo da Quaresma, domingo \u201cLaetare\u201d por dois motivos: o primeiro deles \u00e9 que a celebra\u00e7\u00e3o da P\u00e1scoa est\u00e1 pr\u00f3xima e devemos, contudo, nos alegrar no Senhor. O segundo motivo \u00e9 que \u00e9 um tempo prop\u00edcio para realizarmos o sacramento da reconcilia\u00e7\u00e3o, por meio da confiss\u00e3o, embora neste ano a pandemia tenha nos feito dar passos mais precavidos.<\/p>\n<p style=\"text-align: justify;\">Por isso, durante as 24 horas para o Senhor as Igrejas, onde for poss\u00edvel, devem permanecer abertas, com atendimento presencial dos padres para confiss\u00e3o, exposi\u00e7\u00e3o do Sant\u00edssimo Sacramento e celebra\u00e7\u00e3o de missas com todas as precau\u00e7\u00f5es j\u00e1 acolhidas por n\u00f3s. As 24 horas para o Senhor devem iniciar-se na tarde de sexta-feira, se poss\u00edvel, com a celebra\u00e7\u00e3o Eucar\u00edstica, e ir at\u00e9 o s\u00e1bado \u00e0 tarde, encerrando com a celebra\u00e7\u00e3o Eucar\u00edstica. O tema escolhido para \u201c24 horas para o Senhor\u201d de 2021 \u00e9 um vers\u00edculo extra\u00eddo do Salmo 103: &#8220;Ele perdoa todos os teus pecados\u201d. Na primeira parte do material oferecido pelo Pontif\u00edcio Conselho para a Promo\u00e7\u00e3o da Nova Evangeliza\u00e7\u00e3o para participar da iniciativa, s\u00e3o apresentados textos que encorajam a viver de uma forma consciente quem conseguir\u00e1 encontrar o sacerdote para a confiss\u00e3o individual. Eles tamb\u00e9m podem ser utilizados para se preparar (sozinho ou sob a orienta\u00e7\u00e3o de um ministro) \u00e0 uma contri\u00e7\u00e3o perfeita, no caso de n\u00e3o poder temporariamente se aproximar do Sacramento da Reconcilia\u00e7\u00e3o.<\/p>\n<p style=\"text-align: justify;\">Nesse intuito, cabe \u00e0s par\u00f3quias formularem uma programa\u00e7\u00e3o para atenderem da melhor maneira os fi\u00e9is durante a realiza\u00e7\u00e3o das 24 horas para o Senhor. Todas as par\u00f3quias devem se envolver e de alguma forma promover o momento oracional. E fazer desse momento uma oportunidade para que os fi\u00e9is criem uma intimidade com o Senhor e realizem o sacramento da reconcilia\u00e7\u00e3o. Tamb\u00e9m a nossa arquidiocese preparou uma programa\u00e7\u00e3o, mais virtual, \u00e9 claro, para ser acompanhada pelo nosso povo.<\/p>\n<p style=\"text-align: justify;\">\u00c9 claro que se deve tomar o devido cuidado em rela\u00e7\u00e3o \u00e0 pandemia da Covid-19, evitando aglomera\u00e7\u00e3o, separando os grupos ou pastorais por hor\u00e1rio e, aqueles que s\u00e3o considerados do grupo de risco, se resguardar em casa, acompanhando as celebra\u00e7\u00f5es pelas m\u00eddias sociais, internet e TV e, no momento oportuno, realizar, se poss\u00edvel, o sacramento da confiss\u00e3o com todas as recomenda\u00e7\u00f5es j\u00e1 emitidas.<\/p>\n<p style=\"text-align: justify;\">O tema escolhido pela Santo Padre o Papa Francisco este ano, em especial, para a vig\u00edlia de ora\u00e7\u00e3o \u00e9 bem oportuno com o tempo em que estamos celebrando: \u201c<em>Ele perdoa todos os teus pecados\u201d (Sl 103,3 (102), <\/em>ou seja, o Senhor \u00e9 fiel e misericordioso e est\u00e1 sempre propenso em nos perdoar.<\/p>\n<p style=\"text-align: justify;\">Como j\u00e1 dissemos, as 24 horas para o Senhor antecedem a celebra\u00e7\u00e3o do 4\u00ba Domingo da Quaresma, que \u00e9 o Domingo <strong><em>Laetare, <\/em><\/strong>o Domingo da Alegria, ou seja, o nosso cora\u00e7\u00e3o deve se alegrar porque a festa da nossa salva\u00e7\u00e3o se aproxima. E devemos nos alegrar porque o Senhor nos perdoa sempre, n\u00e3o importando o tamanho do nosso pecado.<\/p>\n<p style=\"text-align: justify;\">Os tr\u00eas pilares da Quaresma s\u00e3o o jejum, a ora\u00e7\u00e3o e a caridade e dentro das 24 horas para o Senhor podemos colocar em pr\u00e1tica essas tr\u00eas virtudes. Normalmente, as sextas-feiras da Quaresma \u00e9 um dia que devemos praticar o jejum e a abstin\u00eancia de carne, como forma de participa\u00e7\u00e3o nos sofrimentos de Cristo. Colocaremos em pratica a ora\u00e7\u00e3o, rezando diante de Jesus sacramentado e, por fim, podemos praticar a caridade, sobretudo, ouvindo o pr\u00f3ximo e aproximando-o do Senhor.<\/p>\n<p style=\"text-align: justify;\">O subs\u00eddio pastoral que foi lan\u00e7ado para as 24 horas para o Senhor desse ano trata com muito carinho sobre o sacramento da confiss\u00e3o, orientando as pessoas como fazer uma boa confiss\u00e3o e a import\u00e2ncia de realizar tal sacramento. Ao realizar o sacramento da Confiss\u00e3o, n\u00e3o estamos somente diante do sacerdote, mas estamos diante do pr\u00f3prio Cristo, que nos acolhe com seu amor e perdoa os nossos pecados.<\/p>\n<p style=\"text-align: justify;\">Por isso, participar do sacramento da Confiss\u00e3o requer uma prepara\u00e7\u00e3o pr\u00e9via. N\u00e3o \u00e9 somente chegar na Igreja e j\u00e1 confessar. Devemos fazer nosso exame de consci\u00eancia, rever nossas atitudes, anotar se preciso for os nossos pecados e pedir a luz do Esp\u00edrito Santo para realizar uma boa confiss\u00e3o. E as 24 horas para o Senhor s\u00e3o um momento prop\u00edcio para isso, pois antes de realizar a nossa confiss\u00e3o, teremos a oportunidade de estarmos diante do Senhor e atrav\u00e9s da luz do Esp\u00edrito Santo, rever os nossos pecados.<\/p>\n<p style=\"text-align: justify;\">O subs\u00eddio pastoral para esse dia traz como sugest\u00e3o aos padres nas par\u00f3quias realizarem a celebra\u00e7\u00e3o penitencial, durante a vig\u00edlia. Essa celebra\u00e7\u00e3o nos ajuda a refletir sobre os nossos pecados e abre o nosso cora\u00e7\u00e3o para fazermos uma boa confiss\u00e3o. Na celebra\u00e7\u00e3o penitencial tem a acolhida do sacerdote \u00e0 comunidade, e se proclama a Palavra de Deus e o sacerdote nos ajuda a refletir nos nossos pecados. Ao t\u00e9rmino da celebra\u00e7\u00e3o penitencial, os fi\u00e9is ficam livres para no momento oportuno realizarem a confiss\u00e3o.<\/p>\n<p style=\"text-align: justify;\">Seguindo esse itiner\u00e1rio, com certeza nos prepararemos bem para a grande celebra\u00e7\u00e3o da P\u00e1scoa do Senhor. N\u00e3o podemos celebrar a festa da P\u00e1scoa do mesmo jeito que iniciamos a Quaresma, algo precisa ser modificado em nosso cora\u00e7\u00e3o.<\/p>\n<p style=\"text-align: justify;\">Vamos participar de maneira presencial com os devidos cuidados para preservar a sa\u00fade. Quem n\u00e3o puder, acompanhe pelas m\u00eddias sociais da Arquidiocese as 24 horas para o Senhor!<\/p>\n<p style=\"text-align: justify;\">Que o Senhor nos ajude a fazermos uma sincera convers\u00e3o do cora\u00e7\u00e3o e nos d\u00ea a certeza de celebrarmos na alegria a festa da Ressurrei\u00e7\u00e3o do Senhor. Participemos com alegria, sobretudo, aqueles que podem, desse momento de ora\u00e7\u00e3o proposto pela Papa Francisco para toda a Igreja e rezemos para que Deus afaste de n\u00f3s essa terr\u00edvel pandemia e rezemos, ainda, pela paz no mundo. Am\u00e9m.<\/p>\n<p style=\"text-align: justify;\">Nossa Senhora das Dores, rogai por n\u00f3s!<\/p>\n<p><strong>\u00a0<\/strong><\/p>\n<p>&nbsp;<\/p>\n","protected":false},"excerpt":{"rendered":"<p>Cardeal Orani Jo\u00e3o Tempesta Arcebispo do Rio de Janeiro (RJ) \u00a0 Neste final de semana, mais precisamente entre esta sexta-feira, dia 12 de mar\u00e7o, e o s\u00e1bado, dia 13 de mar\u00e7o, acontece o evento das 24 horas para o Senhor. Como j\u00e1 vem ocorrendo h\u00e1 alguns anos a pedido do Papa Francisco, vamos participar deste &hellip;<\/p>\n<p class=\"read-more\"> <a class=\"\" href=\"https:\/\/www.cnbb.org.br\/24-horas-para-o-senhor-2\/\"> <span class=\"screen-reader-text\">24 horas para o Senhor<\/span> Leia mais &raquo;<\/a><\/p>\n","protected":false},"author":31,"featured_media":0,"comment_status":"open","ping_status":"open","sticky":false,"template":"","format":"standard","meta":{"site-sidebar-layout":"default","site-content-layout":"default","ast-global-header-display":"","ast-banner-title-visibility":"","ast-main-header-display":"","ast-hfb-above-header-display":"","ast-hfb-below-header-display":"","ast-hfb-mobile-header-display":"","site-post-title":"","ast-breadcrumbs-content":"","ast-featured-img":"","footer-sml-layout":"","theme-transparent-header-meta":"default","adv-header-id-meta":"","stick-header-meta":"","header-above-stick-meta":"","header-main-stick-meta":"","header-below-stick-meta":""},"categories":[758,1837],"tags":[],"acf":[],"_links":{"self":[{"href":"https:\/\/www.cnbb.org.br\/cnbb-app\/wp\/v2\/posts\/260505"}],"collection":[{"href":"https:\/\/www.cnbb.org.br\/cnbb-app\/wp\/v2\/posts"}],"about":[{"href":"https:\/\/www.cnbb.org.br\/cnbb-app\/wp\/v2\/types\/post"}],"author":[{"embeddable":true,"href":"https:\/\/www.cnbb.org.br\/cnbb-app\/wp\/v2\/users\/31"}],"replies":[{"embeddable":true,"href":"https:\/\/www.cnbb.org.br\/cnbb-app\/wp\/v2\/comments?post=260505"}],"version-history":[{"count":0,"href":"https:\/\/www.cnbb.org.br\/cnbb-app\/wp\/v2\/posts\/260505\/revisions"}],"wp:attachment":[{"href":"https:\/\/www.cnbb.org.br\/cnbb-app\/wp\/v2\/media?parent=260505"}],"wp:term":[{"taxonomy":"category","embeddable":true,"href":"https:\/\/www.cnbb.org.br\/cnbb-app\/wp\/v2\/categories?post=260505"},{"taxonomy":"post_tag","embeddable":true,"href":"https:\/\/www.cnbb.org.br\/cnbb-app\/wp\/v2\/tags?post=260505"}],"curies":[{"name":"wp","href":"https:\/\/api.w.org\/{rel}","templated":true}]}}