{"id":260569,"date":"2021-03-12T15:05:09","date_gmt":"2021-03-12T18:05:09","guid":{"rendered":"https:\/\/www.cnbb.org.br\/?p=260569"},"modified":"2021-03-12T21:49:22","modified_gmt":"2021-03-13T00:49:22","slug":"francisco-em-seus-8-anos-de-papa-ensina-os-valores-essenciais-da-vida-crista-e-da-igreja","status":"publish","type":"post","link":"https:\/\/www.cnbb.org.br\/francisco-em-seus-8-anos-de-papa-ensina-os-valores-essenciais-da-vida-crista-e-da-igreja\/","title":{"rendered":"Em seus 8 anos de Papa, Francisco ensina os valores essenciais da vida crist\u00e3 e da Igreja: a simplicidade e a miseric\u00f3rdia"},"content":{"rendered":"<blockquote>\n<p style=\"text-align: justify;\">\u201cO Papa Francisco tem nos ensinado a ser uma &#8216;Igreja em sa\u00edda&#8217; ao encontro das ovelhas feridas e errantes; uma Igreja misericordiosa e acolhedora, casa de portas abertas; uma Igreja servidora, que vive da simplicidade. As palavras e gestos do Papa Francisco t\u00eam sido comoventes\u201d, ressalta o arcebispo de Salvador (BA) e primaz do Brasil, cardeal S\u00e9rgio da Rocha.<\/p>\n<\/blockquote>\n<p style=\"text-align: justify;\">\u00c9 com o cora\u00e7\u00e3o alegre e repleto de gratid\u00e3o que a Igreja no mundo celebra neste s\u00e1bado, 13 de mar\u00e7o, oito anos de pontificado do Papa Francisco. O primeiro Papa latino-americano e jesu\u00edta que conquistou a todos com sua simplicidade, ternura e espontaneidade.<\/p>\n<p style=\"text-align: justify;\">O mundo parou quando, finalmente na noite do dia 13 de mar\u00e7o de 2013, saiu a fuma\u00e7a branca na chamin\u00e9 da Capela Sistina, em Roma. Aquele era o sinal que indicava a elei\u00e7\u00e3o de um novo Papa para a Igreja Cat\u00f3lica e o escolhido foi o ent\u00e3o arcebispo de Buenos Aires, na Argentina, o ent\u00e3o cardeal Jorge M\u00e1rio Bergoglio, que escolheu ser chamado por Francisco.<\/p>\n<p style=\"text-align: justify;\">Bergoglio, j\u00e1 Papa Francisco, apareceu na varanda central da Bas\u00edlica de S\u00e3o Pedro para dar sua primeira b\u00ean\u00e7\u00e3o &#8216;Urbi et Orbi&#8217; para a cidade de Roma e para o mundo. Antes, contudo, pediu ao povo que em sil\u00eancio rezasse por ele e se inclinou para receber a ora\u00e7\u00e3o.<\/p>\n<blockquote>\n<p style=\"text-align: justify;\"><em style=\"font-size: 17.6px;\">Em sua primeira apari\u00e7\u00e3o e pronunciamento como Papa, em 13 de mar\u00e7o de 2013, Francisco disse: &#8220;E agora eu gostaria de dar a b\u00ean\u00e7\u00e3o, mas antes\u2026 antes pe\u00e7o-vos um favor: antes de o bispo aben\u00e7oar o povo, pe\u00e7o-vos que rezeis ao Senhor para que Ele me aben\u00e7oe: a ora\u00e7\u00e3o do povo que pede a b\u00ean\u00e7\u00e3o para o seu bispo&#8221;.<\/em><\/p>\n<\/blockquote>\n<figure id=\"attachment_260109\" aria-describedby=\"caption-attachment-260109\" style=\"width: 436px\" class=\"wp-caption alignleft\"><img decoding=\"async\" loading=\"lazy\" class=\"wp-image-260109\" src=\"https:\/\/www.cnbb.org.br\/wp-content\/uploads\/2021\/03\/cardeal-Sergio-da-Rocha.jpeg\" alt=\"\" width=\"436\" height=\"245\" srcset=\"https:\/\/www.cnbb.org.br\/wp-content\/uploads\/2021\/03\/cardeal-Sergio-da-Rocha.jpeg 750w, https:\/\/www.cnbb.org.br\/wp-content\/uploads\/2021\/03\/cardeal-Sergio-da-Rocha-300x169.jpeg 300w, https:\/\/www.cnbb.org.br\/wp-content\/uploads\/2021\/03\/cardeal-Sergio-da-Rocha-500x281.jpeg 500w\" sizes=\"(max-width: 436px) 100vw, 436px\" \/><figcaption id=\"caption-attachment-260109\" class=\"wp-caption-text\"><em>Foto: Vatican News<\/em><\/figcaption><\/figure>\n<p style=\"text-align: justify;\">O arcebispo de Salvador e primaz do Brasil, cardeal S\u00e9rgio da Rocha, expressou a gratid\u00e3o ao Pont\u00edfice por seu testemunho, amor e aten\u00e7\u00e3o pela Igreja no Brasil.<\/p>\n<p style=\"text-align: justify;\"><em>\u201cCelebramos estes oito anos do pontificado de Francisco com profunda gratid\u00e3o e unidade, acolhendo seus ensinamentos e agradecendo a Deus pelo seu testemunho. De modo especial, agradecemos o amor e a aten\u00e7\u00e3o do Papa Francisco pela Igreja no Brasil\u201d<\/em>.<\/p>\n<p style=\"text-align: justify;\">O papado de Francisco, que tem 84 anos, \u00e9 reconhecido por seu minist\u00e9rio mission\u00e1rio a servi\u00e7o da Igreja e da humanidade, que vai muito al\u00e9m de sua obra com as Exorta\u00e7\u00f5es e Cartas Apost\u00f3licas, reformas, S\u00ednodo dos Bispos, viagens e visitas pastorais.<\/p>\n<p style=\"text-align: justify;\"><em>\u201cEle tem nos oferecido textos bel\u00edssimos e profundos, de grande repercuss\u00e3o, como a Evangelii Gaudium e a Fratelli Tutti. Ele ensina, n\u00e3o apenas por aquilo que fala ou escreve, mas por seus gestos concretos, de grande riqueza simb\u00f3lica, como sua recente viagem ao Iraque. \u00c9 capaz de rir e chorar, de perdoar e pedir perd\u00e3o, de servir e abra\u00e7ar, especialmente os pobres e pequenos\u201d<\/em>, ressalta o cardeal S\u00e9rgio da Rocha.<\/p>\n<figure id=\"attachment_260579\" aria-describedby=\"caption-attachment-260579\" style=\"width: 252px\" class=\"wp-caption alignright\"><img decoding=\"async\" loading=\"lazy\" class=\"wp-image-260579 \" src=\"https:\/\/www.cnbb.org.br\/wp-content\/uploads\/2021\/03\/captura_de_tela_de_2013-03-13_162521.png\" alt=\"\" width=\"252\" height=\"194\" srcset=\"https:\/\/www.cnbb.org.br\/wp-content\/uploads\/2021\/03\/captura_de_tela_de_2013-03-13_162521.png 616w, https:\/\/www.cnbb.org.br\/wp-content\/uploads\/2021\/03\/captura_de_tela_de_2013-03-13_162521-300x231.png 300w, https:\/\/www.cnbb.org.br\/wp-content\/uploads\/2021\/03\/captura_de_tela_de_2013-03-13_162521-500x386.png 500w\" sizes=\"(max-width: 252px) 100vw, 252px\" \/><figcaption id=\"caption-attachment-260579\" class=\"wp-caption-text\"><em>Reprodu\u00e7\u00e3o EBC<\/em><\/figcaption><\/figure>\n<p style=\"text-align: justify;\">Com sua elei\u00e7\u00e3o, Francisco se tornou o 266\u00ba sumo pont\u00edfice da Igreja Cat\u00f3lica e desde ent\u00e3o tem constru\u00eddo pontes, oferecido ao mundo uma Igreja de paz, da justi\u00e7a, da humanidade. \u00c9 o Papa da miss\u00e3o, da Amaz\u00f4nia, dos pobres e daqueles que sofrem. O arcebispo primaz do Brasil aponta Francisco como um grande l\u00edder do mundo.<\/p>\n<p style=\"text-align: justify;\"><em>\u201cTemos muito ainda a aprender com o Papa Francisco. O seu jeito simples, acolhedor, paterno e fraterno tem nos motivado a redescobrir valores essenciais da vida crist\u00e3, especialmente da vida da Igreja, como a simplicidade e a miseric\u00f3rdia. Perante os desafios da miss\u00e3o, ele nos motiva a caminhar com firmeza e serenidade, consequ\u00eancia de sua confian\u00e7a em Deus\u201d, pontuou<\/em>.<\/p>\n","protected":false},"excerpt":{"rendered":"<p>A Igreja no mundo celebra neste s\u00e1bado, 13 de mar\u00e7o, mais um ano de pontificado do primeiro Papa latino-americano, jesu\u00edta e que \u00e9 reconhecido por seu minist\u00e9rio mission\u00e1rio a servi\u00e7o da Igreja e da humanidade. O arcebispo de Salvador (BA) e primaz do Brasil, cardeal Sergio da Rocha, apontou quais s\u00e3o os grandes ensinamentos do Santo Padre<\/p>\n","protected":false},"author":83,"featured_media":29683,"comment_status":"open","ping_status":"open","sticky":false,"template":"","format":"standard","meta":{"site-sidebar-layout":"default","site-content-layout":"default","ast-global-header-display":"","ast-banner-title-visibility":"","ast-main-header-display":"","ast-hfb-above-header-display":"","ast-hfb-below-header-display":"","ast-hfb-mobile-header-display":"","site-post-title":"","ast-breadcrumbs-content":"","ast-featured-img":"","footer-sml-layout":"","theme-transparent-header-meta":"default","adv-header-id-meta":"","stick-header-meta":"","header-above-stick-meta":"","header-main-stick-meta":"","header-below-stick-meta":""},"categories":[50,841],"tags":[],"acf":[],"_links":{"self":[{"href":"https:\/\/www.cnbb.org.br\/cnbb-app\/wp\/v2\/posts\/260569"}],"collection":[{"href":"https:\/\/www.cnbb.org.br\/cnbb-app\/wp\/v2\/posts"}],"about":[{"href":"https:\/\/www.cnbb.org.br\/cnbb-app\/wp\/v2\/types\/post"}],"author":[{"embeddable":true,"href":"https:\/\/www.cnbb.org.br\/cnbb-app\/wp\/v2\/users\/83"}],"replies":[{"embeddable":true,"href":"https:\/\/www.cnbb.org.br\/cnbb-app\/wp\/v2\/comments?post=260569"}],"version-history":[{"count":0,"href":"https:\/\/www.cnbb.org.br\/cnbb-app\/wp\/v2\/posts\/260569\/revisions"}],"wp:featuredmedia":[{"embeddable":true,"href":"https:\/\/www.cnbb.org.br\/cnbb-app\/wp\/v2\/media\/29683"}],"wp:attachment":[{"href":"https:\/\/www.cnbb.org.br\/cnbb-app\/wp\/v2\/media?parent=260569"}],"wp:term":[{"taxonomy":"category","embeddable":true,"href":"https:\/\/www.cnbb.org.br\/cnbb-app\/wp\/v2\/categories?post=260569"},{"taxonomy":"post_tag","embeddable":true,"href":"https:\/\/www.cnbb.org.br\/cnbb-app\/wp\/v2\/tags?post=260569"}],"curies":[{"name":"wp","href":"https:\/\/api.w.org\/{rel}","templated":true}]}}