{"id":260639,"date":"2021-03-15T10:38:48","date_gmt":"2021-03-15T13:38:48","guid":{"rendered":"https:\/\/www.cnbb.org.br\/?p=260639"},"modified":"2021-03-15T10:40:14","modified_gmt":"2021-03-15T13:40:14","slug":"iv-domingo-da-quaresma","status":"publish","type":"post","link":"https:\/\/www.cnbb.org.br\/iv-domingo-da-quaresma\/","title":{"rendered":"IV Domingo da Quaresma"},"content":{"rendered":"<p style=\"text-align: right;\"><strong>Dom Eurico dos Santos Veloso<br \/>\n<\/strong><strong>Arcebispo Em\u00e9rito de Juiz de Fora (MG)<\/strong><\/p>\n<p>&nbsp;<\/p>\n<p style=\"text-align: justify;\"><em>\u201cPois Deus amou tanto o mundo, que deu o seu Filho unig\u00eanito, para que n\u00f3o morra todo o que nele crer, mas tenha a vida eterna\u201d (cf. Jo 3,16).<\/em><\/p>\n<p style=\"text-align: justify;\">Hoje, celebramos o IV Domingo da Quaresma, conhecido como <em>Domingo Laetare \u2013 Domingo \u201cAlegra-te\u201d,<\/em> onde a cor roxa d\u00e1 o espa\u00e7o para a cor r\u00f3sea \u2013 a cor que vemos no c\u00e9u infundir quando nasce um novo dia, a qual anuncia a chegada do sol que ilumina a Terra. Afinal, \u00e9 assim que somos preparados no Tempo Quaresmal, ap\u00f3s passar todo o per\u00edodo de penit\u00eancia e jejum, aguardamos a Ressurrei\u00e7\u00e3o de Jesus Cristo. E, neste Domingo <em>Laetare, <\/em>compreendemos atrav\u00e9s das leituras que \u00e9 necess\u00e1rio passar por prova\u00e7\u00f5es, ex\u00edlio e at\u00e9 mesmo a Cruz para que a Salva\u00e7\u00e3o de Deus \u00e9 nos dada de forma totalmente gratuita e incondicional, com o \u00e1pice na Vida Eterna.<\/p>\n<p style=\"text-align: justify;\">Na Primeira Leitura retirada do Segundo Livro das Cr\u00f4nicas <em>(2Cr 36,14-16.19-23), <\/em>demonstra que <em>a ira e a miseric\u00f3rdia do Senhor se manifestam pelo ex\u00edlio e a liberta\u00e7\u00e3o do povo.<\/em> O autor sagrado exp\u00f5e que mesmo que o homem escolha o caminho do ego\u00edsmo e autossufici\u00eancia, tendo como consequ\u00eancia um horizonte de dor e morte, Deus sempre oferece outra possibilidade de seu Povo de recome\u00e7ar nos Caminhos que Ele preparou. Assim foi ao mover o esp\u00edrito de C\u00edrio para concretiza\u00e7\u00e3o de Seu plano ao Seu Povo: <em>\u201cAssim fala Ciro, rei da P\u00e9rsia: O Senhor, Deus do c\u00e9u, deu-me todos os reinos da terra, e encarregou-me de lhe construir um templo em Jerusal\u00e9m, que est\u00e1 no pa\u00eds de Jud\u00e1. Quem dentre v\u00f3s todos, pertence ao seu povo? Que o Senhor, seu Deus, esteja com ele, e que se ponha a caminho\u201d (cf. 2Cr 36,23)<\/em>.<\/p>\n<p style=\"text-align: justify;\">A Segunda Leitura dada pela Carta de S\u00e3o Paulo aos Ef\u00e9sios <em>(Ef 2,4-10),<\/em> nos ensina que Deus ama o homem com um amor total, destemido, sem limites, onde atrav\u00e9s da Morte e Ressurrei\u00e7\u00e3o do Seu Filho Unig\u00eanito, Jesus Cristo, a Miseric\u00f3rdia e o Dom da gra\u00e7a da Vida Eterna e estendida a todos que mant\u00e9m a F\u00e9 em Deus. <em>\u201cAssim, pela bondade, que nos demonstrou em Jesus Cristo Deus quis mostrar, atrav\u00e9s dos s\u00e9culos futuros, a incompar\u00e1vel riqueza da sua gra\u00e7a. Com efeito, \u00e9 pela gra\u00e7a que sois salvos, mediante a f\u00e9. E isso n\u00e3o vem de v\u00f3s; \u00e9 dom de Deus!\u201d (Ef 2,7-8).<\/em><\/p>\n<p style=\"text-align: justify;\">O Evangelho de Jo\u00e3o <em>(Jo 3,14-21),<\/em> o Ap\u00f3stolo nos recorda que Deus nos ama de uma maneira incondicional, que enviou o Seu Pr\u00f3prio Filho ao nosso encontro, com efeito de aprender a li\u00e7\u00e3o do amor total, dado pelo caminho de entrega que Jesus percorreu, de ser levantado numa Cruz para que todos nele creem e tenham Vida Eterna. \u201c<em>De fato, Deus n\u00e3o enviou o seu Filho ao mundo para condenar o mundo, mas para que o mundo seja salvo por ele. Quem nele cr\u00ea, n\u00e3o \u00e9 condenado, mas quem n\u00e3o cr\u00ea, j\u00e1 est\u00e1 condenado, porque n\u00e3o acreditou no nome do Filho unig\u00eanito. Ora, o julgamento \u00e9 este: a luz veio ao mundo, mas os homens preferiram as trevas \u00e0 luz, porque suas a\u00e7\u00f5es eram m\u00e1s. Quem pratica o mal odeia a luz e n\u00e3o se aproxima da luz, para que suas a\u00e7\u00f5es n\u00e3o sejam denunciadas. Mas quem age conforme a verdade aproxima-se da luz, para que se manifeste que suas a\u00e7\u00f5es s\u00e3o realizadas em Deus\u201d (cf. Jo 3,17-21)<\/em>.<\/p>\n<p style=\"text-align: justify;\">Permane\u00e7amos fi\u00e9is na ora\u00e7\u00e3o e reflex\u00e3o deste Tempo Quaresmal, sejamos verdadeiros seguidores da Luz do Evangelho, principalmente neste despontar da Aurora do Dia que o Senhor preparou para n\u00f3s, certos da vicissitude do Reino e a Vida Eterna.<\/p>\n<p style=\"text-align: justify;\"><em>Sauda\u00e7\u00f5es em Cristo!<\/em><\/p>\n<p><em>\u00a0<\/em><\/p>\n<p>&nbsp;<\/p>\n","protected":false},"excerpt":{"rendered":"<p>Dom Eurico dos Santos Veloso Arcebispo Em\u00e9rito de Juiz de Fora (MG) &nbsp; \u201cPois Deus amou tanto o mundo, que deu o seu Filho unig\u00eanito, para que n\u00f3o morra todo o que nele crer, mas tenha a vida eterna\u201d (cf. Jo 3,16). Hoje, celebramos o IV Domingo da Quaresma, conhecido como Domingo Laetare \u2013 Domingo &hellip;<\/p>\n<p class=\"read-more\"> <a class=\"\" href=\"https:\/\/www.cnbb.org.br\/iv-domingo-da-quaresma\/\"> <span class=\"screen-reader-text\">IV Domingo da Quaresma<\/span> Leia mais &raquo;<\/a><\/p>\n","protected":false},"author":73,"featured_media":0,"comment_status":"open","ping_status":"open","sticky":false,"template":"","format":"standard","meta":{"site-sidebar-layout":"default","site-content-layout":"default","ast-global-header-display":"","ast-banner-title-visibility":"","ast-main-header-display":"","ast-hfb-above-header-display":"","ast-hfb-below-header-display":"","ast-hfb-mobile-header-display":"","site-post-title":"","ast-breadcrumbs-content":"","ast-featured-img":"","footer-sml-layout":"","theme-transparent-header-meta":"default","adv-header-id-meta":"","stick-header-meta":"","header-above-stick-meta":"","header-main-stick-meta":"","header-below-stick-meta":""},"categories":[758],"tags":[],"acf":[],"_links":{"self":[{"href":"https:\/\/www.cnbb.org.br\/cnbb-app\/wp\/v2\/posts\/260639"}],"collection":[{"href":"https:\/\/www.cnbb.org.br\/cnbb-app\/wp\/v2\/posts"}],"about":[{"href":"https:\/\/www.cnbb.org.br\/cnbb-app\/wp\/v2\/types\/post"}],"author":[{"embeddable":true,"href":"https:\/\/www.cnbb.org.br\/cnbb-app\/wp\/v2\/users\/73"}],"replies":[{"embeddable":true,"href":"https:\/\/www.cnbb.org.br\/cnbb-app\/wp\/v2\/comments?post=260639"}],"version-history":[{"count":0,"href":"https:\/\/www.cnbb.org.br\/cnbb-app\/wp\/v2\/posts\/260639\/revisions"}],"wp:attachment":[{"href":"https:\/\/www.cnbb.org.br\/cnbb-app\/wp\/v2\/media?parent=260639"}],"wp:term":[{"taxonomy":"category","embeddable":true,"href":"https:\/\/www.cnbb.org.br\/cnbb-app\/wp\/v2\/categories?post=260639"},{"taxonomy":"post_tag","embeddable":true,"href":"https:\/\/www.cnbb.org.br\/cnbb-app\/wp\/v2\/tags?post=260639"}],"curies":[{"name":"wp","href":"https:\/\/api.w.org\/{rel}","templated":true}]}}