{"id":260688,"date":"2021-03-15T14:59:03","date_gmt":"2021-03-15T17:59:03","guid":{"rendered":"https:\/\/www.cnbb.org.br\/?p=260688"},"modified":"2021-03-15T14:59:25","modified_gmt":"2021-03-15T17:59:25","slug":"de-lampedusa-a-bagda","status":"publish","type":"post","link":"https:\/\/www.cnbb.org.br\/de-lampedusa-a-bagda\/","title":{"rendered":"De Lampedusa a Bagd\u00e1"},"content":{"rendered":"<p style=\"text-align: right;\"><strong>Cardeal Sergio da Rocha<\/strong><br \/>\n<strong>Arcebispo de Salvador (BA)<\/strong><\/p>\n<p style=\"text-align: justify;\">\n<p style=\"text-align: justify;\">\u00a0\u00a0\u00a0\u00a0\u00a0\u00a0\u00a0\u00a0\u00a0\u00a0\u00a0 H\u00e1 oito anos, no dia 13 de mar\u00e7o de 2013, o cardeal Jorge M\u00e1rio Bergoglio, arcebispo de Buenos Aires, era eleito Papa. Os seus primeiros gestos, a escolha do nome Francisco, o modo como dirigiu sua primeira ben\u00e7\u00e3o na pra\u00e7a de S\u00e3o Pedro, a escolha da Casa Santa Marta para sua resid\u00eancia, j\u00e1 revelavam o seu jeito de ser Papa e os tra\u00e7os marcantes de seu pontificado. As palavras e gestos do Papa Francisco t\u00eam sido comoventes, interpelam, desinstalam e impelem a olhar para o ch\u00e3o da hist\u00f3ria com responsabilidade e compaix\u00e3o e, ao mesmo tempo, a olhar para o horizonte com coragem e esperan\u00e7a, jamais desistindo de caminhar e sonhar com um mundo novo querido por Deus.<\/p>\n<p style=\"text-align: justify;\">\u00a0\u00a0\u00a0\u00a0\u00a0\u00a0\u00a0\u00a0\u00a0\u00a0\u00a0 \u00c9 dif\u00edcil expressar a riqueza de sua personalidade e de seu pontificado e o alcance de suas iniciativas para a Igreja e a humanidade t\u00e3o sofrida. Ele ensina n\u00e3o somente por aquilo que fala ou escreve, mas por seus gestos concretos, de grande riqueza simb\u00f3lica. Qualquer defini\u00e7\u00e3o n\u00e3o coseguiria abarcar a riqueza e o alcance de um pontificado fecundo e aberto \u00e0 novidade do Evangelho, cuja alegria ele n\u00e3o se cansa de compartilhar.<\/p>\n<p style=\"text-align: justify;\">\u00a0\u00a0\u00a0\u00a0\u00a0\u00a0\u00a0\u00a0\u00a0\u00a0\u00a0 \u00a0Neste oitavo ano do seu pontificado, o itiner\u00e1rio percorrido por Francisco, pode ser resumido na express\u00e3o \u201cde Lampedusa a Bagd\u00e1\u201d, percorrido com passos de simplicidade, miseric\u00f3rdia, solidariedade, ternura, fraternidade, di\u00e1logo e paz. A sua primeira viagem fora do Vaticano foi \u00e0 ilha de Lampedusa, no sul da It\u00e1lia, para abra\u00e7ar, apoiar e consolar os imigrantes e refugiados, para rezar pelos que haviam morrido a bordo de embarca\u00e7\u00f5es prec\u00e1rias, e para ser solid\u00e1rio, chamando a aten\u00e7\u00e3o do mundo para a crise migrat\u00f3ria. A sua mais recente viagem apost\u00f3lica internacional, nestes oito anos, igualmente rica de significado, foi ao Iraque, come\u00e7ando por Bagd\u00e1. Na sua corajosa viagem, o Papa \u201cperegrino da paz\u201d, \u201cconstrutor de pontes e n\u00e3o de muros\u201d, promoveu o di\u00e1logo e a fraternidade como caminho de paz. Francisco, que j\u00e1 havia proclamado na sua enc\u00edclica <em>Fratelli Tutti<\/em>, \u201cnunca mais guerra\u201d (n. 258), fez em Bagd\u00e1 um apelo veemente pelo fim da viol\u00eancia e dos conflitos: \u201cCalem-se as armas!\u201d.<\/p>\n<p style=\"text-align: justify;\">\u00a0\u00a0\u00a0\u00a0\u00a0\u00a0\u00a0\u00a0\u00a0\u00a0\u00a0 Entretanto, no caminho percorrido por Francisco nestes oito anos, com seu cora\u00e7\u00e3o paterno e fraterno, h\u00e1 uma parada de extraordin\u00e1ria import\u00e2ncia, na Amaz\u00f4nia, visitada por ele atrav\u00e9s do S\u00ednodo Especial e da sua \u201cQuerida Amaz\u00f4nia\u201d. O Papa Francisco, que esteve no Rio de Janeiro e em Aparecida, se fez presente na Amaz\u00f4nia, de modo afetuoso e solid\u00e1rio, sem ainda ter pisado o seu ch\u00e3o, e levou a Amaz\u00f4nia para o Vaticano e o mundo, atrav\u00e9s do S\u00ednodo.\u00a0 Por isso, seria melhor resumir sua trajet\u00f3ria nestes oito anos como \u201cde Lampedusa a Bagd\u00e1, passando pela Amaz\u00f4nia\u201d. Temos muito a aprender com Francisco, caminhando com ele, para seguir os passos de Jesus.<\/p>\n<p>&nbsp;<\/p>\n","protected":false},"excerpt":{"rendered":"<p>Cardeal Sergio da Rocha Arcebispo de Salvador (BA) \u00a0\u00a0\u00a0\u00a0\u00a0\u00a0\u00a0\u00a0\u00a0\u00a0\u00a0 H\u00e1 oito anos, no dia 13 de mar\u00e7o de 2013, o cardeal Jorge M\u00e1rio Bergoglio, arcebispo de Buenos Aires, era eleito Papa. Os seus primeiros gestos, a escolha do nome Francisco, o modo como dirigiu sua primeira ben\u00e7\u00e3o na pra\u00e7a de S\u00e3o Pedro, a escolha da &hellip;<\/p>\n<p class=\"read-more\"> <a class=\"\" href=\"https:\/\/www.cnbb.org.br\/de-lampedusa-a-bagda\/\"> <span class=\"screen-reader-text\">De Lampedusa a Bagd\u00e1<\/span> Leia mais &raquo;<\/a><\/p>\n","protected":false},"author":78,"featured_media":0,"comment_status":"open","ping_status":"open","sticky":false,"template":"","format":"standard","meta":{"site-sidebar-layout":"default","site-content-layout":"default","ast-global-header-display":"","ast-banner-title-visibility":"","ast-main-header-display":"","ast-hfb-above-header-display":"","ast-hfb-below-header-display":"","ast-hfb-mobile-header-display":"","site-post-title":"","ast-breadcrumbs-content":"","ast-featured-img":"","footer-sml-layout":"","theme-transparent-header-meta":"default","adv-header-id-meta":"","stick-header-meta":"","header-above-stick-meta":"","header-main-stick-meta":"","header-below-stick-meta":""},"categories":[758],"tags":[],"acf":[],"_links":{"self":[{"href":"https:\/\/www.cnbb.org.br\/cnbb-app\/wp\/v2\/posts\/260688"}],"collection":[{"href":"https:\/\/www.cnbb.org.br\/cnbb-app\/wp\/v2\/posts"}],"about":[{"href":"https:\/\/www.cnbb.org.br\/cnbb-app\/wp\/v2\/types\/post"}],"author":[{"embeddable":true,"href":"https:\/\/www.cnbb.org.br\/cnbb-app\/wp\/v2\/users\/78"}],"replies":[{"embeddable":true,"href":"https:\/\/www.cnbb.org.br\/cnbb-app\/wp\/v2\/comments?post=260688"}],"version-history":[{"count":0,"href":"https:\/\/www.cnbb.org.br\/cnbb-app\/wp\/v2\/posts\/260688\/revisions"}],"wp:attachment":[{"href":"https:\/\/www.cnbb.org.br\/cnbb-app\/wp\/v2\/media?parent=260688"}],"wp:term":[{"taxonomy":"category","embeddable":true,"href":"https:\/\/www.cnbb.org.br\/cnbb-app\/wp\/v2\/categories?post=260688"},{"taxonomy":"post_tag","embeddable":true,"href":"https:\/\/www.cnbb.org.br\/cnbb-app\/wp\/v2\/tags?post=260688"}],"curies":[{"name":"wp","href":"https:\/\/api.w.org\/{rel}","templated":true}]}}