{"id":260690,"date":"2021-03-15T15:00:32","date_gmt":"2021-03-15T18:00:32","guid":{"rendered":"https:\/\/www.cnbb.org.br\/?p=260690"},"modified":"2021-03-15T15:01:51","modified_gmt":"2021-03-15T18:01:51","slug":"solenidade-de-sao-jose-esposo-de-nossa-senhora","status":"publish","type":"post","link":"https:\/\/www.cnbb.org.br\/solenidade-de-sao-jose-esposo-de-nossa-senhora\/","title":{"rendered":"Solenidade de S\u00e3o Jos\u00e9, esposo de Nossa Senhora"},"content":{"rendered":"<p style=\"text-align: right;\"><strong>Dom Eurico dos Santos Veloso<br \/>\n<\/strong><strong>Arcebispo Em\u00e9rito de Juiz de Fora (MG)<\/strong><\/p>\n<p style=\"text-align: justify;\"><strong>\u00a0<\/strong><\/p>\n<p style=\"text-align: justify;\"><em>\u201cJos\u00e9 fez conforme o anjo do Senhor havia mandado\u201d (cf. Mt 1,24a)<\/em><\/p>\n<p style=\"text-align: justify;\">\u00a0\u00a0\u00a0\u00a0\u00a0\u00a0\u00a0\u00a0 O dia 19 de mar\u00e7o de 2021, por desejo expresso do Papa Francisco na Carta Apost\u00f3lica \u201c<em>Patris corde<\/em>\u201d sobre os 150 anos em que o Bem-aventurado Papa Pio IX proclamou S\u00e3o Jos\u00e9 como Patrono universal da Igreja ser\u00e1 revestido de grande alegria. Por isso celebramos a Solenidade de S\u00e3o Jos\u00e9, Esposo de Nossa Senhora, venerado, igualmente, como o Padroeiro da Igreja universal. A hist\u00f3ria deste Homem do Sil\u00eancio e Sustent\u00e1culo da fam\u00edlia \u00e9 muito importante na hist\u00f3ria da salva\u00e7\u00e3o, afinal, como ele pertencente \u00e0 tribo de Jud\u00e1, ligou Jesus \u00e0 descend\u00eancia Dav\u00eddica; tornando-se Jesus, verdadeiramente \u201cfilho de Davi\u201d pelo Pai Adotivo que Deus confiou o Seu Unig\u00eanito.<\/p>\n<p style=\"text-align: justify;\">\u00a0\u00a0\u00a0\u00a0\u00a0\u00a0\u00a0\u00a0 Este ano, temos mais uma raz\u00e3o celebrativa para esta Solenidade. O Papa Francisco declarou em sua carta apost\u00f3lica \u201c<em>Patris Corde \u2013 <\/em>Com cora\u00e7\u00e3o de Pai\u201d, o Ano de S\u00e3o Jos\u00e9 por ocasi\u00e3o da comemora\u00e7\u00e3o dos 150 anos da declara\u00e7\u00e3o, pelo decreto <em>Quemadmodum Deus<\/em>, assinado em 8 de dezembro de 1870 pelo Beato Pio IX, onde foi dado o t\u00edtulo de Padroeiro da Igreja Cat\u00f3lica.<\/p>\n<p style=\"text-align: justify;\">\u00a0\u00a0\u00a0\u00a0\u00a0\u00a0\u00a0\u00a0 A Carta Apost\u00f3lica <em>Patris Corde <\/em>tem como objetivo \u201c<em>aumentar o amor por este grande Santo, para nos sentirmos impelidos a implorar a sua intercess\u00e3o e para imitarmos as suas virtudes e o seu desvelo\u201d (cf<\/em>. <em>Patris Corde, Papa Francisco). <\/em>Pois atrav\u00e9s da obedi\u00eancia de S\u00e3o Jos\u00e9, demonstra-nos que o modelo de fidelidade, simplicidade e humildade vivido pelo Pai Adotivo do Filho de Deus aos des\u00edgnios que a Provid\u00eancia destinou a cumprir, dedicando-se, sem medidas, para que o Menino Deus cumprisse a sua miss\u00e3o aqui na Terra.<\/p>\n<p style=\"text-align: justify;\">\u00a0\u00a0\u00a0\u00a0\u00a0\u00a0\u00a0\u00a0 Papa Francisco nos aponta <em>que \u201ctodos podem encontrar em S\u00e3o Jos\u00e9 \u2013 o homem que passa despercebido, o homem da presen\u00e7a quotidiana discreta e escondida \u2013 um intercessor, um amparo e uma guia nos momentos de dificuldade. S\u00e3o Jos\u00e9 lembra-nos que todos aqueles que est\u00e3o, aparentemente, escondidos ou em segundo plano, t\u00eam um protagonismo sem paralelo na hist\u00f3ria da salva\u00e7\u00e3o\u201d<\/em> <em>(cf<\/em>. <em>Patris Corde, Francisco PP)<\/em>.<\/p>\n<p style=\"text-align: justify;\">\u00a0\u00a0\u00a0\u00a0\u00a0\u00a0\u00a0\u00a0 Embora a leitura b\u00edblica da Carta de S\u00e3o Paulo a Romanos (Rm 4,17-18.22) \u00e9 apontada para a pessoa de Abra\u00e3o, podemos estender seus dizeres a S\u00e3o Jos\u00e9: <em>\u201c\u2018Eu fiz de ti pai de muitos povos\u2019. Ele \u00e9 pai diante de Deus, porque creu em Deus que vivifica os mortos e faz existir o que antes n\u00e3o existia. Contra toda a humana esperan\u00e7a, ele firmou-se na esperan\u00e7a e na f\u00e9. Assim, tornou-se pai de muitos povos, conforme lhe fora dito: \u2018Assim ser\u00e1 a tua posteridade\u2019. Esta sua atitude de f\u00e9 lhe foi creditada como justi\u00e7a\u201d (cf. Rm 4,17-18.22).<\/em> Assim, o Pai amado, o Pai na ternura, Pai da obedi\u00eancia, Pai no acolhimento, Pai com coragem criativa, Pai trabalhador, Pai na sombra, \u00e9 nos dado como Pai Adotivo de toda a humanidade, assim como foi dado a Jesus Cristo.<\/p>\n<p style=\"text-align: justify;\">\u00a0\u00a0\u00a0\u00a0\u00a0\u00a0\u00a0\u00a0 Que S\u00e3o Jos\u00e9 interceda por cada um de n\u00f3s e pela Igreja de Cristo, <em>\u201cassim como cuidou com amor de Maria e se dedicou com empenho \u00e0 educa\u00e7\u00e3o de Jesus Cristo, assim tamb\u00e9m guarda e protege o seu Corpo M\u00edstico, a Igreja\u201d (Redemptoris Custos, Jo\u00e3o Paulo II PP). <\/em>E dirijamos-lhe a nossa ora\u00e7\u00e3o:<\/p>\n<p style=\"text-align: justify;\">\n<p style=\"text-align: justify;\"><em>\u201cSalve, guardi\u00e3o do Redentor<\/em><\/p>\n<p style=\"text-align: justify;\"><em>e esposo da Virgem Maria!<\/em><\/p>\n<p style=\"text-align: justify;\"><em>A v\u00f3s, Deus confiou o seu Filho;<\/em><\/p>\n<p style=\"text-align: justify;\"><em>em v\u00f3s, Maria depositou a sua confian\u00e7a;<\/em><\/p>\n<p style=\"text-align: justify;\"><em>convosco, Cristo tornou-Se homem.<\/em><\/p>\n<p style=\"text-align: justify;\"><em>\u00a0<\/em><\/p>\n<p style=\"text-align: justify;\"><em>\u00d3 Bem-aventurado Jos\u00e9, mostrai-vos pai tamb\u00e9m para n\u00f3s<\/em><\/p>\n<p style=\"text-align: justify;\"><em>e guiai-nos no caminho da vida.<\/em><\/p>\n<p style=\"text-align: justify;\"><em>Alcan\u00e7ai-nos gra\u00e7a, miseric\u00f3rdia e coragem,<\/em><\/p>\n<p style=\"text-align: justify;\"><em>e defendei-nos de todo o mal. Am\u00e9m.\u201d<\/em><\/p>\n<p style=\"text-align: justify;\"><em>\u00a0\u00a0\u00a0\u00a0\u00a0\u00a0\u00a0\u00a0 <\/em><\/p>\n<p style=\"text-align: justify;\"><em>Viva S\u00e3o Jos\u00e9, que ele nos ajude em nossas necessidades mais prementes, particularmente, na luta contra a COVID-19. Sauda\u00e7\u00f5es em Cristo!<\/em><\/p>\n<p>&nbsp;<\/p>\n","protected":false},"excerpt":{"rendered":"<p>Dom Eurico dos Santos Veloso Arcebispo Em\u00e9rito de Juiz de Fora (MG) \u00a0 \u201cJos\u00e9 fez conforme o anjo do Senhor havia mandado\u201d (cf. Mt 1,24a) \u00a0\u00a0\u00a0\u00a0\u00a0\u00a0\u00a0\u00a0 O dia 19 de mar\u00e7o de 2021, por desejo expresso do Papa Francisco na Carta Apost\u00f3lica \u201cPatris corde\u201d sobre os 150 anos em que o Bem-aventurado Papa Pio IX &hellip;<\/p>\n<p class=\"read-more\"> <a class=\"\" href=\"https:\/\/www.cnbb.org.br\/solenidade-de-sao-jose-esposo-de-nossa-senhora\/\"> <span class=\"screen-reader-text\">Solenidade de S\u00e3o Jos\u00e9, esposo de Nossa Senhora<\/span> Leia mais &raquo;<\/a><\/p>\n","protected":false},"author":73,"featured_media":0,"comment_status":"open","ping_status":"open","sticky":false,"template":"","format":"standard","meta":{"site-sidebar-layout":"default","site-content-layout":"default","ast-global-header-display":"","ast-banner-title-visibility":"","ast-main-header-display":"","ast-hfb-above-header-display":"","ast-hfb-below-header-display":"","ast-hfb-mobile-header-display":"","site-post-title":"","ast-breadcrumbs-content":"","ast-featured-img":"","footer-sml-layout":"","theme-transparent-header-meta":"default","adv-header-id-meta":"","stick-header-meta":"","header-above-stick-meta":"","header-main-stick-meta":"","header-below-stick-meta":""},"categories":[758],"tags":[],"acf":[],"_links":{"self":[{"href":"https:\/\/www.cnbb.org.br\/cnbb-app\/wp\/v2\/posts\/260690"}],"collection":[{"href":"https:\/\/www.cnbb.org.br\/cnbb-app\/wp\/v2\/posts"}],"about":[{"href":"https:\/\/www.cnbb.org.br\/cnbb-app\/wp\/v2\/types\/post"}],"author":[{"embeddable":true,"href":"https:\/\/www.cnbb.org.br\/cnbb-app\/wp\/v2\/users\/73"}],"replies":[{"embeddable":true,"href":"https:\/\/www.cnbb.org.br\/cnbb-app\/wp\/v2\/comments?post=260690"}],"version-history":[{"count":0,"href":"https:\/\/www.cnbb.org.br\/cnbb-app\/wp\/v2\/posts\/260690\/revisions"}],"wp:attachment":[{"href":"https:\/\/www.cnbb.org.br\/cnbb-app\/wp\/v2\/media?parent=260690"}],"wp:term":[{"taxonomy":"category","embeddable":true,"href":"https:\/\/www.cnbb.org.br\/cnbb-app\/wp\/v2\/categories?post=260690"},{"taxonomy":"post_tag","embeddable":true,"href":"https:\/\/www.cnbb.org.br\/cnbb-app\/wp\/v2\/tags?post=260690"}],"curies":[{"name":"wp","href":"https:\/\/api.w.org\/{rel}","templated":true}]}}