{"id":260750,"date":"2021-03-16T12:28:33","date_gmt":"2021-03-16T15:28:33","guid":{"rendered":"https:\/\/www.cnbb.org.br\/?p=260750"},"modified":"2021-03-16T12:28:56","modified_gmt":"2021-03-16T15:28:56","slug":"a-igreja-os-sofrimentos-do-povo-pela-cfe-2021-e-oracoes","status":"publish","type":"post","link":"https:\/\/www.cnbb.org.br\/a-igreja-os-sofrimentos-do-povo-pela-cfe-2021-e-oracoes\/","title":{"rendered":"A Igreja, os sofrimentos do povo pela CFE 2021 e ora\u00e7\u00f5es"},"content":{"rendered":"<p style=\"text-align: right;\"><strong>Dom Vital Corbellini<\/strong><br \/>\n<strong> Bispo de Marab\u00e1 (PA)<\/strong><\/p>\n<p>&nbsp;<\/p>\n<p style=\"text-align: justify;\">Todos sabemos que estamos passando por um momento dif\u00edcil praticamente em todo o Brasil, sobretudo com um sistema de sa\u00fade p\u00fablico e privado em colapso. Os sofrimentos da popula\u00e7\u00e3o s\u00e3o causados por diversos aspectos e particularmente pela covid 19 decorrentes de novas variantes como a T1 e de outras que est\u00e3o surgindo ainda mais letais do que o v\u00edrus da primeira onda.<\/p>\n<p style=\"text-align: justify;\">A Campanha da Fraternidade Ecum\u00eanica 2021 (CFE) coloca-nos a import\u00e2ncia da solidariedade diante dos sofredores da sociedade. A Igreja n\u00e3o est\u00e1 alheia aos sofrimentos do povo de Deus e por isso suplica ao Senhor nossas ora\u00e7\u00f5es, a for\u00e7a de poder continuar a caminhada de f\u00e9, de esperan\u00e7a e de caridade.<\/p>\n<p style=\"text-align: justify;\"><strong>A miss\u00e3o de Cristo e da Igreja<\/strong><\/p>\n<p style=\"text-align: justify;\">A Igreja como seguidora de Jesus Cristo est\u00e1 ao lado de todas as pessoas, mas, sobretudo dos pobres, dos sofredores, dos necessitados. Jesus Cristo, retomando o profeta Isaias (cfr. <em>Is<\/em> 61, 1s) disse que o Esp\u00edrito do Senhor estava sobre Ele, pois o ungiu para evangelizar os pobres, proclamar a liberdade aos presos, e aos cegos, a vis\u00e3o, para p\u00f4r em liberdade os oprimidos e para proclamar um ano da gra\u00e7a do Senhor (cfr. <em>Lc<\/em> 4,18-19). A miss\u00e3o do Mestre ocorreu desta forma dando a sua vida pela humanidade, al\u00e9m de expulsar os dem\u00f4nios e ressuscitar os mortos.<\/p>\n<p style=\"text-align: justify;\">A igreja sempre atenta e com olhar dedicado \u00e0 realidade social n\u00e3o poderia estar alheia a tantas pessoas que sofrem por causa e, sobretudo por aqueles que foram alcan\u00e7ados por esta pandemia.<\/p>\n<p style=\"text-align: justify;\">O Conc\u00edlio Vaticano II colocou a import\u00e2ncia de a comunidade eclesial estar junto das pessoas porque isso \u00e9 vida a ser preservada em vista da sua plenitude. \u00c9 fundamental que as alegrias e as esperan\u00e7as, as tristezas e as ang\u00fastias das pessoas do mundo atual, sobretudo em refer\u00eancia aos pobres e de todos aqueles que sofrem, sejam tamb\u00e9m as alegrias e as esperan\u00e7as, as tristezas e as ang\u00fastias dos disc\u00edpulos de Cristo. Na verdade n\u00e3o deve ter uma realidade alguma verdadeiramente humana que n\u00e3o encontre eco no seu cora\u00e7\u00e3o. A comunidade eclesial \u00e9 formada por pessoas humanas, que, reunidas em Cristo, s\u00e3o guiadas pelo Esp\u00edrito Santo na sua peregrina\u00e7\u00e3o em demanda do Reino dos c\u00e9us, e receberam a mensagem da salva\u00e7\u00e3o para comunic\u00e1-la a todos. Por este motivo, a Igreja sente-se real e intimamente ligada ao g\u00eanero humano e \u00e0 sua hist\u00f3ria (cfr. <em>LG<\/em> 1). A Igreja est\u00e1 presente no mundo das pessoas e das comunidades para dar-lhes a for\u00e7a da vida, da paz e do amor que vem do Senhor Deus Uno e Trino.<\/p>\n<p style=\"text-align: justify;\"><strong>A CFE e situa\u00e7\u00f5es de sofrimento<\/strong><\/p>\n<p style=\"text-align: justify;\">A CFE 2021 aludiu ao p\u00fablico, \u00e0s diversas situa\u00e7\u00f5es de sofrimentos que abalam a vida humana. Vimos e vemos ainda discursos negacionistas sobre a realidade e fatalidade da Covid 19, a nega\u00e7\u00e3o da ci\u00eancia e do papel da ONU, da OMS. A pandemia tamb\u00e9m colocou \u00e0s desigualdades econ\u00f4micas e sociais, o retorno do Brasil ao mapa da fome, o desemprego, o aumento dos moradores de rua, as mortes de pessoas, sobretudo de mulheres, e dos povos ind\u00edgenas. A impress\u00e3o que est\u00e1 ocorrendo \u00e9 a cultura da indiferen\u00e7a e da falta de empatia diante dos sofrimentos.<\/p>\n<p style=\"text-align: justify;\">Como reflexo da crise da pandemia, vemos a situa\u00e7\u00e3o de hospitais que est\u00e3o superlotados com os infectados n\u00e3o tendo mais vagas de UTIs, em alguns lugares, com taxa de ocupa\u00e7\u00e3o acima dos 100%, de modo que muitos morrer\u00e3o sem a devida assist\u00eancia m\u00e9dica, hospitalar. Os meios de comunica\u00e7\u00e3o social vem mostrando dia a dia as pessoas emocionadas, chorando desesperadas diante da superlota\u00e7\u00e3o das unidades hospitalares, e como conseq\u00fc\u00eancia tr\u00e1gica a de optar por uma pessoa, deixando a outra sem nenhum atendimento.<\/p>\n<p style=\"text-align: justify;\">Uma realidade chocante vinculada pelos meios de comunica\u00e7\u00e3o referiu-se \u00e0 situa\u00e7\u00e3o de beb\u00eas \u00f3rf\u00e3os de m\u00e3es que deram a vida nos seus partos, mas que acabaram morrendo por causa do Covid 19. Todas essas situa\u00e7\u00f5es relatam sofrimentos nos quais a Igreja, seguindo a Cristo Senhor, o m\u00e9dico das almas e dos corpos, alude-nos ao seguimento das normas sanit\u00e1rias, \u00e0 solidariedade, \u00e0 ora\u00e7\u00e3o.<\/p>\n<p style=\"text-align: justify;\"><strong>As normas sanit\u00e1rias<\/strong><\/p>\n<p style=\"text-align: justify;\">A Igreja segue o ritmo das normas sanit\u00e1rias ressaltando o uso de m\u00e1scaras, \u00e1lcool gel, a comunh\u00e3o dada na m\u00e3o, distanciamento social, e a valoriza\u00e7\u00e3o das vacinas. Pela Igreja e entidades temos tamb\u00e9m a solidariedade, caridade de nossas comunidades aos sofredores, com alimentos e outras ajudas. Ainda que esteja em ritmo lento, mas aos poucos a vacina\u00e7\u00e3o est\u00e1 ocorrendo entre as pessoas. Ela \u00e9 muito importante porque dar\u00e1 maior seguran\u00e7a \u00e0 conviv\u00eancia social.<\/p>\n<p style=\"text-align: justify;\">Pelo Governo federal dever\u00e1 ter novamente o auxilio emergencial que beneficiar\u00e1 muitas fam\u00edlias e pessoas. Um dado que est\u00e1 deixando os cientistas preocupados s\u00e3o as novas variantes que est\u00e3o surgindo, uma que foi no Brasil e outras em diversos lugares do mundo, de modo que a vacina dever\u00e1 responder as quest\u00f5es dessas variantes para imunizar as pessoas. A esperan\u00e7a pela vacina ajudar\u00e1 a ter uma seguran\u00e7a em nossa conviv\u00eancia uns com os outros de irm\u00e3os e de irm\u00e3s em Jesus Cristo.<\/p>\n<p style=\"text-align: justify;\"><strong>A import\u00e2ncia do di\u00e1logo, compromisso de amor<\/strong><\/p>\n<p style=\"text-align: justify;\">A CFE 2021 ressalta o di\u00e1logo, compromisso de amor. Nesses dias a CNBB e outras cinco entidades signat\u00e1rias do \u201cPacto pela Vida e pelo Brasil\u201d entregaram um documento com o titulo \u201cO povo n\u00e3o pode pagar com a pr\u00f3pria vida\u201d \u00e0 coordena\u00e7\u00e3o do F\u00f3rum Nacional de Governadores, ressaltando o apoio aos esfor\u00e7os de governadores e prefeitos para a garantia de prote\u00e7\u00e3o das medidas sanit\u00e1rias e a imuniza\u00e7\u00e3o da popula\u00e7\u00e3o. \u00c9 o di\u00e1logo, como compromisso de amor que est\u00e1 se ressaltando em vista da vida sobre a morte de muitas pessoas da Covid 19.<\/p>\n<p style=\"text-align: justify;\"><strong>As ora\u00e7\u00f5es<\/strong><\/p>\n<p style=\"text-align: justify;\">Em muitas igrejas particulares, em par\u00f3quias e comunidades de f\u00e9 se ressalta a import\u00e2ncia de ter uma jornada de ora\u00e7\u00e3o para todas as pessoas atingidas pela Pandemia ou outras doen\u00e7as. A jornada de ora\u00e7\u00e3o poder\u00e1 perdurar todo o dia ou, simplesmente, ser realizada em algum momento deste. O importante \u00e9 que a pessoa fa\u00e7a ao menos uma ora\u00e7\u00e3o rogando a Deus pelo fim da pandemia e de tantas vidas que vem ceifando. Sigamos firmes na miseric\u00f3rdia do Senhor que nos ampara nas dificuldades encontradas na realidade humana.<\/p>\n","protected":false},"excerpt":{"rendered":"<p>Dom Vital Corbellini Bispo de Marab\u00e1 (PA) &nbsp; Todos sabemos que estamos passando por um momento dif\u00edcil praticamente em todo o Brasil, sobretudo com um sistema de sa\u00fade p\u00fablico e privado em colapso. Os sofrimentos da popula\u00e7\u00e3o s\u00e3o causados por diversos aspectos e particularmente pela covid 19 decorrentes de novas variantes como a T1 e &hellip;<\/p>\n<p class=\"read-more\"> <a class=\"\" href=\"https:\/\/www.cnbb.org.br\/a-igreja-os-sofrimentos-do-povo-pela-cfe-2021-e-oracoes\/\"> <span class=\"screen-reader-text\">A Igreja, os sofrimentos do povo pela CFE 2021 e ora\u00e7\u00f5es<\/span> Leia mais &raquo;<\/a><\/p>\n","protected":false},"author":16,"featured_media":0,"comment_status":"open","ping_status":"open","sticky":false,"template":"","format":"standard","meta":{"site-sidebar-layout":"default","site-content-layout":"default","ast-global-header-display":"","ast-banner-title-visibility":"","ast-main-header-display":"","ast-hfb-above-header-display":"","ast-hfb-below-header-display":"","ast-hfb-mobile-header-display":"","site-post-title":"","ast-breadcrumbs-content":"","ast-featured-img":"","footer-sml-layout":"","theme-transparent-header-meta":"default","adv-header-id-meta":"","stick-header-meta":"","header-above-stick-meta":"","header-main-stick-meta":"","header-below-stick-meta":""},"categories":[758,1837],"tags":[],"acf":[],"_links":{"self":[{"href":"https:\/\/www.cnbb.org.br\/cnbb-app\/wp\/v2\/posts\/260750"}],"collection":[{"href":"https:\/\/www.cnbb.org.br\/cnbb-app\/wp\/v2\/posts"}],"about":[{"href":"https:\/\/www.cnbb.org.br\/cnbb-app\/wp\/v2\/types\/post"}],"author":[{"embeddable":true,"href":"https:\/\/www.cnbb.org.br\/cnbb-app\/wp\/v2\/users\/16"}],"replies":[{"embeddable":true,"href":"https:\/\/www.cnbb.org.br\/cnbb-app\/wp\/v2\/comments?post=260750"}],"version-history":[{"count":0,"href":"https:\/\/www.cnbb.org.br\/cnbb-app\/wp\/v2\/posts\/260750\/revisions"}],"wp:attachment":[{"href":"https:\/\/www.cnbb.org.br\/cnbb-app\/wp\/v2\/media?parent=260750"}],"wp:term":[{"taxonomy":"category","embeddable":true,"href":"https:\/\/www.cnbb.org.br\/cnbb-app\/wp\/v2\/categories?post=260750"},{"taxonomy":"post_tag","embeddable":true,"href":"https:\/\/www.cnbb.org.br\/cnbb-app\/wp\/v2\/tags?post=260750"}],"curies":[{"name":"wp","href":"https:\/\/api.w.org\/{rel}","templated":true}]}}