{"id":260833,"date":"2021-03-17T12:40:53","date_gmt":"2021-03-17T15:40:53","guid":{"rendered":"https:\/\/www.cnbb.org.br\/?p=260833"},"modified":"2021-03-17T12:45:25","modified_gmt":"2021-03-17T15:45:25","slug":"live-desta-quarta-feira-abordara-o-tema-sao-jose-e-a-mistica-da-educacao","status":"publish","type":"post","link":"https:\/\/www.cnbb.org.br\/live-desta-quarta-feira-abordara-o-tema-sao-jose-e-a-mistica-da-educacao\/","title":{"rendered":"Live desta quarta-feira abordar\u00e1 o tema &#8220;S\u00e3o Jos\u00e9 e a m\u00edstica da Educa\u00e7\u00e3o&#8221;"},"content":{"rendered":"<p style=\"text-align: justify;\">A &#8220;Live de Quarta Webinar&#8221; promovida pela Comiss\u00e3o Episcopal Pastoral para a Cultura e a Educa\u00e7\u00e3o da Confer\u00eancia Nacional dos Bispos do Brasil (CNBB) aborda hoje o tema &#8220;Patris Corde: S\u00e3o Jos\u00e9 e a m\u00edstica da Educa\u00e7\u00e3o&#8221;. A live est\u00e1 sintonia com o Ano de S\u00e3o Jos\u00e9, convocado pelo Papa Francisco, e ter\u00e1 in\u00edcio \u00e0s\u00a019h com transmiss\u00e3o pelos canais da CNBB e da Comiss\u00e3o para a Cultura e Educa\u00e7\u00e3o, no Youtube.<\/p>\n<p style=\"text-align: justify;\"><img decoding=\"async\" loading=\"lazy\" class=\"wp-image-260838 size-medium alignleft\" src=\"https:\/\/www.cnbb.org.br\/wp-content\/uploads\/2021\/03\/WhatsApp-Image-2021-03-15-at-22.13.59-300x300.jpeg\" alt=\"\" width=\"300\" height=\"300\" srcset=\"https:\/\/www.cnbb.org.br\/wp-content\/uploads\/2021\/03\/WhatsApp-Image-2021-03-15-at-22.13.59-300x300.jpeg 300w, https:\/\/www.cnbb.org.br\/wp-content\/uploads\/2021\/03\/WhatsApp-Image-2021-03-15-at-22.13.59-1024x1024.jpeg 1024w, https:\/\/www.cnbb.org.br\/wp-content\/uploads\/2021\/03\/WhatsApp-Image-2021-03-15-at-22.13.59-150x150.jpeg 150w, https:\/\/www.cnbb.org.br\/wp-content\/uploads\/2021\/03\/WhatsApp-Image-2021-03-15-at-22.13.59-768x767.jpeg 768w, https:\/\/www.cnbb.org.br\/wp-content\/uploads\/2021\/03\/WhatsApp-Image-2021-03-15-at-22.13.59-800x800.jpeg 800w, https:\/\/www.cnbb.org.br\/wp-content\/uploads\/2021\/03\/WhatsApp-Image-2021-03-15-at-22.13.59-500x500.jpeg 500w, https:\/\/www.cnbb.org.br\/wp-content\/uploads\/2021\/03\/WhatsApp-Image-2021-03-15-at-22.13.59.jpeg 1081w\" sizes=\"(max-width: 300px) 100vw, 300px\" \/>Ser\u00e1 o mediador Paulo Aquino, membro fundador da Fraternidade Divino Mestre. S\u00e3o os convidados a\u00a0Irm\u00e3 Marlete Francsica da Silva, psic\u00f3loga e orientadora de retiros, e o di\u00e1cono Renan Evangelista Silva, coordenador na Pastoral da Educa\u00e7\u00e3o da diocese de Santo Andr\u00e9 (SP).<\/p>\n<p style=\"text-align: justify;\">O Ano de S\u00e3o Jos\u00e9 foi convocado pelo Papa Francisco em 8 de dezembro de 2020, quando divulgou a carta Patris Corde &#8211; com o cora\u00e7\u00e3o de pai. A Igreja prop\u00f5e que seja celebrado um especial Ano de S\u00e3o Jos\u00e9, em que todos os fi\u00e9is, &#8220;seguindo o seu exemplo, possam refor\u00e7ar em cada dia a sua vida de f\u00e9 no pleno cumprimento da vontade de Deus&#8221;.<\/p>\n","protected":false},"excerpt":{"rendered":"<p>A &#8220;Live de Quarta Webinar&#8221; promovida pela Comiss\u00e3o Episcopal Pastoral para a Cultura e a Educa\u00e7\u00e3o CNBB aborda o tema &#8220;Patris Corde: S\u00e3o Jos\u00e9 e a m\u00edstica da Educa\u00e7\u00e3o&#8221;. A live est\u00e1 sintonia com o Ano de S\u00e3o Jos\u00e9 , convocado pelo Papa Francisco, e ter\u00e1 in\u00edcio \u00e0s\u00a019h com transmiss\u00e3o pelos canais da CNBB e da Comiss\u00e3o para a Cultura e Educa\u00e7\u00e3o, no Youtube<\/p>\n","protected":false},"author":83,"featured_media":260840,"comment_status":"open","ping_status":"open","sticky":false,"template":"","format":"standard","meta":{"site-sidebar-layout":"default","site-content-layout":"default","ast-global-header-display":"","ast-banner-title-visibility":"","ast-main-header-display":"","ast-hfb-above-header-display":"","ast-hfb-below-header-display":"","ast-hfb-mobile-header-display":"","site-post-title":"","ast-breadcrumbs-content":"","ast-featured-img":"","footer-sml-layout":"","theme-transparent-header-meta":"default","adv-header-id-meta":"","stick-header-meta":"","header-above-stick-meta":"","header-main-stick-meta":"","header-below-stick-meta":""},"categories":[799,50],"tags":[2200,2544,1866],"acf":[],"_links":{"self":[{"href":"https:\/\/www.cnbb.org.br\/cnbb-app\/wp\/v2\/posts\/260833"}],"collection":[{"href":"https:\/\/www.cnbb.org.br\/cnbb-app\/wp\/v2\/posts"}],"about":[{"href":"https:\/\/www.cnbb.org.br\/cnbb-app\/wp\/v2\/types\/post"}],"author":[{"embeddable":true,"href":"https:\/\/www.cnbb.org.br\/cnbb-app\/wp\/v2\/users\/83"}],"replies":[{"embeddable":true,"href":"https:\/\/www.cnbb.org.br\/cnbb-app\/wp\/v2\/comments?post=260833"}],"version-history":[{"count":0,"href":"https:\/\/www.cnbb.org.br\/cnbb-app\/wp\/v2\/posts\/260833\/revisions"}],"wp:featuredmedia":[{"embeddable":true,"href":"https:\/\/www.cnbb.org.br\/cnbb-app\/wp\/v2\/media\/260840"}],"wp:attachment":[{"href":"https:\/\/www.cnbb.org.br\/cnbb-app\/wp\/v2\/media?parent=260833"}],"wp:term":[{"taxonomy":"category","embeddable":true,"href":"https:\/\/www.cnbb.org.br\/cnbb-app\/wp\/v2\/categories?post=260833"},{"taxonomy":"post_tag","embeddable":true,"href":"https:\/\/www.cnbb.org.br\/cnbb-app\/wp\/v2\/tags?post=260833"}],"curies":[{"name":"wp","href":"https:\/\/api.w.org\/{rel}","templated":true}]}}