{"id":26089,"date":"2015-09-28T00:00:00","date_gmt":"2015-09-28T03:00:00","guid":{"rendered":"https:\/\/www.cnbb.org.br\/cruz-alta-realizada-caminhada-pela-paz\/"},"modified":"2015-09-28T00:00:00","modified_gmt":"2015-09-28T03:00:00","slug":"cruz-alta-realizada-caminhada-pela-paz","status":"publish","type":"post","link":"https:\/\/www.cnbb.org.br\/cruz-alta-realizada-caminhada-pela-paz\/","title":{"rendered":"Diocese de Cruz Alta realiza Caminhada pela Paz\u00a0"},"content":{"rendered":"<p style=\"text-align: justify\">Diocese aproveitou ocasi\u00e3o do translado e Romaria das Crian\u00e7as para fazer o gesto concreto do Ano da Paz\u00a0<\/p>\n<p>  <!--more-->  <\/p>\n<p style=\"text-align: justify\">Engajada na proposta do Ano da Paz, promovido\u00a0pela Confer\u00eancia Nacional dos Bispos do Brasil (CNBB), a diocese de Cruz Alta (RS) realizou a\u00a0Caminhada pela Paz, no \u00faltimo domingo, 27. A iniciativa\u00a0ocorreu paralelamente\u00a0ao translado da imagem de Nossa Senhora de F\u00e1tima e \u00e0 Romaria das Crian\u00e7as, dois eventos j\u00e1 tradicionais na diocese.\u00a0<\/p>\n<p style=\"text-align: justify\">Ao longo do trajeto, os participantes viveram momentos de f\u00e9 e ora\u00e7\u00e3o. Fam\u00edlias inteiras, e especialmente as crian\u00e7as, seguiram cantando e rezando pelo caminho. Os romeiros sa\u00edram do Monumento de Nossa Senhora, ap\u00f3s missa celebrada pelo bispo em\u00e9rito, dom Jac\u00f3 Hilgert, e seguiram em dire\u00e7\u00e3o \u00e0 Catedral. O bispo diocesano, dom Adelar Baruffi, que acompanhou a caminhada, presidiu a missa das 18h.<\/p>\n<p style=\"text-align: justify\">A caminhada \u00e9 uma a\u00e7\u00e3o concreta do Ano da Paz. Muitas par\u00f3quias j\u00e1 est\u00e3o se organizando para realizarem suas caminhadas no dia 4 de outubro, dia de S\u00e3o Francisco. Por\u00e9m, aquelas que j\u00e1 possuem alguma atividade semelhante, como foi o caso das par\u00f3quias do munic\u00edpio de Cruz Alta, podem realiz\u00e1-las conjuntamente.<\/p>\n<p style=\"text-align: justify\">J\u00e1 o translado da imagem de Nossa Senhora de F\u00e1tima e a Romaria das Crian\u00e7as\u00a0s\u00e3o\u00a0realizados todos os anos como parte da programa\u00e7\u00e3o da Romaria ao Monumento de Nossa Senhora de F\u00e1tima, evento que re\u00fane milhares de pessoas. A 64\u00aa edi\u00e7\u00e3o est\u00e1 marcada para o dia 11 de outubro e traz como tema \u201cCom Maria formamos comunidade servidora da Vida!\u201d e lema \u201cOuvintes e praticantes da Palavra de Deus (cf. Lc 8,21)\u201d. A organiza\u00e7\u00e3o espera receber 180 mil fi\u00e9is.<\/p>\n<h3 style=\"text-align: justify\">Novena da Romaria<\/h3>\n<p style=\"text-align: justify\">Em prepara\u00e7\u00e3o\u00a0\u00e0\u00a064\u00aa edi\u00e7\u00e3o da Romaria de F\u00e1tima, no dia 2 de outubro ter\u00e1 in\u00edcio a novena, \u00e0s 20h, na Catedral Divino Esp\u00edrito Santo. Ao longo dos dias, temas como o Conc\u00edlio Vaticano II; A convers\u00e3o pastoral da par\u00f3quia; Comunidade servidora da caridade; entre outros, ser\u00e3o abordados por diferentes palestrantes.\u00a0<\/p>\n<h5 style=\"text-align: justify\">Com informa\u00e7\u00f5es e foto da diocese de Cruz Alta<\/h5>\n<p style=\"text-align: justify\">\u00a0<\/p>\n","protected":false},"excerpt":{"rendered":"<p>Diocese aproveitou ocasi\u00e3o do translado e Romaria das Crian\u00e7as para fazer o gesto concreto do Ano da Paz\u00a0<\/p>\n","protected":false},"author":83,"featured_media":26090,"comment_status":"open","ping_status":"open","sticky":false,"template":"","format":"standard","meta":{"site-sidebar-layout":"default","site-content-layout":"default","ast-global-header-display":"","ast-banner-title-visibility":"","ast-main-header-display":"","ast-hfb-above-header-display":"","ast-hfb-below-header-display":"","ast-hfb-mobile-header-display":"","site-post-title":"","ast-breadcrumbs-content":"","ast-featured-img":"","footer-sml-layout":"","theme-transparent-header-meta":"","adv-header-id-meta":"","stick-header-meta":"","header-above-stick-meta":"","header-main-stick-meta":"","header-below-stick-meta":""},"categories":[769,790],"tags":[],"acf":[],"_links":{"self":[{"href":"https:\/\/www.cnbb.org.br\/cnbb-app\/wp\/v2\/posts\/26089"}],"collection":[{"href":"https:\/\/www.cnbb.org.br\/cnbb-app\/wp\/v2\/posts"}],"about":[{"href":"https:\/\/www.cnbb.org.br\/cnbb-app\/wp\/v2\/types\/post"}],"author":[{"embeddable":true,"href":"https:\/\/www.cnbb.org.br\/cnbb-app\/wp\/v2\/users\/83"}],"replies":[{"embeddable":true,"href":"https:\/\/www.cnbb.org.br\/cnbb-app\/wp\/v2\/comments?post=26089"}],"version-history":[{"count":0,"href":"https:\/\/www.cnbb.org.br\/cnbb-app\/wp\/v2\/posts\/26089\/revisions"}],"wp:featuredmedia":[{"embeddable":true,"href":"https:\/\/www.cnbb.org.br\/cnbb-app\/wp\/v2\/media\/26090"}],"wp:attachment":[{"href":"https:\/\/www.cnbb.org.br\/cnbb-app\/wp\/v2\/media?parent=26089"}],"wp:term":[{"taxonomy":"category","embeddable":true,"href":"https:\/\/www.cnbb.org.br\/cnbb-app\/wp\/v2\/categories?post=26089"},{"taxonomy":"post_tag","embeddable":true,"href":"https:\/\/www.cnbb.org.br\/cnbb-app\/wp\/v2\/tags?post=26089"}],"curies":[{"name":"wp","href":"https:\/\/api.w.org\/{rel}","templated":true}]}}