{"id":260890,"date":"2021-03-18T11:00:23","date_gmt":"2021-03-18T14:00:23","guid":{"rendered":"https:\/\/www.cnbb.org.br\/?p=260890"},"modified":"2021-03-18T11:20:22","modified_gmt":"2021-03-18T14:20:22","slug":"patris-cordis-ano-sao-jose-2021-amoris-latetia-5-anos","status":"publish","type":"post","link":"https:\/\/www.cnbb.org.br\/patris-cordis-ano-sao-jose-2021-amoris-latetia-5-anos\/","title":{"rendered":"Padre Luigi Testa, membro do Comit\u00ea de S\u00e3o Jos\u00e9, fala sobre o Pai de Jesus e o Ano Amoris Laetitia"},"content":{"rendered":"<p style=\"text-align: justify;\"><em>O Papa Francisco dedicou a S\u00e3o Jos\u00e9 uma intensa carta apost\u00f3lica &#8220;Patris Corde &#8211; com um Cora\u00e7\u00e3o de Pai&#8221; em mem\u00f3ria dos 150 anos da declara\u00e7\u00e3o como Padroeiro universal da Igreja e, ao mesmo tempo, lhe dedicou o Ano de S\u00e3o Jos\u00e9 at\u00e9 8 de dezembro de 2021. Francisco chama Jos\u00e9, de o pai amado, pai na ternura, na obedi\u00eancia e no acolhimento, pai de coragem criativa, trabalhador e sempre na penumbra.<\/em><\/p>\n<p style=\"text-align: justify;\"><em>O Comit\u00ea de S\u00e3o Jos\u00e9 re\u00fane v\u00e1rias realidades diferentes, mas todas inspiradas ao Padroeiro universal da Igreja, como os Oblatos, os Josefinos de Murialdo, as Irm\u00e3s Murialdinas, as Franciscanas Mission\u00e1rias do Menino Jesus e muitas outras. Desde ter\u00e7a-feira, 16 de mar\u00e7o, no canal YouTube do Comit\u00ea de S\u00e3o Jos\u00e9, \u00e0s 15h (11h, no Brasil), \u00e9 poss\u00edvel assistir v\u00eddeos que oferecem reflex\u00f5es de biblistas, religiosos e religiosas sobre os aspectos de S\u00e3o Jos\u00e9 como &#8220;pai na obedi\u00eancia&#8221; ou &#8220;pai no acolhimento&#8221;, com imagens que v\u00eam de Roma, N\u00e1poles e Asti, cidades onde existem bas\u00edlicas ou santu\u00e1rios dedicados ao esposo de Maria. <\/em><\/p>\n<p style=\"text-align: justify;\"><em>O padre Luigi Testa, Oblato de S\u00e3o Jos\u00e9, \u00e9 um dos membros do Comit\u00ea de S\u00e3o Jos\u00e9. Ele concedeu uma entrevista ao VaticanNews na qual aprofunda os sentidos de S\u00e3o Jos\u00e9 para a Igreja e para a f\u00e9 cat\u00f3lica. Confira a \u00edntegra a seguir:<\/em><\/p>\n<p style=\"text-align: justify;\"><strong>Padre Testa:<\/strong> O Papa Francisco esclarece desde o in\u00edcio da Carta, que embora o Evangelho fale pouco sobre S\u00e3o Jos\u00e9, diz &#8220;o suficiente&#8221;. Esta j\u00e1 \u00e9 uma primeira afirma\u00e7\u00e3o importante porque geralmente, na prega\u00e7\u00e3o comum ou na linguagem comum, sempre se diz que pouco se sabe sobre Jos\u00e9, mas os dados b\u00edblicos nos dizem que se sabe o suficiente. Depois, esta Carta Apost\u00f3lica \u00e9 muito significativa porque sonda o cora\u00e7\u00e3o de S\u00e3o Jos\u00e9 como se estivesse entrando nas pregas deste cora\u00e7\u00e3o. Al\u00e9m do fato de que n\u00e3o o considera apenas como um cora\u00e7\u00e3o de ternura, um cora\u00e7\u00e3o capaz de obedi\u00eancia, de acolhimento, de coragem criativa e trabalhador, mas \u00e9 significativo que na figura de S\u00e3o Jos\u00e9 o Papa v\u00ea uma figura comum, que pode ser um ponto de refer\u00eancia para muitas pessoas. Tudo isso se declina na vida espiritual, na vida ordin\u00e1ria, na vida cotidiana.<\/p>\n<p style=\"text-align: justify;\"><em><strong>A seu ver, qual \u00e9 a relev\u00e2ncia de S\u00e3o Jos\u00e9 hoje? Como podemos olhar para ele neste tempo de pandemia que condiciona nossa vida, condiciona tamb\u00e9m muitas escolhas?<\/strong><\/em><\/p>\n<p style=\"text-align: justify;\"><strong>Padre Testa:<\/strong> S\u00e3o Jos\u00e9 nos ensina antes de tudo a acolher nossas fraquezas com profunda ternura, a acolher as situa\u00e7\u00f5es de fragilidade, de precariedade que vemos em n\u00f3s e ao nosso redor com a atitude de confian\u00e7a, de delicadeza, de aten\u00e7\u00e3o, evitando o des\u00e2nimo. Ajuda-nos a saber ler nas pregas da hist\u00f3ria a possibilidade de ouvir a voz do Senhor que vem para nos tranquilizar e n\u00e3o nos deixa \u00e0 merc\u00ea de n\u00f3s mesmos. Diante das dificuldades, diz o Papa Francisco, pode haver a atitude de quem abandona o campo ou a atitude de quem de alguma forma se inventa, Jos\u00e9 deve se esfor\u00e7ar, deve se ocupar. Pensemos nesta pandemia, como em nossas atividades pastorais tivemos que nos projetar de outras maneiras, em outras modalidades para chegar \u00e0s pessoas e estar perto delas.<\/p>\n<p style=\"text-align: justify;\"><em><strong>Sexta-feira \u00e9 o dia de S\u00e3o Jos\u00e9 e tamb\u00e9m come\u00e7a o Ano de Amoris laetitia, um ano especial dedicado \u00e0 fam\u00edlia. De que forma S\u00e3o Jos\u00e9 pode ser um farol para a fam\u00edlia de hoje?<\/strong><\/em><\/p>\n<p style=\"text-align: justify;\"><strong>Padre Testa:<\/strong> S\u00e3o Jos\u00e9 n\u00e3o \u00e9 apenas um personagem em si, mas uma pessoa em rela\u00e7\u00e3o. Toda sua vida foi determinada por Maria e Jesus. Ele teve que acolher Maria como sua esposa, acolher Jesus como filho, respondeu a uma miss\u00e3o particular. A fam\u00edlia constitui o fundamento essencial tamb\u00e9m para a vida de Jesus. Jesus nasceu dentro do matrim\u00f4nio, mesmo que por obra do Esp\u00edrito Santo. Portanto, neste ano dedicado a S\u00e3o Jos\u00e9 e depois no Ano da Fam\u00edlia para recordar os 5 anos de Amoris laetitia, a figura do pai putativo se encaixa perfeitamente porque na fam\u00edlia de Nazar\u00e9 temos o reflexo da Trindade celeste. S\u00e3o Jos\u00e9 \u00e9 aquele que se torna senhor em sua casa, mas como sinal da cust\u00f3dia. Da\u00ed a aten\u00e7\u00e3o e a delicadeza para com a mulher, para com Maria, porque Jos\u00e9 nos ensina muito deste ponto de vista ainda hoje. De fato, existem mulheres que vivem dramas em suas situa\u00e7\u00f5es familiares. H\u00e1 aten\u00e7\u00e3o e delicadeza para com Jesus porque o faz crescer, aprendendo tamb\u00e9m a morrer como pai. Portanto, existe este cuidado e aten\u00e7\u00e3o pela fam\u00edlia e por cada fam\u00edlia e, em seguida, um cuidado maior pela Igreja, fam\u00edlia dos filhos de Deus.<\/p>\n<p><strong>Alguns dias atr\u00e1s, falando aos confessores, Francisco sugeriu rezar a S\u00e3o Jos\u00e9 para que eles pudessem receber o dom da paternidade. Como o senhor reflete a paternidade da Igreja ligada a S\u00e3o Jos\u00e9 em sua vida de religioso?<\/strong><\/p>\n<p style=\"text-align: justify;\"><strong>Padre Testa:<\/strong> Esta paternidade requer aten\u00e7\u00e3o, delicadeza, desapego, senso de maturidade, obla\u00e7\u00e3o. Somos Oblatos de S\u00e3o Jos\u00e9, portanto, oferecidos a Deus como S\u00e3o Jos\u00e9 aos cuidados dos interesses de Jesus. N\u00e3o devemos cultivar nossos interesses pessoais ou a afirma\u00e7\u00e3o de n\u00f3s mesmos, mas para dar espa\u00e7o ao outro, atrav\u00e9s da escuta e do sil\u00eancio. S\u00e3o Jos\u00e9 \u00e9 um mestre nisso porque \u00e9 o homem da escuta, mas tamb\u00e9m o homem do sil\u00eancio, n\u00e3o porque est\u00e1 calado e n\u00e3o tem nada a dizer ou n\u00e3o tem palavras, mas porque a sua \u00e9 uma atitude profundamente contemplativa, de acolhimento desta Palavra, esperando o aceno de Deus. Na experi\u00eancia confessional, esta aten\u00e7\u00e3o e delicadeza s\u00e3o necess\u00e1rias para que o outro se sinta acolhido pelo que \u00e9, n\u00e3o tanto pelo pecado que cometeu ou pelo erro que cometeu, mas porque \u00e9 uma pessoa que deve ser acompanhada, ajudada e, acima de tudo, apoiada em sua fragilidade.<\/p>\n<p><strong>Quais frutos o senhor gostaria de ver colhidos durante este ano dedicado a S\u00e3o Jos\u00e9? Qual \u00e9 o seu desejo?<\/strong><\/p>\n<p><strong>Padre Testa:<\/strong> O meu desejo \u00e9 de que se aprofunde S\u00e3o Jos\u00e9 do ponto de vista da reflex\u00e3o teol\u00f3gica, a partir dos dados b\u00edblicos, sua figura como parte essencial dos mist\u00e9rios da vida de Cristo Senhor. Depois, eu espero que o amor por este grande santo cres\u00e7a, n\u00e3o apenas a devo\u00e7\u00e3o, mas tamb\u00e9m o conhecimento teol\u00f3gico, o conhecimento dos mist\u00e9rios de Cristo, porque ele tem muito a dizer \u00e0 vida di\u00e1ria sobre o sentido e o papel da paternidade, que n\u00e3o \u00e9 algo a ser colocado de lado.<\/p>\n<p><strong>Saiba como ser\u00e1 a programa\u00e7\u00e3o do Ano Amoris Laetitia no Brasil:<\/strong><\/p>\n<div class=\"iframely-embed\">\n<div class=\"iframely-responsive\" style=\"padding-bottom: 56.2667%; padding-top: 120px;\"><a href=\"https:\/\/www.cnbb.org.br\/igreja-abre-ano-familia-amoris-laetitia-19-de-marco\/\" data-iframely-url=\"\/\/cdn.iframe.ly\/wAGJ8kO?maxheight=750\"><\/a><\/div>\n<\/div>\n<p><script async src=\"\/\/cdn.iframe.ly\/embed.js\" charset=\"utf-8\"><\/script><\/p>\n<p>&nbsp;<\/p>\n<pre>Com informa\u00e7\u00f5es do <a href=\"https:\/\/www.vaticannews.va\/pt\/papa\/news\/2021-03\/papa-francisco-audiencia-geral-sao-jose-amoris-laetitia.html\" target=\"_blank\" rel=\"noopener\">VaticanNews<\/a> e foto do Vatican Media<\/pre>\n<p>&nbsp;<\/p>\n","protected":false},"excerpt":{"rendered":"<p>Oblato de S\u00e3o Jos\u00e9, padre Luigi concedeu uma entrevista ao VaticanNews na qual aprofunda os sentidos de S\u00e3o Jos\u00e9 para a Igreja e para a f\u00e9 cat\u00f3lica. S\u00e3o Jos\u00e9, segundo ele, reflete a dimens\u00e3o do cuidado de Deus e sua aten\u00e7\u00e3o pela fam\u00edlia e por cada fam\u00edlia e, em seguida, um cuidado maior pela Igreja, fam\u00edlia dos filhos de Deus. Confira a \u00edntegra da entrevista<\/p>\n","protected":false},"author":83,"featured_media":260891,"comment_status":"open","ping_status":"open","sticky":false,"template":"","format":"standard","meta":{"site-sidebar-layout":"default","site-content-layout":"default","ast-global-header-display":"","ast-banner-title-visibility":"","ast-main-header-display":"","ast-hfb-above-header-display":"","ast-hfb-below-header-display":"","ast-hfb-mobile-header-display":"","site-post-title":"","ast-breadcrumbs-content":"","ast-featured-img":"","footer-sml-layout":"","theme-transparent-header-meta":"default","adv-header-id-meta":"","stick-header-meta":"","header-above-stick-meta":"","header-main-stick-meta":"","header-below-stick-meta":""},"categories":[50,761],"tags":[3486,3485,3474],"acf":[],"_links":{"self":[{"href":"https:\/\/www.cnbb.org.br\/cnbb-app\/wp\/v2\/posts\/260890"}],"collection":[{"href":"https:\/\/www.cnbb.org.br\/cnbb-app\/wp\/v2\/posts"}],"about":[{"href":"https:\/\/www.cnbb.org.br\/cnbb-app\/wp\/v2\/types\/post"}],"author":[{"embeddable":true,"href":"https:\/\/www.cnbb.org.br\/cnbb-app\/wp\/v2\/users\/83"}],"replies":[{"embeddable":true,"href":"https:\/\/www.cnbb.org.br\/cnbb-app\/wp\/v2\/comments?post=260890"}],"version-history":[{"count":0,"href":"https:\/\/www.cnbb.org.br\/cnbb-app\/wp\/v2\/posts\/260890\/revisions"}],"wp:featuredmedia":[{"embeddable":true,"href":"https:\/\/www.cnbb.org.br\/cnbb-app\/wp\/v2\/media\/260891"}],"wp:attachment":[{"href":"https:\/\/www.cnbb.org.br\/cnbb-app\/wp\/v2\/media?parent=260890"}],"wp:term":[{"taxonomy":"category","embeddable":true,"href":"https:\/\/www.cnbb.org.br\/cnbb-app\/wp\/v2\/categories?post=260890"},{"taxonomy":"post_tag","embeddable":true,"href":"https:\/\/www.cnbb.org.br\/cnbb-app\/wp\/v2\/tags?post=260890"}],"curies":[{"name":"wp","href":"https:\/\/api.w.org\/{rel}","templated":true}]}}