{"id":260898,"date":"2021-03-18T11:28:26","date_gmt":"2021-03-18T14:28:26","guid":{"rendered":"https:\/\/www.cnbb.org.br\/?p=260898"},"modified":"2021-03-18T11:32:08","modified_gmt":"2021-03-18T14:32:08","slug":"sao-jose-um-coracao-de-pai","status":"publish","type":"post","link":"https:\/\/www.cnbb.org.br\/sao-jose-um-coracao-de-pai\/","title":{"rendered":"S\u00e3o Jos\u00e9: um cora\u00e7\u00e3o de pai"},"content":{"rendered":"<p style=\"text-align: right;\"><strong>Dom Rodolfo Weber<\/strong><br \/>\n<strong>Arcebispo de Passo Fundo (RS)<\/strong><\/p>\n<p>&nbsp;<\/p>\n<p style=\"text-align: justify;\">No dia 19 de mar\u00e7o a Igreja celebra a Solenidade de S\u00e3o Jos\u00e9, esposo da Bem-Aventurada Virgem Maria e Padroeiro Universal da Igreja. Na Solenidade da Imaculada Concei\u00e7\u00e3o de 2020, o Papa Francisco publicou a Carta Apost\u00f3lica <em>Patris Corde \u2013 <\/em>\u201c<em>Com cora\u00e7\u00e3o de Pai\u201d.<\/em> A Carta Apost\u00f3lica tem por objetivo \u201caumentar o amor por este grande Santo, para nos sentirmos impelidos a implorar a sua intercess\u00e3o e para imitarmos as suas virtudes e o seu desvelo\u201d.<\/p>\n<p style=\"text-align: justify;\">Na vida social as \u201cgrandes figuras\u201d influenciam o comportamento. S\u00e3o motivo de admira\u00e7\u00e3o ou at\u00e9 de \u201cesc\u00e2ndalo\u201d. A Igreja, desde a sua origem, valoriza os fi\u00e9is que foram exemplares, at\u00e9 reconhece e declara oficialmente alguns como santos. A eles s\u00e3o dedicadas Igrejas, entram no calend\u00e1rio lit\u00fargico, nas ladainhas e nas ora\u00e7\u00f5es.<\/p>\n<p style=\"text-align: justify;\">Qual \u00e9 a miss\u00e3o dos santos? O Papa Francisco na Carta Apost\u00f3lica nos recorda que a miss\u00e3o dos santos \u201cn\u00e3o \u00e9 apenas conceder milagres ou gra\u00e7as\u201d. Sua miss\u00e3o \u00e9 de \u201cinterceder por n\u00f3s diante de Deus\u201d; eles ajudam os fi\u00e9is a \u201cprocurar a santidade e a perfei\u00e7\u00e3o\u201d, pois \u201ca sua vida \u00e9 uma prova concreta de que \u00e9 poss\u00edvel viver o Evangelho\u201d. \u201cOs santos s\u00e3o exemplos de vida que temos de imitar\u201d. Se n\u00e3o conseguimos fazer o que eles fizeram, cabe-nos implorar a gra\u00e7a da convers\u00e3o.<\/p>\n<p style=\"text-align: justify;\">S\u00e3o poucas e breves as refer\u00eancias a Jos\u00e9 que os evangelistas fazem, mas \u00e9 o suficiente para indicar que tipo de pai ele era e a miss\u00e3o que Deus lhe confiou. Vale replicar o que o Papa Francisco escreveu, e isto \u00e9 um convite para ler inteiramente a Carta Apost\u00f3lica. Jos\u00e9 \u00e9 caracterizado por Francisco como: um amado pai; pai de ternura; pai na obedi\u00eancia; pai no acolhimento; pai com coragem criativa; pai trabalhador e pai na sombra. Ao analisar a vida de S\u00e3o Jos\u00e9 naturalmente a reflex\u00e3o se dirige para n\u00f3s, pois suas virtudes s\u00e3o dignas de admira\u00e7\u00e3o e inspira\u00e7\u00e3o.<\/p>\n<p style=\"text-align: justify;\">A vida de S\u00e3o Jos\u00e9 se desenvolve dentro de circunst\u00e2ncias que fogem daquilo que \u00e9 o natural e o humano. S\u00f3 \u00e9 compreens\u00edvel dentro do mist\u00e9rio do plano de salva\u00e7\u00e3o de Deus. Deus quer que os chamados participem conscientemente e sabendo qual colabora\u00e7\u00e3o est\u00e1 sendo lhes solicitada. Nas diversas circunst\u00e2ncias que Jos\u00e9 diz SIM requer dele uma profunda f\u00e9 em Deus. O que lhe era pedido \u00e9 por meio de \u201csonhos\u201d e estes s\u00e3o confi\u00e1veis at\u00e9 que ponto? Jos\u00e9 os encara como suficientes para obedecer ao que lhe era pedido. Deixa de lado os \u201cseus racioc\u00ednios para dar lugar aos acontecimentos e, por mais misteriosos que possam parecer a seus olhos, ele os acolhe e assume a sua responsabilidade, reconciliando-se com a pr\u00f3pria hist\u00f3ria\u201d. O exemplo de S\u00e3o Jos\u00e9 mostra-nos que a vida espiritual \u201cn\u00e3o \u00e9 um caminho a ser explicado, mas um caminho a ser acolhido\u201d.<\/p>\n<p style=\"text-align: justify;\">S\u00e3o Jos\u00e9 movido pela obedi\u00eancia da f\u00e9 tornou-se um homem de uma coragem criativa. Tomou todas as medidas necess\u00e1rias para proteger e salvar a m\u00e3e e o filho nos dias do nascimento. Cuidado que continuou na inser\u00e7\u00e3o deles na vida social, religiosa e econ\u00f4mica. Leva a fam\u00edlia para participar ativamente da vida do Templo e v\u00ea o filho crescer em \u201csabedoria, idade e gra\u00e7a diante de Deus e dos homens\u201d. Lembra-nos Francisco \u201cN\u00e3o se nasce pai, torna-se pai&#8230; E n\u00e3o se torna pai porque colocou um filho no mundo, mas porque cuida responsavelmente dele\u201d. Jos\u00e9 tornou-se pai de Jesus, mesmo n\u00e3o tendo-o gerado.<\/p>\n","protected":false},"excerpt":{"rendered":"<p>Dom Rodolfo Weber Arcebispo de Passo Fundo (RS) &nbsp; No dia 19 de mar\u00e7o a Igreja celebra a Solenidade de S\u00e3o Jos\u00e9, esposo da Bem-Aventurada Virgem Maria e Padroeiro Universal da Igreja. Na Solenidade da Imaculada Concei\u00e7\u00e3o de 2020, o Papa Francisco publicou a Carta Apost\u00f3lica Patris Corde \u2013 \u201cCom cora\u00e7\u00e3o de Pai\u201d. A Carta &hellip;<\/p>\n<p class=\"read-more\"> <a class=\"\" href=\"https:\/\/www.cnbb.org.br\/sao-jose-um-coracao-de-pai\/\"> <span class=\"screen-reader-text\">S\u00e3o Jos\u00e9: um cora\u00e7\u00e3o de pai<\/span> Leia mais &raquo;<\/a><\/p>\n","protected":false},"author":27,"featured_media":0,"comment_status":"open","ping_status":"open","sticky":false,"template":"","format":"standard","meta":{"site-sidebar-layout":"default","site-content-layout":"default","ast-global-header-display":"","ast-banner-title-visibility":"","ast-main-header-display":"","ast-hfb-above-header-display":"","ast-hfb-below-header-display":"","ast-hfb-mobile-header-display":"","site-post-title":"","ast-breadcrumbs-content":"","ast-featured-img":"","footer-sml-layout":"","theme-transparent-header-meta":"default","adv-header-id-meta":"","stick-header-meta":"","header-above-stick-meta":"","header-main-stick-meta":"","header-below-stick-meta":""},"categories":[758,1837],"tags":[],"acf":[],"_links":{"self":[{"href":"https:\/\/www.cnbb.org.br\/cnbb-app\/wp\/v2\/posts\/260898"}],"collection":[{"href":"https:\/\/www.cnbb.org.br\/cnbb-app\/wp\/v2\/posts"}],"about":[{"href":"https:\/\/www.cnbb.org.br\/cnbb-app\/wp\/v2\/types\/post"}],"author":[{"embeddable":true,"href":"https:\/\/www.cnbb.org.br\/cnbb-app\/wp\/v2\/users\/27"}],"replies":[{"embeddable":true,"href":"https:\/\/www.cnbb.org.br\/cnbb-app\/wp\/v2\/comments?post=260898"}],"version-history":[{"count":0,"href":"https:\/\/www.cnbb.org.br\/cnbb-app\/wp\/v2\/posts\/260898\/revisions"}],"wp:attachment":[{"href":"https:\/\/www.cnbb.org.br\/cnbb-app\/wp\/v2\/media?parent=260898"}],"wp:term":[{"taxonomy":"category","embeddable":true,"href":"https:\/\/www.cnbb.org.br\/cnbb-app\/wp\/v2\/categories?post=260898"},{"taxonomy":"post_tag","embeddable":true,"href":"https:\/\/www.cnbb.org.br\/cnbb-app\/wp\/v2\/tags?post=260898"}],"curies":[{"name":"wp","href":"https:\/\/api.w.org\/{rel}","templated":true}]}}