{"id":260902,"date":"2021-03-18T12:13:27","date_gmt":"2021-03-18T15:13:27","guid":{"rendered":"https:\/\/www.cnbb.org.br\/?p=260902"},"modified":"2021-03-18T12:13:45","modified_gmt":"2021-03-18T15:13:45","slug":"ver-e-comprometer-se-com-jesus","status":"publish","type":"post","link":"https:\/\/www.cnbb.org.br\/ver-e-comprometer-se-com-jesus\/","title":{"rendered":"Ver e comprometer-se com Jesus!"},"content":{"rendered":"<p style=\"text-align: right;\"><strong>Dom Eurico dos Santos Veloso<br \/>\n<\/strong><strong>Arcebispo Em\u00e9rito de Juiz de Fora (MG)<\/strong><\/p>\n<p>&nbsp;<\/p>\n<p style=\"text-align: justify;\">Na liturgia do 5\u00ba Domingo da Quaresma ecoa, com insist\u00eancia, a preocupa\u00e7\u00e3o de Deus no sentido de apontar ao homem o caminho da salva\u00e7\u00e3o e da vida definitiva. A Palavra de Deus garante-nos que a salva\u00e7\u00e3o passa por uma vida vivida na escuta atenta dos projetos de Deus e na doa\u00e7\u00e3o total aos irm\u00e3os.<\/p>\n<p style=\"text-align: justify;\">Na primeira leitura(Jr 31,31-34), Deus apresenta a Israel a proposta de uma nova Alian\u00e7a. Essa Alian\u00e7a implica que Deus mude o cora\u00e7\u00e3o do Povo, pois s\u00f3 com um cora\u00e7\u00e3o transformado o homem ser\u00e1 capaz de pensar, de decidir e de agir de acordo com as propostas de Deus. Com magistral habilidade, Jeremias fecha este nosso tempo de prepara\u00e7\u00e3o para a P\u00e1scoa. Traz tr\u00eas palavras car\u00edssimas ao Antigo Testamento: Alian\u00e7a (<em>berit<\/em>), Lei (<em>torah<\/em>) e Conhecimento (<em>yad\u00e1<\/em>). A primeira ocorre quatro vezes e lembra o primeiro domingo, a segunda recorda a instru\u00e7\u00e3o do Senhor ao seu povo e a terceira ratifica esta intru\u00e7\u00e3o, apontando para a experi\u00eancia profunda do conhecer a Deus. \u00c0s palavras do profeta, podemos nos perguntar: ser\u00e1 que o per\u00edodo quaresmal possibilitou uma experi\u00eancia do conhecimento de Deus? Ser\u00e1 que desendureceu o nosso cora\u00e7\u00e3o? Ser\u00e1 que a Quaresma nos humanizou?<\/p>\n<p style=\"text-align: justify;\">A segunda leitura(Hb 5,7-9) apresenta-nos Jesus Cristo, o sumo-sacerdote da nova Alian\u00e7a, que Se solidariza com os homens e lhes aponta o caminho da salva\u00e7\u00e3o. Esse caminho (e que \u00e9 o mesmo caminho que Jesus seguiu) passa por viver no di\u00e1logo com Deus, na descoberta dos seus desafios e propostas, na obedi\u00eancia radical aos seus projetos.<\/p>\n<p style=\"text-align: justify;\">O Evangelho(Jo 12,20-33) convida-nos a olhar para Jesus, a aprender com Ele, a segui-l\u2019O no caminho do amor radical, do dom da vida, da entrega total a Deus e aos irm\u00e3os. O caminho da cruz parece, aos olhos do mundo, um caminho de fracasso e de morte; mas \u00e9 desse caminho de amor e de doa\u00e7\u00e3o que brota a vida verdadeira e eterna que Deus nos quer oferecer. S\u00e3o Jo\u00e3o retoma a ideia do Filho do Homem. Embora o evangelista explique o sentido dessa eleva\u00e7\u00e3o(Jo 12,34), \u00e9 muito poss\u00edvel l\u00ea-la, tamb\u00e9m, no aspecto da Ressurrei\u00e7\u00e3o. A mensagem \u00e9 profecia de esperan\u00e7a, profecia de alegria, profecia pascal que ressoa (uma voz) em nossos cora\u00e7\u00f5es. \u00c9 instru\u00e7\u00e3o nova, \u00e9 gr\u00e3o de trigo que produz fruto quando morre. Sendo assim, a palavra \u00e9 por demais significativa: a morte existir\u00e1, mas o fruto mais belo ser\u00e1 a vida. Um sinal pascal!<\/p>\n<p style=\"text-align: justify;\">Ver e comprometer-se com Jesus! Pelo ensinamento do gr\u00e3o que morre para nascer e produzir frutos, somos convidados a entender que seguir Cristo envolve comungar da sua vida e do seu destino, doando-nos em favor dos outros. Come\u00e7amos a ser crist\u00e3os de verdade quando o chamado do Mestre nos atrai e nos comprometemos com ele. Somos de fato atra\u00eddos por Ele quando fazemos nosso o movimento que ele fez de ser levantado da terra, at\u00e9 o alto da cruz, momento da doa\u00e7\u00e3o de sua vida.<\/p>\n<p>&nbsp;<\/p>\n<p>&nbsp;<\/p>\n","protected":false},"excerpt":{"rendered":"<p>Dom Eurico dos Santos Veloso Arcebispo Em\u00e9rito de Juiz de Fora (MG) &nbsp; Na liturgia do 5\u00ba Domingo da Quaresma ecoa, com insist\u00eancia, a preocupa\u00e7\u00e3o de Deus no sentido de apontar ao homem o caminho da salva\u00e7\u00e3o e da vida definitiva. A Palavra de Deus garante-nos que a salva\u00e7\u00e3o passa por uma vida vivida na &hellip;<\/p>\n<p class=\"read-more\"> <a class=\"\" href=\"https:\/\/www.cnbb.org.br\/ver-e-comprometer-se-com-jesus\/\"> <span class=\"screen-reader-text\">Ver e comprometer-se com Jesus!<\/span> Leia mais &raquo;<\/a><\/p>\n","protected":false},"author":73,"featured_media":0,"comment_status":"open","ping_status":"open","sticky":false,"template":"","format":"standard","meta":{"site-sidebar-layout":"default","site-content-layout":"default","ast-global-header-display":"","ast-banner-title-visibility":"","ast-main-header-display":"","ast-hfb-above-header-display":"","ast-hfb-below-header-display":"","ast-hfb-mobile-header-display":"","site-post-title":"","ast-breadcrumbs-content":"","ast-featured-img":"","footer-sml-layout":"","theme-transparent-header-meta":"default","adv-header-id-meta":"","stick-header-meta":"","header-above-stick-meta":"","header-main-stick-meta":"","header-below-stick-meta":""},"categories":[758],"tags":[],"acf":[],"_links":{"self":[{"href":"https:\/\/www.cnbb.org.br\/cnbb-app\/wp\/v2\/posts\/260902"}],"collection":[{"href":"https:\/\/www.cnbb.org.br\/cnbb-app\/wp\/v2\/posts"}],"about":[{"href":"https:\/\/www.cnbb.org.br\/cnbb-app\/wp\/v2\/types\/post"}],"author":[{"embeddable":true,"href":"https:\/\/www.cnbb.org.br\/cnbb-app\/wp\/v2\/users\/73"}],"replies":[{"embeddable":true,"href":"https:\/\/www.cnbb.org.br\/cnbb-app\/wp\/v2\/comments?post=260902"}],"version-history":[{"count":0,"href":"https:\/\/www.cnbb.org.br\/cnbb-app\/wp\/v2\/posts\/260902\/revisions"}],"wp:attachment":[{"href":"https:\/\/www.cnbb.org.br\/cnbb-app\/wp\/v2\/media?parent=260902"}],"wp:term":[{"taxonomy":"category","embeddable":true,"href":"https:\/\/www.cnbb.org.br\/cnbb-app\/wp\/v2\/categories?post=260902"},{"taxonomy":"post_tag","embeddable":true,"href":"https:\/\/www.cnbb.org.br\/cnbb-app\/wp\/v2\/tags?post=260902"}],"curies":[{"name":"wp","href":"https:\/\/api.w.org\/{rel}","templated":true}]}}