{"id":26093,"date":"2015-10-08T00:00:00","date_gmt":"2015-10-08T03:00:00","guid":{"rendered":"https:\/\/www.cnbb.org.br\/pastoral-da-saude-promove-congresso-no-rio-grande-do-sul\/"},"modified":"2015-10-08T00:00:00","modified_gmt":"2015-10-08T03:00:00","slug":"pastoral-da-saude-promove-congresso-no-rio-grande-do-sul","status":"publish","type":"post","link":"https:\/\/www.cnbb.org.br\/pastoral-da-saude-promove-congresso-no-rio-grande-do-sul\/","title":{"rendered":"Pastoral da Sa\u00fade promove congresso no Rio Grande do Sul"},"content":{"rendered":"<p style=\"text-align: justify\">Congresso em \u00e2mbito regional abordou diversos temas ligados \u00e0 atividade pastoral<\/p>\n<p><!--more--><\/p>\n<p>&nbsp;<\/p>\n<p style=\"text-align: justify\">Cerca de 240 agentes das dioceses do Rio Grande do Sul reuniram-se, nos dias 3 e 4, no XI Congresso da Pastoral da Sa\u00fade do regional Sul 3 da Confer\u00eancia Nacional dos Bispos do Brasil (CNBB). O evento aconteceu no Teatro Dante Barone da Assembleia Legislativa do estado, em Porto Alegre, e teve como tema \u201cSa\u00fade P\u00fablica requer participa\u00e7\u00e3o\u201d e lema \u201cSer crist\u00e3o \u00e9 fazer o que Jesus fez: Servir\u201d.<\/p>\n<p style=\"text-align: justify\">O Congresso, organizado a cada dois anos no \u00e2mbito\u00a0estadual, teve cinco pain\u00e9is. O primeiro, apresentado pelo di\u00e1cono Antonio Helinton Alves, abordou \u201cAs tr\u00eas dimens\u00f5es da Pastoral da Sa\u00fade na transversalidade da Campanha da Fraternidade de 2015\u201d. O segundo momento de forma\u00e7\u00e3o foi conduzido pelo frei Turra, que tratou de \u201cComo construir a paz \u00e0 luz do Evangelho de Jesus Cristo\u201d. Ainda no primeiro dia, houve o terceiro painel, apresentado pelo frei Wilson Dallangnol, sobre \u201cComunidade de Comunidades, o protagonismo dos leigos\u201d. As atividades do s\u00e1bado\u00a0terminaram com a\u00a0palestra \u201cO saber e o fazer no bem viver\u201d, conduzida pelo professor Jos\u00e9 Maria Wiest.<\/p>\n<p style=\"text-align: justify\">No domingo, o vice-presidente do Conselho Estadual de Sa\u00fade do Rio Grande do Sul (CES-RS), Cl\u00e1udio Augustin, esteve \u00e0 frente do quinto e \u00faltimo painel sobre \u201cA Sa\u00fade como direito de todos e dever do Estado\u201d.<\/p>\n<p style=\"text-align: justify\">No intervalo entre os primeiros pain\u00e9is, houve uma intera\u00e7\u00e3o sobre as propriedades de plantas medicinais, realizada pelo professor Jos\u00e9 Maria Wiest.<\/p>\n<h3 style=\"text-align: justify\">Presen\u00e7a<\/h3>\n<p style=\"text-align: justify\"><img decoding=\"async\" loading=\"lazy\" class=\" alignright size-full wp-image-27339\" style=\"float: right\" title=\"Regional Sul 3 da CNBB\" src=\"https:\/\/www.cnbb.org.br\/wp-content\/uploads\/2020\/03\/XI_Congresso_Pastoral_da_Saude_RS3_300x400.jpg\" alt=\"Regional Sul 3 da CNBB\" width=\"129\" height=\"172\" \/>Durante a abertura do Congresso, comp\u00f4s a mesa o bispo de Santa Cruz do Sul (RS) e referencial das Pastorais Sociais no regional Sul 3 da CNBB, dom Can\u00edsio Klaus. Tamb\u00e9m estiveram presentes a coordenadora da Pastoral da Sa\u00fade no regional, Maria Elis Souza Soares, e o vice, Sergio Helmuth; a coordenadora regional da Confer\u00eancia dos Religiosos do Brasil (CRB-RS), irm\u00e3 Paula Schneider; o coordenador da Pastoral da Sa\u00fade da arquidiocese de Porto Alegre, padre Claudio Dam\u00e9; a representante da Pastoral Afro de Restinga, Elisandra; a presidente do CES-RS, Celia Gervasio, e o deputado estadual, Tarc\u00edsio Zimmrmann, que representou a presid\u00eancia da casa legislativa.<\/p>\n<h3 style=\"text-align: justify\">Pastoral do Cuidado<\/h3>\n<p style=\"text-align: justify\">Ao final das atividades de forma\u00e7\u00e3o, os agentes da Pastoral da Sa\u00fade participaram da missa de envio, celebrada na catedral metropolitana de Porto Alegre. O arcebispo local e presidente do regional Sul 3, dom Jaime Spengler, presidiu a eucaristia. Em sua homilia, dom Jaime destacou que \u201ca Pastoral da Sa\u00fade \u00e9 o cuidado com a vida\u201d e a chamou de \u201ca Pastoral do Cuidado\u201d.<\/p>\n<h5 style=\"text-align: justify\">Com informa\u00e7\u00f5es e fotos do regional Sul 3 da CNBB<\/h5>\n<h5 style=\"text-align: justify\"><\/h5>\n","protected":false},"excerpt":{"rendered":"<p>Congresso em \u00e2mbito regional abordou diversos temas ligados \u00e0 atividade pastoral<\/p>\n","protected":false},"author":83,"featured_media":26094,"comment_status":"open","ping_status":"open","sticky":false,"template":"","format":"standard","meta":{"site-sidebar-layout":"default","site-content-layout":"default","ast-global-header-display":"","ast-banner-title-visibility":"","ast-main-header-display":"","ast-hfb-above-header-display":"","ast-hfb-below-header-display":"","ast-hfb-mobile-header-display":"","site-post-title":"","ast-breadcrumbs-content":"","ast-featured-img":"","footer-sml-layout":"","theme-transparent-header-meta":"","adv-header-id-meta":"","stick-header-meta":"","header-above-stick-meta":"","header-main-stick-meta":"","header-below-stick-meta":""},"categories":[769,790],"tags":[],"acf":[],"_links":{"self":[{"href":"https:\/\/www.cnbb.org.br\/cnbb-app\/wp\/v2\/posts\/26093"}],"collection":[{"href":"https:\/\/www.cnbb.org.br\/cnbb-app\/wp\/v2\/posts"}],"about":[{"href":"https:\/\/www.cnbb.org.br\/cnbb-app\/wp\/v2\/types\/post"}],"author":[{"embeddable":true,"href":"https:\/\/www.cnbb.org.br\/cnbb-app\/wp\/v2\/users\/83"}],"replies":[{"embeddable":true,"href":"https:\/\/www.cnbb.org.br\/cnbb-app\/wp\/v2\/comments?post=26093"}],"version-history":[{"count":0,"href":"https:\/\/www.cnbb.org.br\/cnbb-app\/wp\/v2\/posts\/26093\/revisions"}],"wp:featuredmedia":[{"embeddable":true,"href":"https:\/\/www.cnbb.org.br\/cnbb-app\/wp\/v2\/media\/26094"}],"wp:attachment":[{"href":"https:\/\/www.cnbb.org.br\/cnbb-app\/wp\/v2\/media?parent=26093"}],"wp:term":[{"taxonomy":"category","embeddable":true,"href":"https:\/\/www.cnbb.org.br\/cnbb-app\/wp\/v2\/categories?post=26093"},{"taxonomy":"post_tag","embeddable":true,"href":"https:\/\/www.cnbb.org.br\/cnbb-app\/wp\/v2\/tags?post=26093"}],"curies":[{"name":"wp","href":"https:\/\/api.w.org\/{rel}","templated":true}]}}