{"id":260965,"date":"2021-03-19T10:34:17","date_gmt":"2021-03-19T13:34:17","guid":{"rendered":"https:\/\/www.cnbb.org.br\/?p=260965"},"modified":"2021-03-19T10:34:46","modified_gmt":"2021-03-19T13:34:46","slug":"familia-amoris-laetitia","status":"publish","type":"post","link":"https:\/\/www.cnbb.org.br\/familia-amoris-laetitia\/","title":{"rendered":"Fam\u00edlia &#8220;Amoris Laetitia&#8221;"},"content":{"rendered":"<p style=\"text-align: right;\"><strong>Dom Adimir Antonio Mazali<\/strong><br \/>\n<strong>Bispo Diocesano de Erexim (RS)<\/strong><\/p>\n<p style=\"text-align: justify;\"><strong>\u00a0<\/strong><\/p>\n<p style=\"text-align: justify;\">Prezados irm\u00e3os e irm\u00e3s de A Voz da Diocese, nossa sauda\u00e7\u00e3o e nosso abra\u00e7o fraterno. Estamos celebrando o 5\u00ba. domingo da quaresma e a P\u00e1scoa j\u00e1 se aproxima.<\/p>\n<p style=\"text-align: justify;\">A liturgia deste domingo manifesta a grande preocupa\u00e7\u00e3o de Deus em indicar-nos o verdadeiro caminho da salva\u00e7\u00e3o e da vida. Esse caminho deve ser constru\u00eddo pelo acolhimento da proposta de Deus em transformar o cora\u00e7\u00e3o humano pela sua a\u00e7\u00e3o generosa. Deus quer firmar uma nova alian\u00e7a que consiste em seguir fielmente seus ensinamentos. A liturgia tamb\u00e9m nos mostra que Jesus \u00e9 o sumo-sacerdote da nova alian\u00e7a firmada na sua entrega total por obedi\u00eancia ao Pai. Motiva-nos a aprender com Ele o caminho do amor, da obedi\u00eancia, da doa\u00e7\u00e3o total de si mesmo a Deus e aos irm\u00e3os. A recompensa desta entrega \u00e9 garantia da ressurrei\u00e7\u00e3o e da vida eterna. Por isso, firmemos com Deus esta alian\u00e7a de amor, desapegando-nos de n\u00f3s mesmos para seguir os passos de seu Filho Jesus, confiante de que, passando com Ele pela cruz, alcancemos tamb\u00e9m com Ele, a gra\u00e7a da ressurrei\u00e7\u00e3o.<\/p>\n<p style=\"text-align: justify;\">Caros irm\u00e3os e irm\u00e3s. Tamb\u00e9m trazemos presente hoje que neste dia 19 de mar\u00e7o, a Igreja comemorou 5 anos desde a publica\u00e7\u00e3o da <strong><em>Exorta\u00e7\u00e3o Apost\u00f3lica\u00a0\u201cAmoris Laetitia\u201d\u00a0sobre a beleza e a alegria do amor familiar.<\/em><\/strong> Iniciamos com o Papa Francisco e a seu pedido, o Ano \u201cFam\u00edlia\u00a0<em>Amoris Laetitia<\/em>\u201d, que ser\u00e1 encerrado no X Encontro Mundial das Fam\u00edlias em Roma com o Santo Padre no dia 26 de junho de 2022.<\/p>\n<p style=\"text-align: justify;\"><strong><em>Sigamos o pensamento do Papa Francisco:<\/em><\/strong><\/p>\n<p style=\"text-align: justify;\">A experi\u00eancia da pandemia destacou o papel central da fam\u00edlia como Igreja dom\u00e9stica e tamb\u00e9m a import\u00e2ncia dos la\u00e7os entre as fam\u00edlias, que fazem da Igreja uma &#8220;fam\u00edlia de fam\u00edlias&#8221; (AL 87). Por meio das iniciativas espirituais, pastorais e culturais planejadas para este Ano \u201cFam\u00edlia\u00a0<em>Amoris Laetitia<\/em><strong>\u201d<\/strong>\u00a0o Papa Francisco pretende dirigir-se a todas as comunidades do mundo, convidando cada pessoa a ser uma testemunha do amor familiar.<\/p>\n<p style=\"text-align: justify;\">Tem como objetivos difundir a mensagem crist\u00e3 sobre a fam\u00edlia \u00e0 luz dos desafios do nosso tempo; aprofundar o texto da exorta\u00e7\u00e3o apost\u00f3lica e do magist\u00e9rio do Papa Francisco; convidar toda a Igreja: as dioceses e as par\u00f3quias, juntamente com os movimentos, associa\u00e7\u00f5es e fam\u00edlias, a se dedicarem com vigor \u00e0 pastoral da fam\u00edlia e outras iniciativas em favor da fam\u00edlia.<\/p>\n<p style=\"text-align: justify;\">\u00c0 imita\u00e7\u00e3o da Sagrada Fam\u00edlia, somos chamados a redescobrir o valor educativo do n\u00facleo familiar: ele deve fundar-se no amor que sempre regenera as rela\u00e7\u00f5es e abre horizontes de esperan\u00e7a. A comunh\u00e3o sincera pode ser experimentada na fam\u00edlia quando \u00e9 uma casa de ora\u00e7\u00e3o, quando os afetos s\u00e3o s\u00e9rios, profundos e puros, quando o perd\u00e3o prevalece sobre a disc\u00f3rdia, quando a dureza di\u00e1ria da vida \u00e9 suavizada pela ternura m\u00fatua e pela serena ades\u00e3o \u00e0 vontade de Deus. Deste modo, a fam\u00edlia abre-se \u00e0 alegria que Deus concede a todos os que sabem doar alegremente. Encontra a energia espiritual para se abrir ao mundo exterior, aos outros, ao servi\u00e7o dos irm\u00e3os. A fam\u00edlia evangeliza atrav\u00e9s do exemplo de vida.<\/p>\n<p style=\"text-align: justify;\"><strong><em>Diz ainda o Papa:<\/em><\/strong><strong> \u201c<\/strong>\u00c9 verdade, em todas as fam\u00edlias h\u00e1 problemas, e por vezes at\u00e9 discuss\u00f5es. \u201cPadre, discuti&#8230;\u201d \u2014 \u201csomos humanos, somos fracos e \u00e0s vezes, todos n\u00f3s discutimos em fam\u00edlia. Digo-vos uma coisa: se discutirmos em fam\u00edlia, n\u00e3o terminemos o dia sem fazer as pazes. Na fam\u00edlia h\u00e1 tr\u00eas palavras, tr\u00eas palavras a conservar para sempre: \u2018com licen\u00e7a\u2019, \u2018obrigado\u2019, \u2018desculpa\u2019. Se numa fam\u00edlia, no ambiente familiar, existem estas tr\u00eas palavras, a fam\u00edlia estar\u00e1 bem\u201d.<\/p>\n<p style=\"text-align: justify;\">\u201cEste Ano da Fam\u00edlia \u2018Amoris Laetitia\u2019 quer ser um ano especial para crescer no amor familiar. Convido a um renovado e criativo impulso pastoral para colocar a fam\u00edlia no centro das aten\u00e7\u00f5es da Igreja e da sociedade\u201d.<\/p>\n<p style=\"text-align: justify;\">Confiemos \u00e0 Sagrada Fam\u00edlia de Nazar\u00e9, em particular a S\u00e3o Jos\u00e9, esposo e pai sol\u00edcito, este caminho com as fam\u00edlias do mundo inteiro. Que Maria interceda por todos n\u00f3s para vivermos comprometidos no seguimento de seu Filho Jesus. Am\u00e9m!<\/p>\n<p>&nbsp;<\/p>\n","protected":false},"excerpt":{"rendered":"<p>Dom Adimir Antonio Mazali Bispo Diocesano de Erexim (RS) \u00a0 Prezados irm\u00e3os e irm\u00e3s de A Voz da Diocese, nossa sauda\u00e7\u00e3o e nosso abra\u00e7o fraterno. Estamos celebrando o 5\u00ba. domingo da quaresma e a P\u00e1scoa j\u00e1 se aproxima. A liturgia deste domingo manifesta a grande preocupa\u00e7\u00e3o de Deus em indicar-nos o verdadeiro caminho da salva\u00e7\u00e3o &hellip;<\/p>\n<p class=\"read-more\"> <a class=\"\" href=\"https:\/\/www.cnbb.org.br\/familia-amoris-laetitia\/\"> <span class=\"screen-reader-text\">Fam\u00edlia &#8220;Amoris Laetitia&#8221;<\/span> Leia mais &raquo;<\/a><\/p>\n","protected":false},"author":103,"featured_media":0,"comment_status":"open","ping_status":"open","sticky":false,"template":"","format":"standard","meta":{"site-sidebar-layout":"default","site-content-layout":"default","ast-global-header-display":"","ast-banner-title-visibility":"","ast-main-header-display":"","ast-hfb-above-header-display":"","ast-hfb-below-header-display":"","ast-hfb-mobile-header-display":"","site-post-title":"","ast-breadcrumbs-content":"","ast-featured-img":"","footer-sml-layout":"","theme-transparent-header-meta":"default","adv-header-id-meta":"","stick-header-meta":"","header-above-stick-meta":"","header-main-stick-meta":"","header-below-stick-meta":""},"categories":[758],"tags":[],"acf":[],"_links":{"self":[{"href":"https:\/\/www.cnbb.org.br\/cnbb-app\/wp\/v2\/posts\/260965"}],"collection":[{"href":"https:\/\/www.cnbb.org.br\/cnbb-app\/wp\/v2\/posts"}],"about":[{"href":"https:\/\/www.cnbb.org.br\/cnbb-app\/wp\/v2\/types\/post"}],"author":[{"embeddable":true,"href":"https:\/\/www.cnbb.org.br\/cnbb-app\/wp\/v2\/users\/103"}],"replies":[{"embeddable":true,"href":"https:\/\/www.cnbb.org.br\/cnbb-app\/wp\/v2\/comments?post=260965"}],"version-history":[{"count":0,"href":"https:\/\/www.cnbb.org.br\/cnbb-app\/wp\/v2\/posts\/260965\/revisions"}],"wp:attachment":[{"href":"https:\/\/www.cnbb.org.br\/cnbb-app\/wp\/v2\/media?parent=260965"}],"wp:term":[{"taxonomy":"category","embeddable":true,"href":"https:\/\/www.cnbb.org.br\/cnbb-app\/wp\/v2\/categories?post=260965"},{"taxonomy":"post_tag","embeddable":true,"href":"https:\/\/www.cnbb.org.br\/cnbb-app\/wp\/v2\/tags?post=260965"}],"curies":[{"name":"wp","href":"https:\/\/api.w.org\/{rel}","templated":true}]}}