{"id":26121,"date":"2016-07-01T00:00:00","date_gmt":"2016-07-01T03:00:00","guid":{"rendered":"https:\/\/www.cnbb.org.br\/regional-sul-3-promove-forum-estadual-da-educacao\/"},"modified":"2016-07-01T00:00:00","modified_gmt":"2016-07-01T03:00:00","slug":"regional-sul-3-promove-forum-estadual-da-educacao","status":"publish","type":"post","link":"https:\/\/www.cnbb.org.br\/regional-sul-3-promove-forum-estadual-da-educacao\/","title":{"rendered":"Regional Sul 3 promove F\u00f3rum Estadual da Educa\u00e7\u00e3o"},"content":{"rendered":"<p style=\"text-align: justify\">Evento busca\u00a0motivar os trabalhos da Pastoral da Educa\u00e7\u00e3o<\/p>\n<p>  <!--more-->  <\/p>\n<p style=\"text-align: justify\">Com o apoio da Faculdade Dom Bosco e da Pontif\u00edcia Universidade Cat\u00f3lica do Rio Grande do Sul (PUC-RS), o regional Sul 3 da Confer\u00eancia Nacional dos bispos do Brasil (CNBB) promover\u00e1, no dia 18 de julho, o F\u00f3rum Estadual de Educa\u00e7\u00e3o (FEE). O evento ser\u00e1 realizado no audit\u00f3rio da PUC-RS e tem por objetivo relan\u00e7ar, de forma org\u00e2nica, met\u00f3dica e sistem\u00e1tica, a Pastoral da Educa\u00e7\u00e3o em cada uma das 18 dioceses que comp\u00f5em o regional.<\/p>\n<p style=\"text-align: justify\">Destinado a diretores, coordenadores, professores e funcion\u00e1rios de escolas estatais e particulares, assim como bispos e coordenadores de pastorais, o evento conta com uma programa\u00e7\u00e3o extensa.\u00a0Na parte da manh\u00e3, os participantes contar\u00e3o com duas palestras, divididas na metodologia ver e julgar, respectivamente. A primeira delas \u00e9 intitulada \u201cOs jovens pedem passagem\u201d e ter\u00e1\u00a0com a assessoria do Observat\u00f3rio da Juventude da PUC-RS. J\u00e1 a segunda, ter\u00e1 a participa\u00e7\u00e3o do bispo auxiliar de Porto Alegre e referencial da Educa\u00e7\u00e3o no regional Sul 3, dom Leomar Ant\u00f4nio Brustolin.<\/p>\n<p style=\"text-align: justify\">\u00c0 tarde, com base na metodologia \u201cagir\u201d, haver\u00e1 a palestra sobre \u201cPossibilidades e perspectivas para a presen\u00e7a da Igreja Cat\u00f3lica do regional Sul 3 da CNBB, no mundo da escola ga\u00facha\u201d. Este tema ser\u00e1 assessorado pelo coordenador da pastoral da Educa\u00e7\u00e3o no regional sul 3, padre Marcos Sandrini.<\/p>\n<p style=\"text-align: justify\">Confira outras informa\u00e7\u00f5es <a href=\"http:\/\/www.arquidiocesepoa.org.br\/paf.asp?catego=1&amp;exibir=7241\" target=\"_blank\" rel=\"noopener\">no site da arquidiocese de Porto Alegre<\/a>.<\/p>\n<p style=\"text-align: justify\">\u00a0<\/p>\n<h4 style=\"text-align: justify\">Com informa\u00e7\u00f5es da arquidiocese de Porto Alegre<\/h4>\n<p>\u00a0<\/p>\n<p>\u00a0<\/p>\n<p>\u00a0<\/p>\n","protected":false},"excerpt":{"rendered":"<p>Evento busca\u00a0motivar os trabalhos da Pastoral da Educa\u00e7\u00e3o<\/p>\n","protected":false},"author":83,"featured_media":26122,"comment_status":"open","ping_status":"open","sticky":false,"template":"","format":"standard","meta":{"site-sidebar-layout":"default","site-content-layout":"default","ast-global-header-display":"","ast-banner-title-visibility":"","ast-main-header-display":"","ast-hfb-above-header-display":"","ast-hfb-below-header-display":"","ast-hfb-mobile-header-display":"","site-post-title":"","ast-breadcrumbs-content":"","ast-featured-img":"","footer-sml-layout":"","theme-transparent-header-meta":"","adv-header-id-meta":"","stick-header-meta":"","header-above-stick-meta":"","header-main-stick-meta":"","header-below-stick-meta":""},"categories":[769,790],"tags":[],"acf":[],"_links":{"self":[{"href":"https:\/\/www.cnbb.org.br\/cnbb-app\/wp\/v2\/posts\/26121"}],"collection":[{"href":"https:\/\/www.cnbb.org.br\/cnbb-app\/wp\/v2\/posts"}],"about":[{"href":"https:\/\/www.cnbb.org.br\/cnbb-app\/wp\/v2\/types\/post"}],"author":[{"embeddable":true,"href":"https:\/\/www.cnbb.org.br\/cnbb-app\/wp\/v2\/users\/83"}],"replies":[{"embeddable":true,"href":"https:\/\/www.cnbb.org.br\/cnbb-app\/wp\/v2\/comments?post=26121"}],"version-history":[{"count":0,"href":"https:\/\/www.cnbb.org.br\/cnbb-app\/wp\/v2\/posts\/26121\/revisions"}],"wp:featuredmedia":[{"embeddable":true,"href":"https:\/\/www.cnbb.org.br\/cnbb-app\/wp\/v2\/media\/26122"}],"wp:attachment":[{"href":"https:\/\/www.cnbb.org.br\/cnbb-app\/wp\/v2\/media?parent=26121"}],"wp:term":[{"taxonomy":"category","embeddable":true,"href":"https:\/\/www.cnbb.org.br\/cnbb-app\/wp\/v2\/categories?post=26121"},{"taxonomy":"post_tag","embeddable":true,"href":"https:\/\/www.cnbb.org.br\/cnbb-app\/wp\/v2\/tags?post=26121"}],"curies":[{"name":"wp","href":"https:\/\/api.w.org\/{rel}","templated":true}]}}