{"id":261223,"date":"2021-03-24T12:33:42","date_gmt":"2021-03-24T15:33:42","guid":{"rendered":"https:\/\/www.cnbb.org.br\/?p=261223"},"modified":"2021-03-24T17:36:03","modified_gmt":"2021-03-24T20:36:03","slug":"nuncio-apostolico-no-brasil-participa-da-reuniao-do-conselho-permanente","status":"publish","type":"post","link":"https:\/\/www.cnbb.org.br\/nuncio-apostolico-no-brasil-participa-da-reuniao-do-conselho-permanente\/","title":{"rendered":"N\u00fancio apost\u00f3lico no Brasil participa da reuni\u00e3o do Conselho Permanente"},"content":{"rendered":"<p style=\"text-align: justify;\">O Conselho Permanente da Confer\u00eancia Nacional dos Bispos do Brasil (CNBB) iniciou, nesta quarta-feira, 24 de mar\u00e7o, o seu primeiro encontro de 2021. A reuni\u00e3o segue de forma virtual at\u00e9 amanh\u00e3 com sess\u00f5es pela manh\u00e3 e \u00e0 tarde. Na abertura da reuni\u00e3o de hoje, os bispos receberam o novo n\u00fancio apost\u00f3lico no Brasil, dom Giambattista Diquattro, que falou da disponibilidade de a Nunciatura atender os bispos neste tempo de pandemia, por meio de videoconfer\u00eancia.<\/p>\n<figure id=\"attachment_261233\" aria-describedby=\"caption-attachment-261233\" style=\"width: 1024px\" class=\"wp-caption aligncenter\"><img decoding=\"async\" loading=\"lazy\" class=\"size-large wp-image-261233\" src=\"https:\/\/www.cnbb.org.br\/wp-content\/uploads\/2021\/03\/Conselho-Permanente-marco-2021-Nuncio-Apostolico-1024x662.png\" alt=\"\" width=\"1024\" height=\"662\" srcset=\"https:\/\/www.cnbb.org.br\/wp-content\/uploads\/2021\/03\/Conselho-Permanente-marco-2021-Nuncio-Apostolico-1024x662.png 1024w, https:\/\/www.cnbb.org.br\/wp-content\/uploads\/2021\/03\/Conselho-Permanente-marco-2021-Nuncio-Apostolico-300x194.png 300w, https:\/\/www.cnbb.org.br\/wp-content\/uploads\/2021\/03\/Conselho-Permanente-marco-2021-Nuncio-Apostolico-768x496.png 768w, https:\/\/www.cnbb.org.br\/wp-content\/uploads\/2021\/03\/Conselho-Permanente-marco-2021-Nuncio-Apostolico-500x323.png 500w, https:\/\/www.cnbb.org.br\/wp-content\/uploads\/2021\/03\/Conselho-Permanente-marco-2021-Nuncio-Apostolico.jpg 1170w\" sizes=\"(max-width: 1024px) 100vw, 1024px\" \/><figcaption id=\"caption-attachment-261233\" class=\"wp-caption-text\">N\u00fancio Apost\u00f3lico no Brasil, dom Giambattista Diquattro<\/figcaption><\/figure>\n<p style=\"text-align: justify;\">V\u00e1rios temas est\u00e3o na pauta da reuni\u00e3o, com destaque para a prepara\u00e7\u00e3o para a 58\u00aa Assembleia Geral da Confer\u00eancia, que ser\u00e1 realizada virtualmente de 12 a 16 de abril. Os bispos j\u00e1 trataram nesta manh\u00e3, al\u00e9m da pauta da Assembleia Geral, sobre o pedido de apoio do Minist\u00e9rio P\u00fablico do Trabalho para a campanha contra o trabalho infantil, da reforma do Estatuto e uma primeira rodada de informes de comiss\u00f5es, regionais e organismos.<\/p>\n<p style=\"text-align: justify;\">Ainda est\u00e3o na pauta: an\u00e1lises de conjuntura eclesial e social; aprova\u00e7\u00e3o de publica\u00e7\u00e3o; Assembleia Eclesial do Conselho do Episcopado Latino Americano (Celam); Campanha da Fraternidade 2022; Coletas da Igreja em 2021; encontro de parlamentares cat\u00f3licos; Fundo Nacional de Solidariedade; Miss\u00e3o da Igreja no Brasil no Haiti; entre outros temas.<\/p>\n<h3 style=\"text-align: justify;\">58\u00aa Assembleia Geral<\/h3>\n<p style=\"text-align: justify;\">O arcebispo de Belo Horizonte (MG) e presidente da CNBB, dom Walmor Oliveira de Azevedo, contextualizou que as aprendizagens em rela\u00e7\u00e3o ao uso das ferramentas digitais \u201cd\u00e3o condi\u00e7\u00f5es de realizar a 58\u00aa Assembleia Geral virtualmente\u201d.<\/p>\n<p style=\"text-align: justify;\">O bispo auxiliar do Rio de Janeiro (RJ) e secret\u00e1rio-geral da CNBB, dom Joel Portella Amado, explicou as peculiaridades e a din\u00e2mica de funcionamento da edi\u00e7\u00e3o virtual, a proposta de programa\u00e7\u00e3o e pontuou quest\u00f5es de seguran\u00e7a. Tamb\u00e9m apresentou os temas j\u00e1 definidos para debate, exposi\u00e7\u00e3o e delibera\u00e7\u00e3o pastoral. Os bispos sugeriram acr\u00e9scimos de temas para serem trabalhados durante o encontro.<\/p>\n<h3 style=\"text-align: justify;\">Trabalho Infantil<\/h3>\n<p style=\"text-align: justify;\">Seguindo com a pauta, o assessor pol\u00edtico da CNBB, padre Paulo Renato Campos, apresentou o pedido de apoio do Minist\u00e9rio P\u00fablico do Trabalho, por meio da Coordenadoria da Inf\u00e2ncia, para divulgar e promover regionalmente a campanha contra o trabalho infantil. Os membros do Minist\u00e9rio P\u00fablico solicitaram apoio para a campanha do dia 12 de junho, quando \u00e9 celebrado o Dia Mundial contra o Trabalho Infantil, e para a visibilidade durante todo o ano de 2021.<\/p>\n<h3 style=\"text-align: justify;\">Estatuto<\/h3>\n<p style=\"text-align: justify;\">Os bispos tamb\u00e9m foram informados sobre o processo de reflex\u00e3o e constru\u00e7\u00e3o do novo estatuto da CNBB. O subsecret\u00e1rio adjunto de Pastoral da CNBB, padre Marcus Barbosa Guimar\u00e3es, partilhou que foi conclu\u00edda a segunda fase do processo, que consistiu na s\u00edntese do question\u00e1rio a partir do texto de reflex\u00e3o &#8220;Um novo Estatuto: sinodalidade de miss\u00e3o&#8221;. A terceira fase j\u00e1 foi iniciada com o envio da s\u00edntese para os bispos e secret\u00e1rios regionais para que estudem e reajam ao conte\u00fado, acrescentando e propondo modifica\u00e7\u00f5es.<\/p>\n<p style=\"text-align: justify;\">Outro membro da comiss\u00e3o que prepara a altera\u00e7\u00e3o, padre Danilo Pinto falou sobre a realiza\u00e7\u00e3o de semin\u00e1rios on-line que refletiram sobre crit\u00e9rios e eixos do Estatuto. Padre Danilo detalhou uma s\u00edntese das principais conclus\u00f5es sobre os temas aprofundados na s\u00e9rie de webin\u00e1rios realizados pela CNBB por meio do Instituto Nacional de Pastoral Alberto Antoniazzi (INAPAZ) e transmitidos no canal da CNBB no Youtube, entre 1\u00ba de outubro e 5 de novembro de 2020.<\/p>\n<h3 style=\"text-align: justify;\">Informes<\/h3>\n<p style=\"text-align: justify;\">Na primeira rodada de informes, bispos partilharam sobre a atua\u00e7\u00e3o pastoral no tempo de pandemia, al\u00e9m de iniciativas e projetos em curso.<\/p>\n<h3>Segundo momento<\/h3>\n<p style=\"text-align: justify;\">Na parte da tarde da reuni\u00e3o do Conselho Permanente, a equipe de an\u00e1lise de conjuntura social p\u00f4de recolher contribui\u00e7\u00f5es para a elabora\u00e7\u00e3o de um texto que ser\u00e1 apresentado na pr\u00f3xima Assembleia Geral da Confer\u00eancia, a ser realizada em abril.<\/p>\n<p style=\"text-align: justify;\">\u201cEstaremos apresentando um texto que abarca diversos cen\u00e1rios para ser apresentado na 58\u00ba Assembleia da CNBB. N\u00f3s temos a certeza de que a contribui\u00e7\u00e3o de voc\u00eas possa trazer algo mais completo\u201d, disse o padre Paulo Renato, assessor pol\u00edtico e membro da equipe de conjuntura.<\/p>\n<p style=\"text-align: justify;\">Dom Francisco Lima, que tamb\u00e9m integra a equipe de an\u00e1lise de conjuntura, agradeceu as interven\u00e7\u00f5es feitas pelos bispos e disse, que, com as contribui\u00e7\u00f5es seria poss\u00edvel ter algo mais amplo.<\/p>\n<p style=\"text-align: justify;\"><strong>Publica\u00e7\u00f5es &#8211; <\/strong>Ainda durante a reuni\u00e3o, foram tratadas os documentos elaborados pelas Comiss\u00f5es que precisam do aval do Conselho Permanente para a publica\u00e7\u00e3o.<\/p>\n<p style=\"text-align: justify;\">Na ocasi\u00e3o, o presidente da Comiss\u00e3o para a Liturgia, dom Edmar Peron, pediu a aprecia\u00e7\u00e3o dos bispos com rela\u00e7\u00e3o \u00e0 publica\u00e7\u00e3o de um estudo, preparado pelo Setor Espa\u00e7o Lit\u00fargico, sobre a reforma das igrejas. Dom Edmar explicou que o texto trata sobre a conserva\u00e7\u00e3o, adequa\u00e7\u00e3o e o restauro das Igrejas.<\/p>\n<p style=\"text-align: justify;\">Dom Moacir Silva disse que o texto estava bom e estava de acordo. J\u00e1 dom Edmilson Tadeu Canavarros dos Santos, bispo auxiliar de Manaus (AM), tamb\u00e9m concordou com a publica\u00e7\u00e3o. \u201cEst\u00e1 bom e penso que como estudo nos ajuda muito a provocar uma reflex\u00e3o mais profunda sobre essa tema\u201d.<\/p>\n<p style=\"text-align: justify;\">Ao final, todos concordaram com a publica\u00e7\u00e3o do texto.<\/p>\n<p style=\"text-align: justify;\"><strong>Regionais e Comiss\u00f5es &#8211; <\/strong>Tamb\u00e9m, na parte da tarde, houve um momento de partilha dos regionais e comiss\u00f5es.<\/p>\n<p style=\"text-align: justify;\">Dom Joaqu\u00edn Perti\u00f1ez, do regional Noroeste, falou da dificuldade que o regional est\u00e1 passando, sobretudo, no quesito da crise da sa\u00fade p\u00fablica. Mencionou tamb\u00e9m as enchentes no Rio Branco, no Acre, e a falta de insumos para a popula\u00e7\u00e3o. \u201cEstamos esperando s\u00f3 a miseric\u00f3rdia de Deus\u201d.<\/p>\n<p style=\"text-align: justify;\">Dom Jos\u00e9 Gislon, do Sul 3, disse que a realidade l\u00e1 n\u00e3o era diferente dos demais, sobretudo pela quest\u00e3o da pandemia. \u201cPerdemos muitas lideran\u00e7as e sacerdotes pela Covid\u201d, disse. O bispo citou, ainda, que a atual realidade os ajudava a olhar mais de perto a presen\u00e7a da miseric\u00f3rdia de Deus. \u201cPe\u00e7o aten\u00e7\u00e3o \u00e0 quest\u00e3o social: o n\u00famero de desempregados, a fome, o aumento do custo de vida tem prejudicado a solidariedade. Creio que n\u00e3o podemos deixar o povo de Deus abandonado \u00e0 pr\u00f3pria sorte; e a realidade dos mais pobres \u00e9 a mais afetada. A Igreja deve ser a motivadora de solidariedade e portadora de esperan\u00e7a\u201d, disse.<\/p>\n<p style=\"text-align: justify;\">Dom Jos\u00e9 Francisco, do Leste 1, disse acreditar que a situa\u00e7\u00e3o \u00e9 critica em todos os lugares. \u201cPor aqui o cuidado \u00e9 o de mantermos o distanciamento social\u201d, frisou.<\/p>\n<p style=\"text-align: justify;\">Os demais tamb\u00e9m apresentaram suas quest\u00f5es. A reuni\u00e3o seguiu com outros informes e ter\u00e1 continuidade amanh\u00e3, \u00a025, de forma virtual.<\/p>\n<p style=\"text-align: justify;\">\n","protected":false},"excerpt":{"rendered":"<p>O Conselho Permanente da Confer\u00eancia Nacional dos Bispos do Brasil (CNBB) iniciou, nesta quarta-feira, 24 de mar\u00e7o, o seu primeiro encontro de 2021. A reuni\u00e3o segue de forma virtual at\u00e9 amanh\u00e3 com sess\u00f5es pela manh\u00e3 e \u00e0 tarde. Na abertura da reuni\u00e3o de hoje, os bispos receberam o novo n\u00fancio apost\u00f3lico no Brasil, dom Giambattista &hellip;<\/p>\n<p class=\"read-more\"> <a class=\"\" href=\"https:\/\/www.cnbb.org.br\/nuncio-apostolico-no-brasil-participa-da-reuniao-do-conselho-permanente\/\"> <span class=\"screen-reader-text\">N\u00fancio apost\u00f3lico no Brasil participa da reuni\u00e3o do Conselho Permanente<\/span> Leia mais &raquo;<\/a><\/p>\n","protected":false},"author":83,"featured_media":261234,"comment_status":"open","ping_status":"open","sticky":false,"template":"","format":"standard","meta":{"site-sidebar-layout":"default","site-content-layout":"default","ast-global-header-display":"","ast-banner-title-visibility":"","ast-main-header-display":"","ast-hfb-above-header-display":"","ast-hfb-below-header-display":"","ast-hfb-mobile-header-display":"","site-post-title":"","ast-breadcrumbs-content":"","ast-featured-img":"","footer-sml-layout":"","theme-transparent-header-meta":"default","adv-header-id-meta":"","stick-header-meta":"","header-above-stick-meta":"","header-main-stick-meta":"","header-below-stick-meta":""},"categories":[834,1841],"tags":[3053],"acf":[],"_links":{"self":[{"href":"https:\/\/www.cnbb.org.br\/cnbb-app\/wp\/v2\/posts\/261223"}],"collection":[{"href":"https:\/\/www.cnbb.org.br\/cnbb-app\/wp\/v2\/posts"}],"about":[{"href":"https:\/\/www.cnbb.org.br\/cnbb-app\/wp\/v2\/types\/post"}],"author":[{"embeddable":true,"href":"https:\/\/www.cnbb.org.br\/cnbb-app\/wp\/v2\/users\/83"}],"replies":[{"embeddable":true,"href":"https:\/\/www.cnbb.org.br\/cnbb-app\/wp\/v2\/comments?post=261223"}],"version-history":[{"count":0,"href":"https:\/\/www.cnbb.org.br\/cnbb-app\/wp\/v2\/posts\/261223\/revisions"}],"wp:featuredmedia":[{"embeddable":true,"href":"https:\/\/www.cnbb.org.br\/cnbb-app\/wp\/v2\/media\/261234"}],"wp:attachment":[{"href":"https:\/\/www.cnbb.org.br\/cnbb-app\/wp\/v2\/media?parent=261223"}],"wp:term":[{"taxonomy":"category","embeddable":true,"href":"https:\/\/www.cnbb.org.br\/cnbb-app\/wp\/v2\/categories?post=261223"},{"taxonomy":"post_tag","embeddable":true,"href":"https:\/\/www.cnbb.org.br\/cnbb-app\/wp\/v2\/tags?post=261223"}],"curies":[{"name":"wp","href":"https:\/\/api.w.org\/{rel}","templated":true}]}}