{"id":26125,"date":"2016-07-20T00:00:00","date_gmt":"2016-07-20T03:00:00","guid":{"rendered":"https:\/\/www.cnbb.org.br\/forum-estadual-de-educacao-relanca-pastoral-da-educacao-no-rio-grande-do-sul\/"},"modified":"2016-07-20T00:00:00","modified_gmt":"2016-07-20T03:00:00","slug":"forum-estadual-de-educacao-relanca-pastoral-da-educacao-no-rio-grande-do-sul","status":"publish","type":"post","link":"https:\/\/www.cnbb.org.br\/forum-estadual-de-educacao-relanca-pastoral-da-educacao-no-rio-grande-do-sul\/","title":{"rendered":"F\u00f3rum Estadual discute Pastoral da Educa\u00e7\u00e3o no Rio Grande do Sul"},"content":{"rendered":"<p style=\"text-align: justify\">Cerca de 180 professores das redes p\u00fablica e privada participaram do evento<\/p>\n<p><!--more--><\/p>\n<p style=\"text-align: justify\">Professores das redes p\u00fablica e privada de educa\u00e7\u00e3o do Rio Grande do Sul participaram do 1\u00ba F\u00f3rum Estadual de Educa\u00e7\u00e3o, ocorrido no dia 18 de julho, na Pontif\u00edcia Universidade Cat\u00f3lica (PUC-RS), em Porto Alegre.<\/p>\n<p style=\"text-align: justify\">O evento, que reuniu cerca de 180 pessoas, representantes das 14 dioceses ga\u00fachas, foi iniciativa da Comiss\u00e3o Regional da Pastoral da Educa\u00e7\u00e3o, que teve como objetivo fortalecer o ensino religioso e dinamizar \u00a0<span style=\"font-size: 12.16px;line-height: 15.808px\">a identidade e a miss\u00e3o da escola cat\u00f3lica em cada uma das dioceses que comp\u00f5em o regional Sul 3 da Confer\u00eancia Nacional dos Bispos do Brasil (CNBB).<\/span><\/p>\n<p style=\"text-align: justify\">\u201cAs dioceses est\u00e3o aqui para organizarmos e relan\u00e7armos a Pastoral da Educa\u00e7\u00e3o no Rio Grande do Sul. O objetivo \u00e9 trabalhar a humaniza\u00e7\u00e3o da escola, buscar um humanismo integral e solid\u00e1rio como fala a tradi\u00e7\u00e3o crist\u00e3. Para isso, propomos que cada diocese organize,\u00a0por meio\u00a0de seus professores, n\u00facleos da\u00a0Pastoral da\u00a0Educa\u00e7\u00e3o para refletir, dialogar e, especialmente, escutar os professores\u201d, salientou o bispo auxiliar da arquidiocese de Porto Alegre e referencial para a Comiss\u00e3o de Educa\u00e7\u00e3o e Cultura do regional Sul 3, dom Leomar Brustolin.<\/p>\n<p style=\"text-align: justify\">O F\u00f3rum\u00a0contou com as assessorias de Maur\u00edcio Perondi e M\u00e1rcio Amaral, do Observat\u00f3rio Juventudes da PUCRS, que debateram o tema \u201cOs jovens pedem passagem\u201d.\u00a0Dom Leomar Brustolin refletiu sobre a \u201cEduca\u00e7\u00e3o Crist\u00e3: um projeto de humaniza\u00e7\u00e3o\u201d. J\u00e1 o bispo de Rio Grande, dom Ricardo Hoepers, fez uma exposi\u00e7\u00e3o sobre a \u201cPastoral da Educa\u00e7\u00e3o a partir do Documento Estudos da CNBB 110 \u2013 Pastoral da Educa\u00e7\u00e3o: Estudos para Diretrizes Nacionais\u201d. \u00a0Na ocasi\u00e3o, as dioceses de Erexim e Caxias do Sul apresentaram cases sobre a Pastoral da Educa\u00e7\u00e3o.<\/p>\n<p style=\"text-align: justify\">No final do evento, dom Leomar exp\u00f4s a proposta da\u00a0Pastoral\u00a0em \u00e2mbito\u00a0estadual e salientou a import\u00e2ncia das a\u00e7\u00f5es nas dioceses, munic\u00edpios e par\u00f3quias. De acordo com o bispo, os desafios s\u00e3o grandes, mas h\u00e1 muita esperan\u00e7a. \u201cA esperan\u00e7a se consolida na medida em que tantos professores vindos de diversos pontos do Estado estiveram aqui neste dia\u201d, concluiu.<\/p>\n<h4 style=\"text-align: justify\">Com informa\u00e7\u00f5es e foto do regional Sul 3<\/h4>\n","protected":false},"excerpt":{"rendered":"<p>Cerca de 180 professores das redes p\u00fablica e privada participaram do evento<\/p>\n","protected":false},"author":83,"featured_media":26126,"comment_status":"open","ping_status":"open","sticky":false,"template":"","format":"standard","meta":{"site-sidebar-layout":"default","site-content-layout":"default","ast-global-header-display":"","ast-banner-title-visibility":"","ast-main-header-display":"","ast-hfb-above-header-display":"","ast-hfb-below-header-display":"","ast-hfb-mobile-header-display":"","site-post-title":"","ast-breadcrumbs-content":"","ast-featured-img":"","footer-sml-layout":"","theme-transparent-header-meta":"","adv-header-id-meta":"","stick-header-meta":"","header-above-stick-meta":"","header-main-stick-meta":"","header-below-stick-meta":""},"categories":[769,790],"tags":[],"acf":[],"_links":{"self":[{"href":"https:\/\/www.cnbb.org.br\/cnbb-app\/wp\/v2\/posts\/26125"}],"collection":[{"href":"https:\/\/www.cnbb.org.br\/cnbb-app\/wp\/v2\/posts"}],"about":[{"href":"https:\/\/www.cnbb.org.br\/cnbb-app\/wp\/v2\/types\/post"}],"author":[{"embeddable":true,"href":"https:\/\/www.cnbb.org.br\/cnbb-app\/wp\/v2\/users\/83"}],"replies":[{"embeddable":true,"href":"https:\/\/www.cnbb.org.br\/cnbb-app\/wp\/v2\/comments?post=26125"}],"version-history":[{"count":0,"href":"https:\/\/www.cnbb.org.br\/cnbb-app\/wp\/v2\/posts\/26125\/revisions"}],"wp:featuredmedia":[{"embeddable":true,"href":"https:\/\/www.cnbb.org.br\/cnbb-app\/wp\/v2\/media\/26126"}],"wp:attachment":[{"href":"https:\/\/www.cnbb.org.br\/cnbb-app\/wp\/v2\/media?parent=26125"}],"wp:term":[{"taxonomy":"category","embeddable":true,"href":"https:\/\/www.cnbb.org.br\/cnbb-app\/wp\/v2\/categories?post=26125"},{"taxonomy":"post_tag","embeddable":true,"href":"https:\/\/www.cnbb.org.br\/cnbb-app\/wp\/v2\/tags?post=26125"}],"curies":[{"name":"wp","href":"https:\/\/api.w.org\/{rel}","templated":true}]}}