{"id":26138,"date":"2017-02-16T00:00:00","date_gmt":"2017-02-16T02:00:00","guid":{"rendered":"https:\/\/www.cnbb.org.br\/apos-reuniao-comire-apresenta-data-dos-proximos-congressos\/"},"modified":"2017-02-16T00:00:00","modified_gmt":"2017-02-16T02:00:00","slug":"apos-reuniao-comire-apresenta-data-dos-proximos-congressos","status":"publish","type":"post","link":"https:\/\/www.cnbb.org.br\/apos-reuniao-comire-apresenta-data-dos-proximos-congressos\/","title":{"rendered":"Comire Sul 3 apresenta data dos pr\u00f3ximos congressos"},"content":{"rendered":"<p style=\"text-align: justify\">Bispo de Os\u00f3rio (RS) participou do encontro<\/p>\n<p><!--more--><\/p>\n<p style=\"text-align: justify\">A coordena\u00e7\u00e3o do Conselho Mission\u00e1rio Regional (Comire) realizou reuni\u00e3o na \u00faltima segunda-feira, 13, em Nova Tramanda\u00ed (RS). A iniciativa contou com a presen\u00e7a do bispo de Os\u00f3rio (RS) e referencial da A\u00e7\u00e3o Mission\u00e1ria do regional Sul 3 da Confer\u00eancia Nacional dos Bispos do Brasil (CNBB), dom Jaime Pedro Kohl, e da equipe que \u00e9 composta pelos padres Adilson Zilio, Rodrigo Sch\u00fcler de Souza\u00a0e Camilo Pauletti, al\u00e9m das leigas Ant\u00f4nia Rezende, Daniela Gamarra, Sandra Zambon, Leonir Matos Carlos e Rita Merilim Costa Josefino.<\/p>\n<p style=\"text-align: justify\">Dentre os temas abordados, foi dado destaque ao planejamento dos Congressos Mission\u00e1rios Estadual, Nacional e Latino Americano. \u201cO 1\u00b0 Congresso Mission\u00e1rio Regional ser\u00e1 em Caxias do Sul (RS), entre os dias 28 a 30 de julho de 2017, com o tema \u2018A alegria do Evangelho para uma Igreja em sa\u00edda\u2019. Esta tem\u00e1tica est\u00e1 em conson\u00e2ncia com o 4\u00b0 Congresso Mission\u00e1rio Nacional, que acontecer\u00e1, em Recife (PE), de\u00a007 a 10 de setembro deste ano. Tamb\u00e9m com o Congresso Latino Americano, que ser\u00e1 na Bol\u00edvia, em julho de 2018\u201d, destacou dom Jaime.<\/p>\n<p style=\"text-align: justify\">Al\u00e9m dos Congressos, o 30\u00ba Curso de Missiologia do Cone Sul, trabalho que vem sendo realizado por uma equipe mission\u00e1ria em Mo\u00e7ambique, tamb\u00e9m ganhou destaque durante a reuni\u00e3o. Segundo padre Rodrigo, que participou do Curso de Missiologia do Cone Sul, na Argentina, a presen\u00e7a da equipe em Mo\u00e7ambique \u00e9 fruto da dedica\u00e7\u00e3o, empenho e colabora\u00e7\u00e3o n\u00e3o apenas dos mission\u00e1rios, mas da Igreja do Rio Grande do Sul. \u201c\u00c9 a vis\u00e3o de comunh\u00e3o da miss\u00e3o e precisamos entender que a miss\u00e3o \u00e9 da Igreja\u201d, destacou.<\/p>\n<p style=\"text-align: justify\">De acordo com dom Jaime, na pr\u00f3xima reuni\u00e3o do Comire,\u00a0que acontecer\u00e1 no dia 16 de mar\u00e7o,\u00a0na sede do regional em Porto Alegre (RS), ser\u00e1 estudada a tem\u00e1tica &#8220;A alegria do Evangelho para uma Igreja em sa\u00edda&#8221;. \u201cReceberemos os subs\u00eddios das Pontif\u00edcias Obras Mission\u00e1rias para que esta reflex\u00e3o seja feita nas bases at\u00e9 chegar a n\u00edvel nacional olhando para a Am\u00e9rica Latina\u201d, frisou.<\/p>\n<h4 style=\"font-size: 12.16px\">Com informa\u00e7\u00f5es e foto do regional Sul 3<\/h4>\n","protected":false},"excerpt":{"rendered":"<p>Bispo de Os\u00f3rio (RS) participou do encontro<\/p>\n","protected":false},"author":83,"featured_media":26139,"comment_status":"open","ping_status":"open","sticky":false,"template":"","format":"standard","meta":{"site-sidebar-layout":"default","site-content-layout":"default","ast-global-header-display":"","ast-banner-title-visibility":"","ast-main-header-display":"","ast-hfb-above-header-display":"","ast-hfb-below-header-display":"","ast-hfb-mobile-header-display":"","site-post-title":"","ast-breadcrumbs-content":"","ast-featured-img":"","footer-sml-layout":"","theme-transparent-header-meta":"","adv-header-id-meta":"","stick-header-meta":"","header-above-stick-meta":"","header-main-stick-meta":"","header-below-stick-meta":""},"categories":[769,790],"tags":[],"acf":[],"_links":{"self":[{"href":"https:\/\/www.cnbb.org.br\/cnbb-app\/wp\/v2\/posts\/26138"}],"collection":[{"href":"https:\/\/www.cnbb.org.br\/cnbb-app\/wp\/v2\/posts"}],"about":[{"href":"https:\/\/www.cnbb.org.br\/cnbb-app\/wp\/v2\/types\/post"}],"author":[{"embeddable":true,"href":"https:\/\/www.cnbb.org.br\/cnbb-app\/wp\/v2\/users\/83"}],"replies":[{"embeddable":true,"href":"https:\/\/www.cnbb.org.br\/cnbb-app\/wp\/v2\/comments?post=26138"}],"version-history":[{"count":0,"href":"https:\/\/www.cnbb.org.br\/cnbb-app\/wp\/v2\/posts\/26138\/revisions"}],"wp:featuredmedia":[{"embeddable":true,"href":"https:\/\/www.cnbb.org.br\/cnbb-app\/wp\/v2\/media\/26139"}],"wp:attachment":[{"href":"https:\/\/www.cnbb.org.br\/cnbb-app\/wp\/v2\/media?parent=26138"}],"wp:term":[{"taxonomy":"category","embeddable":true,"href":"https:\/\/www.cnbb.org.br\/cnbb-app\/wp\/v2\/categories?post=26138"},{"taxonomy":"post_tag","embeddable":true,"href":"https:\/\/www.cnbb.org.br\/cnbb-app\/wp\/v2\/tags?post=26138"}],"curies":[{"name":"wp","href":"https:\/\/api.w.org\/{rel}","templated":true}]}}