{"id":261456,"date":"2021-03-29T10:51:38","date_gmt":"2021-03-29T13:51:38","guid":{"rendered":"https:\/\/www.cnbb.org.br\/?p=261456"},"modified":"2021-03-29T10:56:59","modified_gmt":"2021-03-29T13:56:59","slug":"a-semana-santa-nas-plataformas-digitais","status":"publish","type":"post","link":"https:\/\/www.cnbb.org.br\/a-semana-santa-nas-plataformas-digitais\/","title":{"rendered":"A Semana Santa nas plataformas digitais"},"content":{"rendered":"<p style=\"text-align: right;\"><strong><em>Dom Edson Oriolo<br \/>\nBispo da Diocese de Leopoldina (MG)<\/em><\/strong><\/p>\n<p style=\"text-align: justify;\">A crise sanit\u00e1ria Covid-19 come\u00e7ou no Brasil em 26 de fevereiro de 2020, quando os jornalistas comentavam sobre o primeiro caso de coronav\u00edrus em S\u00e3o Paulo. O paciente era um homem de 61 anos que viajara \u00e0 It\u00e1lia e, ao retornar, deu entrada no Hospital Albert Einstein com os sintomas de Covid-19. Hoje, em n\u00edvel mundial, o Brasil \u00e9 o epicentro dessa crise com variantes, quantidade de infectados e um n\u00famero expressivo de mortes. Estamos sofrendo consequ\u00eancias dessa crise a mais de um ano e, pela segunda vez, atinge o per\u00edodo em que a Comunidade Eclesial faz mem\u00f3ria e vivencia as raz\u00f5es e os fundamentos de sua f\u00e9. Interferindo nas justas solenidades da semana maior.<\/p>\n<p style=\"text-align: justify;\">A semana santa \u00e9 um ciclo em que a Igreja nos prop\u00f5e para recordar os \u00faltimos momentos hist\u00f3ricos de Jesus de Nazar\u00e9. \u00c9 o per\u00edodo de encontro com Cristo ressuscitado atrav\u00e9s das celebra\u00e7\u00f5es lit\u00fargicas. Somos alimentados pela Palavra e fortificados pela gra\u00e7a da presen\u00e7a dos irm\u00e3os e renovados no sentido de comunidade. A celebra\u00e7\u00e3o do mist\u00e9rio pascal em sua globalidade, sem fragmenta\u00e7\u00f5es, \u00e9 um momento de reconcilia\u00e7\u00e3o com o Pai e, pela a\u00e7\u00e3o da Igreja, com os irm\u00e3os e consigo mesmo. \u00c9, portanto, um momento que nos permite uma assimila\u00e7\u00e3o mais radical do evangelho acompanhada da inser\u00e7\u00e3o na comunidade paroquial ou comunidade eclesial mission\u00e1ria. Isso nos estimula a um renovado e coerente testemunho de Cristo ressuscitado em n\u00f3s. Nesse sentido, apesar das restri\u00e7\u00f5es que a pandemia nos imp\u00f5e, fa\u00e7amos um tempo de recolhimento, interioriza\u00e7\u00e3o e abertura do cora\u00e7\u00e3o para Deus.<\/p>\n<p style=\"text-align: justify;\">Essas duas situa\u00e7\u00f5es t\u00e3o concretas em rela\u00e7\u00e3o a nossa f\u00e9: de um lado, a crise sanit\u00e1ria Covid 19 e, do outro, a dimens\u00e3o teol\u00f3gica da semana santa, chamam-nos para uma \u201c<em>transposi\u00e7\u00e3o pastoral\u201d. <\/em>Vivenciar a \u201cPalavra de Deus\u201d e o \u201cMist\u00e9rio Pascal\u201d atrav\u00e9s da banca digital devido ao isolamento social com seus protocolos sanit\u00e1rios e, em alguns casos, o <em>lockdown. <\/em>Nada de <em>show business<\/em>! A virtualiza\u00e7\u00e3o lit\u00fargica da Palavra de Deus e do Mist\u00e9rio Pascal \u00e9 um desafio pastoral!<\/p>\n<p style=\"text-align: justify;\">Tal desafio \u00e9 como se n\u00f3s, sacerdotes e paroquianos, estiv\u00e9ssemos velejando por mares tempestuosos com \u00e1guas agitadas em rela\u00e7\u00e3o \u00e0 vida paroquial e ao nosso ser comunidade eclesial-mission\u00e1ria. Pois, as circunst\u00e2ncias mostram-se dif\u00edceis de se ter um discernimento sereno. Muitos matraqueiam-se sobre os confusos protocolos da Uni\u00e3o, dos Estados e dos Mun\u00edcipios mais levados por saber quem tem o poder de fechar ou abrir os espa\u00e7os celebrativos. Outros, imbu\u00eddos talvez de boa vontade, atacam as autoridades competentes com discursos acusat\u00f3rios, tentam encontrar caminhos para levar o povo de Deus \u00e0 experi\u00eancia de Encontro com Cristo. Por\u00e9m, a crise, as dificuldades, as dores, os sofrimentos, embora continuem trazendo situa\u00e7\u00f5es terr\u00edveis em nossas vidas, constituem um chamado \u00e0 solidariedade. Se n\u00e3o podemos perder a esperan\u00e7a em dias melhores, Jesus nos ensina a dizer: \u201cvinde a mim, todos os que estais cansados e oprimidos, e eu vos aliviarei\u201d (Mt 11,28).<\/p>\n<p style=\"text-align: justify;\">No entanto, nessa crise sanit\u00e1ria Covid 19, somos chamados a virtualiza\u00e7\u00e3o lit\u00fargica da Palavra de Deus e do Mist\u00e9rio Pascal. Temos que nos preocupar com o rito da Celebra\u00e7\u00e3o Eucar\u00edstica: Liturgia da Palavra e a Liturgia Eucar\u00edstica que ser\u00e3o os eixos das nossas liturgias.<\/p>\n<p style=\"text-align: justify;\">Na Liturgia da Palavra temos que valorizar o an\u00fancio do mist\u00e9rio da Cruz onde contemplamos o Crucificado. A homilia, portanto, tem que focar esse mist\u00e9rio querigm\u00e1tico: Anunciamos o Cristo crucificado, para poder dar destaque ao fato de que Cristo Ressuscitado venceu a morte e todos os supl\u00edcios que levam a morte.<\/p>\n<p style=\"text-align: justify;\">\u00c9 deste modo que saberemos ajudar os fi\u00e9is a aplicar a palavra encarnada de Deus em sua vida. Na virtualidade do meio, a homilia deve ser clara e objetivamente catequ\u00e9tica, respeitando o tempo e o espa\u00e7o virtual.<\/p>\n<p style=\"text-align: justify;\">Outro aspecto do desafio \u00e9 o momento eucar\u00edstico. Na <em>Sacramentum Caritatis, <\/em>o papa mostra que, em toda a estrutura da celebra\u00e7\u00e3o da Santa Missa, \u00e9 a ora\u00e7\u00e3o eucar\u00edstica que cabe o papel central e o mais elevado. Ela \u00e9 o ve\u00edculo pelo qual o memorial eucar\u00edstico \u00e9 atualizado, sendo, portanto, \u201co ponto central e culminante de toda celebra\u00e7\u00e3o\u201d (48). Na celebra\u00e7\u00e3o eucar\u00edstica transmitem-se o corpo e sangue de Cristo e que, mesmo virtualmente, comungamos espiritualmente para dar gra\u00e7as \u00e0 bondade e \u00e0 miseric\u00f3rdia divinas, aclamando a Trindade pelos benef\u00edcios dos dons da Cria\u00e7\u00e3o, pelo caminho de obedi\u00eancia ao Pai mostrado pelo Filho Jesus e que pela \u201cdoxologia final\u201d lembra a presen\u00e7a atuante dos dons do Espirito Santo cuja frutifica\u00e7\u00e3o \u00e9 parte integrante da miss\u00e3o de todo fiel.<\/p>\n<p style=\"text-align: justify;\">S\u00e3o Jo\u00e3o Paulo II, na enc\u00edclica <em>Ecclesia de Eucharistia, <\/em>fez quest\u00e3o de recordar que a celebra\u00e7\u00e3o eucar\u00edstica nunca \u00e9 propriedade do sacerdote ou da comunidade, lembrando ainda o grande sofrimento causado aos fi\u00e9is por abusos introduzidos na celebra\u00e7\u00e3o da missa. A observ\u00e2ncia das normas lit\u00fargicas \u00e9 uma express\u00e3o fundamental do amor a Cristo e a Igreja.<\/p>\n<p style=\"text-align: justify;\">O papa Em\u00e9rito Bento XVI incentiva os fi\u00e9is que se encontram numa situa\u00e7\u00e3o em que n\u00e3o podem receber a santa comunh\u00e3o a cultivar \u201co desejo da plena comunh\u00e3o com Cristo, por exemplo, atrav\u00e9s da pr\u00e1tica da comunh\u00e3o espiritual, recordada por S\u00e3o Jo\u00e3o Paulo II e recomentada por santos mestres da vida espiritual (<em>Sacramentum Caritatis,55).<\/em><\/p>\n<p style=\"text-align: justify;\">S\u00e3o Jo\u00e3o Paulo II fala franca e abertamente de abusos traduzidos na celebra\u00e7\u00e3o da Sagrada Eucaristia por \u201cum amb\u00edguo sentido de criatividade e adapta\u00e7\u00e3o\u201d (EdE, 52). E acrescenta: \u201ca ningu\u00e9m \u00e9 permitido aviltar o mist\u00e9rio confiado \u00e0s nossas m\u00e3os: \u00e9 demasiado grande para que algu\u00e9m possa permitir-se trat\u00e1-lo segundo o pr\u00f3prio livre arb\u00edtrio, n\u00e3o respeitando o seu car\u00e1ter sagrado nem a sua dimens\u00e3o universal\u201d (EdE, 52).<\/p>\n<p style=\"text-align: justify;\">Finalmente, nessa \u201cvirtualiza\u00e7\u00e3o lit\u00fargica\u201d e \u201ctransposi\u00e7\u00e3o pastoral\u201d (do real para virtual), vamos levar as pessoas a rezarem e fazer a experi\u00eancia crist\u00e3 de Deus; ter um cora\u00e7\u00e3o aberto \u00e0s realidades virtuais e crescer na m\u00edstica, pois \u00e9 por meio das crises que se abrem portas, de uma hora para outra, para crescermos na riqueza da Palavra de Deus e do Mist\u00e9rio Pascal.<\/p>\n<p style=\"text-align: justify;\"><strong>Refer\u00eancias Bibliogr\u00e1ficas:<\/strong><\/p>\n<p style=\"text-align: justify;\"><strong>&#8211; \u00a0<\/strong><em>Enc\u00edclica <strong>Ecclesia de Eucharistia<\/strong> promulgada no dia 17 de abril de 2003 pelo Papa S\u00e3o Jo\u00e3o Paulo II-<br \/>\n<\/em><em>&#8211; \u00a0Exorta\u00e7\u00e3o Apost\u00f3lica P\u00f3s-Sinodal <strong>Sacramentum Caritatis<\/strong> publicada em 22 de fevereiro de 2007 pelo Papa Bento XVI<br \/>\n<\/em><em>&#8211; <strong>A\u00e7\u00e3o Pastoral na din\u00e2mica do Novo Normal<\/strong> \u2013 Edi\u00e7\u00f5es CNBB<\/em><\/p>\n","protected":false},"excerpt":{"rendered":"<p>Dom Edson Oriolo Bispo da Diocese de Leopoldina (MG) A crise sanit\u00e1ria Covid-19 come\u00e7ou no Brasil em 26 de fevereiro de 2020, quando os jornalistas comentavam sobre o primeiro caso de coronav\u00edrus em S\u00e3o Paulo. O paciente era um homem de 61 anos que viajara \u00e0 It\u00e1lia e, ao retornar, deu entrada no Hospital Albert &hellip;<\/p>\n<p class=\"read-more\"> <a class=\"\" href=\"https:\/\/www.cnbb.org.br\/a-semana-santa-nas-plataformas-digitais\/\"> <span class=\"screen-reader-text\">A Semana Santa nas plataformas digitais<\/span> Leia mais &raquo;<\/a><\/p>\n","protected":false},"author":94,"featured_media":0,"comment_status":"open","ping_status":"open","sticky":false,"template":"","format":"standard","meta":{"site-sidebar-layout":"default","site-content-layout":"default","ast-global-header-display":"","ast-banner-title-visibility":"","ast-main-header-display":"","ast-hfb-above-header-display":"","ast-hfb-below-header-display":"","ast-hfb-mobile-header-display":"","site-post-title":"","ast-breadcrumbs-content":"","ast-featured-img":"","footer-sml-layout":"","theme-transparent-header-meta":"default","adv-header-id-meta":"","stick-header-meta":"","header-above-stick-meta":"","header-main-stick-meta":"","header-below-stick-meta":""},"categories":[758],"tags":[],"acf":[],"_links":{"self":[{"href":"https:\/\/www.cnbb.org.br\/cnbb-app\/wp\/v2\/posts\/261456"}],"collection":[{"href":"https:\/\/www.cnbb.org.br\/cnbb-app\/wp\/v2\/posts"}],"about":[{"href":"https:\/\/www.cnbb.org.br\/cnbb-app\/wp\/v2\/types\/post"}],"author":[{"embeddable":true,"href":"https:\/\/www.cnbb.org.br\/cnbb-app\/wp\/v2\/users\/94"}],"replies":[{"embeddable":true,"href":"https:\/\/www.cnbb.org.br\/cnbb-app\/wp\/v2\/comments?post=261456"}],"version-history":[{"count":0,"href":"https:\/\/www.cnbb.org.br\/cnbb-app\/wp\/v2\/posts\/261456\/revisions"}],"wp:attachment":[{"href":"https:\/\/www.cnbb.org.br\/cnbb-app\/wp\/v2\/media?parent=261456"}],"wp:term":[{"taxonomy":"category","embeddable":true,"href":"https:\/\/www.cnbb.org.br\/cnbb-app\/wp\/v2\/categories?post=261456"},{"taxonomy":"post_tag","embeddable":true,"href":"https:\/\/www.cnbb.org.br\/cnbb-app\/wp\/v2\/tags?post=261456"}],"curies":[{"name":"wp","href":"https:\/\/api.w.org\/{rel}","templated":true}]}}