{"id":261464,"date":"2021-03-29T10:56:55","date_gmt":"2021-03-29T13:56:55","guid":{"rendered":"https:\/\/www.cnbb.org.br\/?p=261464"},"modified":"2021-03-29T10:57:35","modified_gmt":"2021-03-29T13:57:35","slug":"semana-santa-em-familia","status":"publish","type":"post","link":"https:\/\/www.cnbb.org.br\/semana-santa-em-familia\/","title":{"rendered":"Semana Santa em fam\u00edlia"},"content":{"rendered":"<p style=\"text-align: right;\"><strong>Dom Jo\u00e3o Justino de Medeiros Silva<\/strong><br \/>\n<strong>Arcebispo de Montes Claros (MG)<\/strong><\/p>\n<p style=\"text-align: justify;\"><strong>\u00a0<\/strong><\/p>\n<p style=\"text-align: justify;\">As \u00faltimas semanas t\u00eam sido de muita apreens\u00e3o para a maioria das fam\u00edlias brasileiras. Em nosso pa\u00eds, as v\u00edtimas fatais da pandemia da COVID-19 chegaram \u00e0 casa dos 300 mil. Diversos Estados, na tentativa de conter a dissemina\u00e7\u00e3o do v\u00edrus, tiveram de decretar toque de recolher e antecipar feriados. Em todo o Estado de Minas Gerais h\u00e1 proibi\u00e7\u00e3o do exerc\u00edcio de atividades consideradas n\u00e3o essenciais e restri\u00e7\u00f5es quanto \u00e0 circula\u00e7\u00e3o de pessoas. Observam-se protestos de alguns grupos, ades\u00e3o de tantos outros. Para al\u00e9m das medidas acima mencionadas, o imprescind\u00edvel processo de vacina\u00e7\u00e3o avan\u00e7a, mas de maneira muito lenta. Se n\u00e3o bastasse, carecemos de uma coordena\u00e7\u00e3o nacional, sintonizada com os estudos cient\u00edficos, articulada entre os entes da federa\u00e7\u00e3o, os poderes da Rep\u00fablica, as institui\u00e7\u00f5es sociais, as Igrejas e a imprensa.<\/p>\n<p style=\"text-align: justify;\">As Igrejas aderiram \u00e0 decis\u00e3o de n\u00e3o realizar cultos abertos aos fi\u00e9is. As celebra\u00e7\u00f5es ocorrem com grupos muito reduzidos de pessoas e s\u00e3o transmitidas pelas redes sociais. Num momento t\u00e3o dif\u00edcil como esse, o entendimento prevalente \u00e9 de que \u00e9 importante colaborar para evitar qualquer possibilidade de cont\u00e1gio, n\u00e3o obstante os muitos cuidados que s\u00e3o tomados. Dessa forma, estimulamos os fi\u00e9is que permane\u00e7am em casa e acompanhem as celebra\u00e7\u00f5es pelos meios de comunica\u00e7\u00e3o. Mesmo sabendo que todos n\u00f3s preferimos e desejamos as celebra\u00e7\u00f5es presenciais, o tempo pede a prud\u00eancia, o zelo e o sacrif\u00edcio de abster-se, temporariamente, da presen\u00e7a nas igrejas.<\/p>\n<p style=\"text-align: justify;\">Isso nos remete ao cl\u00e1ssico ensinamento da import\u00e2ncia da \u201cigreja dom\u00e9stica\u201d, lugar por excel\u00eancia para que os adultos na f\u00e9 presidam os momentos de ora\u00e7\u00e3o, de escuta da Palavra de Deus e de catequese. A Semana Santa em fam\u00edlia pode ser uma experi\u00eancia de grande valor para as fam\u00edlias que se organizarem para celebrar os mist\u00e9rios da paix\u00e3o, morte e ressurrei\u00e7\u00e3o de Nosso Senhor Jesus Cristo no recolhimento de suas casas, em especial, ao redor da mesa da refei\u00e7\u00e3o. Portanto, al\u00e9m de acompanhar as celebra\u00e7\u00f5es pelas redes sociais, esforcem-se para se reunirem e celebrarem como fam\u00edlia.<\/p>\n<p style=\"text-align: justify;\">Valorizemos os elementos vis\u00edveis que nos ajudam a celebrar. No Domingo de Ramos, pendure um ramo verde \u00e0 porta ou janela de sua casa, para lembrar seu acolhimento a Jesus, Filho de Davi. Na Quinta-feira Santa, deixe junto \u00e0 porta de entrada bacia, jarro com \u00e1gua e toalha, lembran\u00e7a imediata do Mestre e Senhor que lavou os p\u00e9s de seus disc\u00edpulos. Na Sexta-feira da Paix\u00e3o, na janela ou sacada, um tecido vermelho, sinal do sangue do Cordeiro que nos salvou.\u00a0 No S\u00e1bado \u00e0 noite e no Domingo de P\u00e1scoa, tecidos brancos, flores e velas acesas para sinalizar nossa f\u00e9 no Ressuscitado. Nesses dias, ofere\u00e7a para os vizinhos mais pr\u00f3ximos um s\u00edmbolo pascal: velas, flores, p\u00e3es, uvas, sementes&#8230; E prepare uma oferta generosa de alimentos n\u00e3o perec\u00edveis para os pobres. S\u00e3o muitas as fam\u00edlias que est\u00e3o passando necessidades e at\u00e9 mesmo fome.<\/p>\n<p style=\"text-align: justify;\">Ao celebrar a Semana Santa em fam\u00edlia, lembremo-nos daqueles que nem isso podem fazer, pois est\u00e3o nos trabalhos dos hospitais, das ambul\u00e2ncias, dos servi\u00e7os essenciais e outros. Dirijamos, tamb\u00e9m, uma prece em favor de cada fam\u00edlia que sente a falta de um ou mais membros \u00e0 mesa, v\u00edtimas do novo coronav\u00edrus. A hora \u00e9 de solidariedade com todos.<\/p>\n<p>&nbsp;<\/p>\n","protected":false},"excerpt":{"rendered":"<p>Dom Jo\u00e3o Justino de Medeiros Silva Arcebispo de Montes Claros (MG) \u00a0 As \u00faltimas semanas t\u00eam sido de muita apreens\u00e3o para a maioria das fam\u00edlias brasileiras. Em nosso pa\u00eds, as v\u00edtimas fatais da pandemia da COVID-19 chegaram \u00e0 casa dos 300 mil. Diversos Estados, na tentativa de conter a dissemina\u00e7\u00e3o do v\u00edrus, tiveram de decretar &hellip;<\/p>\n<p class=\"read-more\"> <a class=\"\" href=\"https:\/\/www.cnbb.org.br\/semana-santa-em-familia\/\"> <span class=\"screen-reader-text\">Semana Santa em fam\u00edlia<\/span> Leia mais &raquo;<\/a><\/p>\n","protected":false},"author":64,"featured_media":0,"comment_status":"open","ping_status":"open","sticky":false,"template":"","format":"standard","meta":{"site-sidebar-layout":"default","site-content-layout":"default","ast-global-header-display":"","ast-banner-title-visibility":"","ast-main-header-display":"","ast-hfb-above-header-display":"","ast-hfb-below-header-display":"","ast-hfb-mobile-header-display":"","site-post-title":"","ast-breadcrumbs-content":"","ast-featured-img":"","footer-sml-layout":"","theme-transparent-header-meta":"default","adv-header-id-meta":"","stick-header-meta":"","header-above-stick-meta":"","header-main-stick-meta":"","header-below-stick-meta":""},"categories":[758],"tags":[],"acf":[],"_links":{"self":[{"href":"https:\/\/www.cnbb.org.br\/cnbb-app\/wp\/v2\/posts\/261464"}],"collection":[{"href":"https:\/\/www.cnbb.org.br\/cnbb-app\/wp\/v2\/posts"}],"about":[{"href":"https:\/\/www.cnbb.org.br\/cnbb-app\/wp\/v2\/types\/post"}],"author":[{"embeddable":true,"href":"https:\/\/www.cnbb.org.br\/cnbb-app\/wp\/v2\/users\/64"}],"replies":[{"embeddable":true,"href":"https:\/\/www.cnbb.org.br\/cnbb-app\/wp\/v2\/comments?post=261464"}],"version-history":[{"count":0,"href":"https:\/\/www.cnbb.org.br\/cnbb-app\/wp\/v2\/posts\/261464\/revisions"}],"wp:attachment":[{"href":"https:\/\/www.cnbb.org.br\/cnbb-app\/wp\/v2\/media?parent=261464"}],"wp:term":[{"taxonomy":"category","embeddable":true,"href":"https:\/\/www.cnbb.org.br\/cnbb-app\/wp\/v2\/categories?post=261464"},{"taxonomy":"post_tag","embeddable":true,"href":"https:\/\/www.cnbb.org.br\/cnbb-app\/wp\/v2\/tags?post=261464"}],"curies":[{"name":"wp","href":"https:\/\/api.w.org\/{rel}","templated":true}]}}