{"id":261518,"date":"2021-03-29T16:19:47","date_gmt":"2021-03-29T19:19:47","guid":{"rendered":"https:\/\/www.cnbb.org.br\/?p=261518"},"modified":"2021-03-29T16:19:47","modified_gmt":"2021-03-29T19:19:47","slug":"itinerario-para-recem-casados-e-lancado-pela-pastoral-familiar","status":"publish","type":"post","link":"https:\/\/www.cnbb.org.br\/itinerario-para-recem-casados-e-lancado-pela-pastoral-familiar\/","title":{"rendered":"Itiner\u00e1rio para rec\u00e9m-casados \u00e9 lan\u00e7ado pela Pastoral Familiar"},"content":{"rendered":"<p><img decoding=\"async\" loading=\"lazy\" class=\"alignleft\" src=\"http:\/\/vidaefamilia.org.br\/wp-content\/uploads\/2021\/03\/intinerario_recem_casados_.jpg\" alt=\"Itiner\u00e1rio para rec\u00e9m-casados\" width=\"249\" height=\"371\" \/>A Comiss\u00e3o Nacional da Pastoral Familiar lan\u00e7ou o \u201cItiner\u00e1rio para rec\u00e9m-casados\u201d, que tem o objetivo de apoiar os agentes do setor P\u00f3s-Matrimonial espalhados por todo o pa\u00eds no acompanhamento dos casais que contra\u00edram o sacramento do matrim\u00f4nio h\u00e1 pouco tempo. O casal coordenador nacional da Pastoral Familiar, Luiz e Kh\u00e1tia Stolf, participou de uma live, nesta ter\u00e7a-feira (23), na qual comentaram sobre a import\u00e2ncia do material. Outras duas lives, nos dias 29 de mar\u00e7o e em 5 de abril, est\u00e3o programadas para aprofundar a discuss\u00e3o sobre o tema.<\/p>\n<p>\u201c\u00c9 uma alegria muito grande. Como Pastoral Familiar somos convidados a dar uma resposta \u00e0 demanda que recebemos das fam\u00edlias. Nos possibilita ter um material que nos apoia neste servi\u00e7o t\u00e3o importante dentro da Igreja\u201d, disse Luiz Stolf. \u201c\u00c9 uma resposta tamb\u00e9m \u00e0quilo que o Papa Francisco nos pede na Exorta\u00e7\u00e3o Apost\u00f3lica Amoris Laetitia\u201d, completou.<\/p>\n<p><a href=\"http:\/\/vidaefamilia.org.br\/itinerario-para-recem-casados-e-lancado-pela-pastoral-familiar\/\" target=\"_blank\" rel=\"noopener\">Leia na \u00edntegra.<\/a><\/p>\n<p>Confira como foi a primeira live:<\/p>\n<p>&nbsp;<\/p>\n<div class=\"ast-oembed-container\" style=\"height: 100%;\">\n<div style=\"max-width: 1333px;\">\n<div style=\"left: 0; width: 100%; height: 0; position: relative; padding-bottom: 56.25%;\"><iframe title=\"Itiner\u00e1rio para rec\u00e9m-casados - Conhe\u00e7a, entenda e aplique! Live 01 de 03\" src=\"https:\/\/www.youtube.com\/embed\/4QjEMal0Xpg?rel=0\" style=\"border: 0; top: 0; left: 0; width: 100%; height: 100%; position: absolute;\" allowfullscreen scrolling=\"no\" allow=\"encrypted-media; accelerometer; clipboard-write; gyroscope; picture-in-picture\"><\/iframe><\/div>\n<\/div>\n<\/div>\n","protected":false},"excerpt":{"rendered":"<p>A Comiss\u00e3o Nacional da Pastoral Familiar lan\u00e7ou o \u201cItiner\u00e1rio para rec\u00e9m-casados\u201d, que tem o objetivo de apoiar os agentes do setor P\u00f3s-Matrimonial espalhados por todo o pa\u00eds no acompanhamento dos casais que contra\u00edram o sacramento do matrim\u00f4nio h\u00e1 pouco tempo. O casal coordenador nacional da Pastoral Familiar, Luiz e Kh\u00e1tia Stolf, participou de uma live, &hellip;<\/p>\n<p class=\"read-more\"> <a class=\"\" href=\"https:\/\/www.cnbb.org.br\/itinerario-para-recem-casados-e-lancado-pela-pastoral-familiar\/\"> <span class=\"screen-reader-text\">Itiner\u00e1rio para rec\u00e9m-casados \u00e9 lan\u00e7ado pela Pastoral Familiar<\/span> Leia mais &raquo;<\/a><\/p>\n","protected":false},"author":83,"featured_media":261519,"comment_status":"open","ping_status":"open","sticky":false,"template":"","format":"standard","meta":{"site-sidebar-layout":"default","site-content-layout":"default","ast-global-header-display":"","ast-banner-title-visibility":"","ast-main-header-display":"","ast-hfb-above-header-display":"","ast-hfb-below-header-display":"","ast-hfb-mobile-header-display":"","site-post-title":"","ast-breadcrumbs-content":"","ast-featured-img":"","footer-sml-layout":"","theme-transparent-header-meta":"default","adv-header-id-meta":"","stick-header-meta":"","header-above-stick-meta":"","header-main-stick-meta":"","header-below-stick-meta":""},"categories":[806],"tags":[3472,3138],"acf":[],"_links":{"self":[{"href":"https:\/\/www.cnbb.org.br\/cnbb-app\/wp\/v2\/posts\/261518"}],"collection":[{"href":"https:\/\/www.cnbb.org.br\/cnbb-app\/wp\/v2\/posts"}],"about":[{"href":"https:\/\/www.cnbb.org.br\/cnbb-app\/wp\/v2\/types\/post"}],"author":[{"embeddable":true,"href":"https:\/\/www.cnbb.org.br\/cnbb-app\/wp\/v2\/users\/83"}],"replies":[{"embeddable":true,"href":"https:\/\/www.cnbb.org.br\/cnbb-app\/wp\/v2\/comments?post=261518"}],"version-history":[{"count":0,"href":"https:\/\/www.cnbb.org.br\/cnbb-app\/wp\/v2\/posts\/261518\/revisions"}],"wp:featuredmedia":[{"embeddable":true,"href":"https:\/\/www.cnbb.org.br\/cnbb-app\/wp\/v2\/media\/261519"}],"wp:attachment":[{"href":"https:\/\/www.cnbb.org.br\/cnbb-app\/wp\/v2\/media?parent=261518"}],"wp:term":[{"taxonomy":"category","embeddable":true,"href":"https:\/\/www.cnbb.org.br\/cnbb-app\/wp\/v2\/categories?post=261518"},{"taxonomy":"post_tag","embeddable":true,"href":"https:\/\/www.cnbb.org.br\/cnbb-app\/wp\/v2\/tags?post=261518"}],"curies":[{"name":"wp","href":"https:\/\/api.w.org\/{rel}","templated":true}]}}